{"id":111,"date":"2021-02-16T12:22:41","date_gmt":"2021-02-16T12:22:41","guid":{"rendered":"http:\/\/paraestudar.online\/?p=111"},"modified":"2021-12-02T07:31:27","modified_gmt":"2021-12-02T07:31:27","slug":"iam-e-ipeme-memorando","status":"publish","type":"post","link":"https:\/\/iam.gov.mz\/index.php\/2021\/02\/16\/iam-e-ipeme-memorando\/","title":{"rendered":"O INSTITUTO DE AM\u00caNDOAS DE MO\u00c7AMBIQUE E IPEME FIRMAM ACORDO"},"content":{"rendered":"\n<figure class=\"wp-block-image size-full\"><img fetchpriority=\"high\" decoding=\"async\" width=\"660\" height=\"372\" src=\"http:\/\/iam.gov.mz\/wp-content\/uploads\/2021\/02\/Amendoas-VS-IPEME-660x372-1-1.jpg\" alt=\"\" class=\"wp-image-527\" srcset=\"https:\/\/iam.gov.mz\/wp-content\/uploads\/2021\/02\/Amendoas-VS-IPEME-660x372-1-1.jpg 660w, https:\/\/iam.gov.mz\/wp-content\/uploads\/2021\/02\/Amendoas-VS-IPEME-660x372-1-1-300x169.jpg 300w\" sizes=\"(max-width: 660px) 100vw, 660px\" \/><\/figure>\n\n\n\n<p><strong>O Instituto de Am\u00eandoas de Mo\u00e7ambique IP (IAM), e o Instituto para promo\u00e7\u00e3o de Pequenas e M\u00e9dias Empresas (IPEME) assinaram no passado dia 28 de Dezembro um acordo que visa refor\u00e7ar a capacidade para a cria\u00e7\u00e3o, fortalecimento e desenvolvimento das Pequenas e M\u00e9dias Empresas na cadeia de valor de caju e outras am\u00eandoas atrav\u00e9s de ac\u00e7\u00f5es de forma\u00e7\u00e3o e facilita\u00e7\u00e3o do seu acesso ao mercado e financiamento.<\/strong><\/p>\n\n\n\n<p>A coopera\u00e7\u00e3o entre as duas institui\u00e7\u00f5es concentra-se na assist\u00eancia e forma\u00e7\u00e3o das Pequenas e M\u00e9dias Empresas para o seu desenvolvimento na cadeia de produ\u00e7\u00e3o das am\u00eandoas, e na promo\u00e7\u00e3o do sector privado dentro da mesma cadeia.<\/p>\n\n\n\n<p>Na ocasi\u00e3o, a Directora Geral do Instituto para a Promo\u00e7\u00e3o das Pequenas e M\u00e9dias Empresas disse que \u201ccom a assinatura deste memorando, as duas fam\u00edlias se juntam, a fam\u00edlia Instituto para a Promo\u00e7\u00e3o de Pequenas e Medias e Empresas e a do Instituto de Am\u00eandoa de Mo\u00e7ambique, em prol de um objectivo comum que \u00e9 o de alavancar cada vez mais a cadeia de valor de am\u00eandoas. Avan\u00e7ou ainda que para a sua consolida\u00e7\u00e3o e crescimento n\u00e3o basta apenas \u00e0 vontade ou inten\u00e7\u00e3o, temos \u00e9 que trabalhar para atingir o nosso objectivo\u201d.<\/p>\n\n\n\n<p>Por sua vez, o Director Geral do Instituto de Am\u00eandoas frisou que \u201ceste memorando traz consigo um desafio novo que \u00e9 a integra\u00e7\u00e3o do sector familiar na produ\u00e7\u00e3o da cultura de macad\u00e2mia visto que at\u00e9 ao momento apenas as grandes empresas \u00e9 que est\u00e3o envolvidas nesse processo. Segundo orienta\u00e7\u00e3o do Governo, emanada por Sua excel\u00eancia Ministro da Agricultura e Desenvolvimento Rural, o nosso sector deve encontrar formas do sector familiar fazer parte da produ\u00e7\u00e3o e comercializa\u00e7\u00e3o da macad\u00e2mia\u201d.<\/p>\n\n\n\n<p>O memorando teve como assinantes o Director Geral do Instituto de Am\u00eandoas, Il\u00eddio Bande, e a Directora Geral do Instituto para a Promo\u00e7\u00e3o das Pequenas e M\u00e9dias Empresas, Joaquina Gumeta.<\/p>\n","protected":false},"excerpt":{"rendered":"<p>O Instituto de Am\u00eandoas de Mo\u00e7ambique IP (IAM), e o Instituto para promo\u00e7\u00e3o de Pequenas e M\u00e9dias Empresas (IPEME) assinaram no passado dia 28 de Dezembro um acordo que visa refor\u00e7ar a capacidade para a cria\u00e7\u00e3o, fortalecimento e desenvolvimento das Pequenas e M\u00e9dias Empresas na cadeia de valor de caju e outras am\u00eandoas atrav\u00e9s de ac\u00e7\u00f5es de forma\u00e7\u00e3o e facilita\u00e7\u00e3o do seu acesso ao mercado e financiamento. A coopera\u00e7\u00e3o entre as duas institui\u00e7\u00f5es concentra-se na assist\u00eancia e forma\u00e7\u00e3o das Pequenas e M\u00e9dias Empresas para o seu desenvolvimento na cadeia de produ\u00e7\u00e3o das am\u00eandoas, e na promo\u00e7\u00e3o do sector privado dentro [&hellip;]<\/p>\n","protected":false},"author":1,"featured_media":113,"comment_status":"closed","ping_status":"closed","sticky":false,"template":"","format":"standard","meta":{"_price":"","_stock":"","_tribe_ticket_header":"","_tribe_default_ticket_provider":"","_tribe_ticket_capacity":"0","_ticket_start_date":"","_ticket_end_date":"","_tribe_ticket_show_description":"","_tribe_ticket_show_not_going":false,"_tribe_ticket_use_global_stock":"","_tribe_ticket_global_stock_level":"","_global_stock_mode":"","_global_stock_cap":"","_tribe_rsvp_for_event":"","_tribe_ticket_going_count":"","_tribe_ticket_not_going_count":"","_tribe_tickets_list":"[]","_tribe_ticket_has_attendee_info_fields":false,"footnotes":""},"categories":[1],"tags":[],"class_list":["post-111","post","type-post","status-publish","format-standard","has-post-thumbnail","hentry","category-noticias"],"_links":{"self":[{"href":"https:\/\/iam.gov.mz\/index.php\/wp-json\/wp\/v2\/posts\/111","targetHints":{"allow":["GET"]}}],"collection":[{"href":"https:\/\/iam.gov.mz\/index.php\/wp-json\/wp\/v2\/posts"}],"about":[{"href":"https:\/\/iam.gov.mz\/index.php\/wp-json\/wp\/v2\/types\/post"}],"author":[{"embeddable":true,"href":"https:\/\/iam.gov.mz\/index.php\/wp-json\/wp\/v2\/users\/1"}],"replies":[{"embeddable":true,"href":"https:\/\/iam.gov.mz\/index.php\/wp-json\/wp\/v2\/comments?post=111"}],"version-history":[{"count":0,"href":"https:\/\/iam.gov.mz\/index.php\/wp-json\/wp\/v2\/posts\/111\/revisions"}],"wp:featuredmedia":[{"embeddable":true,"href":"https:\/\/iam.gov.mz\/index.php\/wp-json\/wp\/v2\/media\/113"}],"wp:attachment":[{"href":"https:\/\/iam.gov.mz\/index.php\/wp-json\/wp\/v2\/media?parent=111"}],"wp:term":[{"taxonomy":"category","embeddable":true,"href":"https:\/\/iam.gov.mz\/index.php\/wp-json\/wp\/v2\/categories?post=111"},{"taxonomy":"post_tag","embeddable":true,"href":"https:\/\/iam.gov.mz\/index.php\/wp-json\/wp\/v2\/tags?post=111"}],"curies":[{"name":"wp","href":"https:\/\/api.w.org\/{rel}","templated":true}]}}