{"id":1177,"date":"2022-09-15T09:55:58","date_gmt":"2022-09-15T09:55:58","guid":{"rendered":"http:\/\/iam.gov.mz\/?p=1177"},"modified":"2022-09-30T08:05:04","modified_gmt":"2022-09-30T08:05:04","slug":"iam-participa-da-16a-conferencia-anual-da-aca-em-abuja","status":"publish","type":"post","link":"https:\/\/iam.gov.mz\/index.php\/2022\/09\/15\/iam-participa-da-16a-conferencia-anual-da-aca-em-abuja\/","title":{"rendered":"IAM participa da 16\u00aa Conferencia Anual da ACA em Abuja"},"content":{"rendered":"\n<figure class=\"wp-block-image size-large\"><img fetchpriority=\"high\" decoding=\"async\" width=\"1024\" height=\"768\" src=\"http:\/\/iam.gov.mz\/wp-content\/uploads\/2022\/09\/WhatsApp-Image-2022-09-23-at-13.27.00-1024x768.jpeg\" alt=\"\" class=\"wp-image-1178\" srcset=\"https:\/\/iam.gov.mz\/wp-content\/uploads\/2022\/09\/WhatsApp-Image-2022-09-23-at-13.27.00-1024x768.jpeg 1024w, https:\/\/iam.gov.mz\/wp-content\/uploads\/2022\/09\/WhatsApp-Image-2022-09-23-at-13.27.00-300x225.jpeg 300w, https:\/\/iam.gov.mz\/wp-content\/uploads\/2022\/09\/WhatsApp-Image-2022-09-23-at-13.27.00-768x576.jpeg 768w, https:\/\/iam.gov.mz\/wp-content\/uploads\/2022\/09\/WhatsApp-Image-2022-09-23-at-13.27.00-1536x1152.jpeg 1536w, https:\/\/iam.gov.mz\/wp-content\/uploads\/2022\/09\/WhatsApp-Image-2022-09-23-at-13.27.00.jpeg 1600w\" sizes=\"(max-width: 1024px) 100vw, 1024px\" \/><\/figure>\n\n\n\n<p>A delega\u00e7\u00e3o do Instituto de Am\u00eandoas de Mo\u00e7ambique, chefiada pelo director Geral, Il\u00eddio Bande, participou no dia 12 a 15 de Setembro em Abuja, Nig\u00e9ria da 16\u00aa confer\u00eancia anual da ACA.<\/p>\n\n\n\n<p>A agenda da reuni\u00e3o abarcou assuntos ligados a pol\u00edticas de comercio intercontinental da castanha entre \u00c1frica e o mundo, discutiu tamb\u00e9m de forma comparativa abordagens de interven\u00e7\u00e3o que ajudam a alavancar a economia do produtor rural da castanha de caju.<\/p>\n\n\n\n<p>Igualmente foram discutidas as limitantes tecnol\u00f3gicas do processo de produ\u00e7\u00e3o em \u00c1frica e a necessidade de mobilizar capitais para investiga\u00e7\u00e3o sobre aspectos que transcendem as preocupa\u00e7\u00f5es especificas de cada um dos pa\u00edses individualmente.<\/p>\n\n\n\n<p>No que diz respeito \u00e0s pol\u00edticas internacionais do neg\u00f3cio da castanha de caju, ficou vincado que a venda da castanha em bruto para ser processada na \u00c1sia e ser consumida na Europa e na Am\u00e9rica n\u00e3o s\u00f3 implica custos adicionais como prejudica a empregabilidade na \u00c1frica e eleva os custos ao consumidor<\/p>\n\n\n\n<p>A participa\u00e7\u00e3o mo\u00e7ambicana foi chefiada pelo Director Geral do Instituto de Amendoas, Ilidio Bande, companhado de representantes das \u00e1reas de produ\u00e7\u00e3o, comercializa\u00e7\u00e3o, processamento, investiga\u00e7\u00e3o e um parceiro de coopera\u00e7\u00e3o (GiZ) e outros t\u00e9cnicos.<\/p>\n","protected":false},"excerpt":{"rendered":"<p>A delega\u00e7\u00e3o do Instituto de Am\u00eandoas de Mo\u00e7ambique, chefiada pelo director Geral, Il\u00eddio Bande, participou no dia 12 a 15 de Setembro em Abuja, Nig\u00e9ria da 16\u00aa confer\u00eancia anual da ACA. A agenda da reuni\u00e3o abarcou assuntos ligados a pol\u00edticas de comercio intercontinental da castanha entre \u00c1frica e o mundo, discutiu tamb\u00e9m de forma comparativa abordagens de interven\u00e7\u00e3o que ajudam a alavancar a economia do produtor rural da castanha de caju. Igualmente foram discutidas as limitantes tecnol\u00f3gicas do processo de produ\u00e7\u00e3o em \u00c1frica e a necessidade de mobilizar capitais para investiga\u00e7\u00e3o sobre aspectos que transcendem as preocupa\u00e7\u00f5es especificas de cada [&hellip;]<\/p>\n","protected":false},"author":4,"featured_media":1179,"comment_status":"closed","ping_status":"closed","sticky":false,"template":"","format":"standard","meta":{"_price":"","_stock":"","_tribe_ticket_header":"","_tribe_default_ticket_provider":"","_tribe_ticket_capacity":"0","_ticket_start_date":"","_ticket_end_date":"","_tribe_ticket_show_description":"","_tribe_ticket_show_not_going":false,"_tribe_ticket_use_global_stock":"","_tribe_ticket_global_stock_level":"","_global_stock_mode":"","_global_stock_cap":"","_tribe_rsvp_for_event":"","_tribe_ticket_going_count":"","_tribe_ticket_not_going_count":"","_tribe_tickets_list":"[]","_tribe_ticket_has_attendee_info_fields":false,"footnotes":""},"categories":[1],"tags":[],"class_list":["post-1177","post","type-post","status-publish","format-standard","has-post-thumbnail","hentry","category-noticias"],"_links":{"self":[{"href":"https:\/\/iam.gov.mz\/index.php\/wp-json\/wp\/v2\/posts\/1177","targetHints":{"allow":["GET"]}}],"collection":[{"href":"https:\/\/iam.gov.mz\/index.php\/wp-json\/wp\/v2\/posts"}],"about":[{"href":"https:\/\/iam.gov.mz\/index.php\/wp-json\/wp\/v2\/types\/post"}],"author":[{"embeddable":true,"href":"https:\/\/iam.gov.mz\/index.php\/wp-json\/wp\/v2\/users\/4"}],"replies":[{"embeddable":true,"href":"https:\/\/iam.gov.mz\/index.php\/wp-json\/wp\/v2\/comments?post=1177"}],"version-history":[{"count":0,"href":"https:\/\/iam.gov.mz\/index.php\/wp-json\/wp\/v2\/posts\/1177\/revisions"}],"wp:featuredmedia":[{"embeddable":true,"href":"https:\/\/iam.gov.mz\/index.php\/wp-json\/wp\/v2\/media\/1179"}],"wp:attachment":[{"href":"https:\/\/iam.gov.mz\/index.php\/wp-json\/wp\/v2\/media?parent=1177"}],"wp:term":[{"taxonomy":"category","embeddable":true,"href":"https:\/\/iam.gov.mz\/index.php\/wp-json\/wp\/v2\/categories?post=1177"},{"taxonomy":"post_tag","embeddable":true,"href":"https:\/\/iam.gov.mz\/index.php\/wp-json\/wp\/v2\/tags?post=1177"}],"curies":[{"name":"wp","href":"https:\/\/api.w.org\/{rel}","templated":true}]}}