{"id":1181,"date":"2022-09-22T10:28:26","date_gmt":"2022-09-22T10:28:26","guid":{"rendered":"http:\/\/iam.gov.mz\/?p=1181"},"modified":"2022-09-27T13:28:05","modified_gmt":"2022-09-27T13:28:05","slug":"visita-do-conselheiro-comercial-e-de-negocios-da-embaixada-de-mocambique-nos-estados-unidos-da-america-eua-no-iam","status":"publish","type":"post","link":"https:\/\/iam.gov.mz\/index.php\/2022\/09\/22\/visita-do-conselheiro-comercial-e-de-negocios-da-embaixada-de-mocambique-nos-estados-unidos-da-america-eua-no-iam\/","title":{"rendered":"Visita do Conselheiro Comercial e de Neg\u00f3cios da Embaixada de Mo\u00e7ambique nos Estados Unidos da Am\u00e9rica (EUA) no IAM."},"content":{"rendered":"\n<figure class=\"wp-block-image size-large\"><img fetchpriority=\"high\" decoding=\"async\" width=\"768\" height=\"1024\" src=\"http:\/\/iam.gov.mz\/wp-content\/uploads\/2022\/09\/WhatsApp-Image-2022-09-23-at-13.26.49-768x1024.jpeg\" alt=\"\" class=\"wp-image-1182\" srcset=\"https:\/\/iam.gov.mz\/wp-content\/uploads\/2022\/09\/WhatsApp-Image-2022-09-23-at-13.26.49-768x1024.jpeg 768w, https:\/\/iam.gov.mz\/wp-content\/uploads\/2022\/09\/WhatsApp-Image-2022-09-23-at-13.26.49-225x300.jpeg 225w, https:\/\/iam.gov.mz\/wp-content\/uploads\/2022\/09\/WhatsApp-Image-2022-09-23-at-13.26.49.jpeg 960w\" sizes=\"(max-width: 768px) 100vw, 768px\" \/><\/figure>\n\n\n\n<p>O Director Geral do Instituto de Am\u00eandoas de Mo\u00e7ambique, Il\u00eddio Bande, manteve nesta Sexta-feira, 23 de Setembro de 2022 um encontro com Godinho Alves, Conselheiro Comercial e de Neg\u00f3cios da Embaixada de Mo\u00e7ambique nos Estados Unidos da Am\u00e9rica (EUA).<\/p>\n\n\n\n<p>O encontro tinha como objectivo central debru\u00e7ar sobre as potencialidades e oportunidades de investimento na cadeia de valor das am\u00eandoas.<\/p>\n","protected":false},"excerpt":{"rendered":"<p>O Director Geral do Instituto de Am\u00eandoas de Mo\u00e7ambique, Il\u00eddio Bande, manteve nesta Sexta-feira, 23 de Setembro de 2022 um encontro com Godinho Alves, Conselheiro Comercial e de Neg\u00f3cios da Embaixada de Mo\u00e7ambique nos Estados Unidos da Am\u00e9rica (EUA). O encontro tinha como objectivo central debru\u00e7ar sobre as potencialidades e oportunidades de investimento na cadeia de valor das am\u00eandoas.<\/p>\n","protected":false},"author":4,"featured_media":1185,"comment_status":"closed","ping_status":"closed","sticky":false,"template":"","format":"standard","meta":{"_price":"","_stock":"","_tribe_ticket_header":"","_tribe_default_ticket_provider":"","_tribe_ticket_capacity":"0","_ticket_start_date":"","_ticket_end_date":"","_tribe_ticket_show_description":"","_tribe_ticket_show_not_going":false,"_tribe_ticket_use_global_stock":"","_tribe_ticket_global_stock_level":"","_global_stock_mode":"","_global_stock_cap":"","_tribe_rsvp_for_event":"","_tribe_ticket_going_count":"","_tribe_ticket_not_going_count":"","_tribe_tickets_list":"[]","_tribe_ticket_has_attendee_info_fields":false,"footnotes":""},"categories":[1],"tags":[],"class_list":["post-1181","post","type-post","status-publish","format-standard","has-post-thumbnail","hentry","category-noticias"],"_links":{"self":[{"href":"https:\/\/iam.gov.mz\/index.php\/wp-json\/wp\/v2\/posts\/1181","targetHints":{"allow":["GET"]}}],"collection":[{"href":"https:\/\/iam.gov.mz\/index.php\/wp-json\/wp\/v2\/posts"}],"about":[{"href":"https:\/\/iam.gov.mz\/index.php\/wp-json\/wp\/v2\/types\/post"}],"author":[{"embeddable":true,"href":"https:\/\/iam.gov.mz\/index.php\/wp-json\/wp\/v2\/users\/4"}],"replies":[{"embeddable":true,"href":"https:\/\/iam.gov.mz\/index.php\/wp-json\/wp\/v2\/comments?post=1181"}],"version-history":[{"count":0,"href":"https:\/\/iam.gov.mz\/index.php\/wp-json\/wp\/v2\/posts\/1181\/revisions"}],"wp:featuredmedia":[{"embeddable":true,"href":"https:\/\/iam.gov.mz\/index.php\/wp-json\/wp\/v2\/media\/1185"}],"wp:attachment":[{"href":"https:\/\/iam.gov.mz\/index.php\/wp-json\/wp\/v2\/media?parent=1181"}],"wp:term":[{"taxonomy":"category","embeddable":true,"href":"https:\/\/iam.gov.mz\/index.php\/wp-json\/wp\/v2\/categories?post=1181"},{"taxonomy":"post_tag","embeddable":true,"href":"https:\/\/iam.gov.mz\/index.php\/wp-json\/wp\/v2\/tags?post=1181"}],"curies":[{"name":"wp","href":"https:\/\/api.w.org\/{rel}","templated":true}]}}