{"id":1187,"date":"2022-09-23T11:45:38","date_gmt":"2022-09-23T11:45:38","guid":{"rendered":"http:\/\/iam.gov.mz\/?p=1187"},"modified":"2022-09-27T13:27:44","modified_gmt":"2022-09-27T13:27:44","slug":"iam-ip-e-ampcm-firmam-acordo-na-criacao-de-sistema-de-informacao","status":"publish","type":"post","link":"https:\/\/iam.gov.mz\/index.php\/2022\/09\/23\/iam-ip-e-ampcm-firmam-acordo-na-criacao-de-sistema-de-informacao\/","title":{"rendered":"IAM, IP E AMPCM firmam Acordo na cria\u00e7\u00e3o de Sistema de Informa\u00e7\u00e3o"},"content":{"rendered":"\n<figure class=\"wp-block-image size-large\"><img fetchpriority=\"high\" decoding=\"async\" width=\"1024\" height=\"628\" src=\"http:\/\/iam.gov.mz\/wp-content\/uploads\/2022\/09\/WhatsApp-Image-2022-09-27-at-13.03.51-1-1-1024x628.jpeg\" alt=\"\" class=\"wp-image-1189\" srcset=\"https:\/\/iam.gov.mz\/wp-content\/uploads\/2022\/09\/WhatsApp-Image-2022-09-27-at-13.03.51-1-1-1024x628.jpeg 1024w, https:\/\/iam.gov.mz\/wp-content\/uploads\/2022\/09\/WhatsApp-Image-2022-09-27-at-13.03.51-1-1-300x184.jpeg 300w, https:\/\/iam.gov.mz\/wp-content\/uploads\/2022\/09\/WhatsApp-Image-2022-09-27-at-13.03.51-1-1-768x471.jpeg 768w, https:\/\/iam.gov.mz\/wp-content\/uploads\/2022\/09\/WhatsApp-Image-2022-09-27-at-13.03.51-1-1.jpeg 1280w\" sizes=\"(max-width: 1024px) 100vw, 1024px\" \/><\/figure>\n\n\n\n<p>O Instituto de Am\u00eandoas de Mo\u00e7ambique, IP (IAM, IP), juntamente com a Associa\u00e7\u00e3o Mo\u00e7ambicana de Promo\u00e7\u00e3o de Cooperativismo Moderno (AMPCM) e&nbsp; Norges vel procederam na tarde desta sexta-feira, 23 de Setembro de 2022, &nbsp;\u00e0 assinatura de Memorando de Entendimento que preconiza o lan\u00e7amento oficial da fase de transi\u00e7\u00e3o do Projecto Connect Caju e respectivo Plano de Ac\u00e7\u00e3o. Trata-se de uma plataforma que servir\u00e1 de reposit\u00f3rio de dados e informa\u00e7\u00e3o de actores, actividades e processos de todas as cadeias de valor de am\u00eandoas, em um sistema electr\u00f3nico.<\/p>\n\n\n\n<p>O Memorando de Entendimento visa regular a forma e as condi\u00e7\u00f5es pelas quais os signat\u00e1rios se prop\u00f5em a desenvolver as actividades e programas de coopera\u00e7\u00e3o m\u00fatua e interc\u00e2mbio nas \u00e1reas de digitaliza\u00e7\u00e3o do subsector de am\u00eandoas, assist\u00eancia t\u00e9cnica, monitoria e avalia\u00e7\u00e3o; ao benef\u00edcio de todos os actores da cadeia de valor de am\u00eandoas, com especial enfoque para os produtores e grupos de produtores (associa\u00e7\u00f5es e cooperativas).<\/p>\n\n\n\n<p>O per\u00edodo de transi\u00e7\u00e3o ter\u00e1 a dura\u00e7\u00e3o de 15 meses, durante o qual ser\u00e3o consolidados os ganhos obtidos durante a implementa\u00e7\u00e3o do Projecto Connect Caju, uma iniciativa de partilha de custos entre o IAM, IP e a Embaixada da Noruega, esta, representada pela Norges Vel, Brynild Gruppen e IKURU, cujo objectivo \u00e9 de aprimorar o sistema de colecta de dados e comunica\u00e7\u00e3o em extens\u00e3o de forma efectiva e sustent\u00e1vel, visando contribuir para a melhoria da qualidade dos servi\u00e7os de assist\u00eancia t\u00e9cnica, monitoria e avalia\u00e7\u00e3o ao n\u00edvel sectorial, tornando-o mais atractivo, mais competitivo, mais transparente e inclusivo.<\/p>\n\n\n\n<p>Participar\u00e3o deste evento, Menbros de Conselho de Direc\u00e7\u00e3o do IAM, IP, Norges vel, AMPCM e Hiveonline.<\/p>\n","protected":false},"excerpt":{"rendered":"<p>O Instituto de Am\u00eandoas de Mo\u00e7ambique, IP (IAM, IP), juntamente com a Associa\u00e7\u00e3o Mo\u00e7ambicana de Promo\u00e7\u00e3o de Cooperativismo Moderno (AMPCM) e&nbsp; Norges vel procederam na tarde desta sexta-feira, 23 de Setembro de 2022, &nbsp;\u00e0 assinatura de Memorando de Entendimento que preconiza o lan\u00e7amento oficial da fase de transi\u00e7\u00e3o do Projecto Connect Caju e respectivo Plano de Ac\u00e7\u00e3o. Trata-se de uma plataforma que servir\u00e1 de reposit\u00f3rio de dados e informa\u00e7\u00e3o de actores, actividades e processos de todas as cadeias de valor de am\u00eandoas, em um sistema electr\u00f3nico. O Memorando de Entendimento visa regular a forma e as condi\u00e7\u00f5es pelas quais os [&hellip;]<\/p>\n","protected":false},"author":4,"featured_media":1188,"comment_status":"closed","ping_status":"closed","sticky":false,"template":"","format":"standard","meta":{"_price":"","_stock":"","_tribe_ticket_header":"","_tribe_default_ticket_provider":"","_tribe_ticket_capacity":"0","_ticket_start_date":"","_ticket_end_date":"","_tribe_ticket_show_description":"","_tribe_ticket_show_not_going":false,"_tribe_ticket_use_global_stock":"","_tribe_ticket_global_stock_level":"","_global_stock_mode":"","_global_stock_cap":"","_tribe_rsvp_for_event":"","_tribe_ticket_going_count":"","_tribe_ticket_not_going_count":"","_tribe_tickets_list":"[]","_tribe_ticket_has_attendee_info_fields":false,"footnotes":""},"categories":[1],"tags":[],"class_list":["post-1187","post","type-post","status-publish","format-standard","has-post-thumbnail","hentry","category-noticias"],"_links":{"self":[{"href":"https:\/\/iam.gov.mz\/index.php\/wp-json\/wp\/v2\/posts\/1187","targetHints":{"allow":["GET"]}}],"collection":[{"href":"https:\/\/iam.gov.mz\/index.php\/wp-json\/wp\/v2\/posts"}],"about":[{"href":"https:\/\/iam.gov.mz\/index.php\/wp-json\/wp\/v2\/types\/post"}],"author":[{"embeddable":true,"href":"https:\/\/iam.gov.mz\/index.php\/wp-json\/wp\/v2\/users\/4"}],"replies":[{"embeddable":true,"href":"https:\/\/iam.gov.mz\/index.php\/wp-json\/wp\/v2\/comments?post=1187"}],"version-history":[{"count":0,"href":"https:\/\/iam.gov.mz\/index.php\/wp-json\/wp\/v2\/posts\/1187\/revisions"}],"wp:featuredmedia":[{"embeddable":true,"href":"https:\/\/iam.gov.mz\/index.php\/wp-json\/wp\/v2\/media\/1188"}],"wp:attachment":[{"href":"https:\/\/iam.gov.mz\/index.php\/wp-json\/wp\/v2\/media?parent=1187"}],"wp:term":[{"taxonomy":"category","embeddable":true,"href":"https:\/\/iam.gov.mz\/index.php\/wp-json\/wp\/v2\/categories?post=1187"},{"taxonomy":"post_tag","embeddable":true,"href":"https:\/\/iam.gov.mz\/index.php\/wp-json\/wp\/v2\/tags?post=1187"}],"curies":[{"name":"wp","href":"https:\/\/api.w.org\/{rel}","templated":true}]}}