{"id":1330,"date":"2022-10-18T13:52:09","date_gmt":"2022-10-18T13:52:09","guid":{"rendered":"http:\/\/iam.gov.mz\/?p=1330"},"modified":"2022-10-21T13:55:38","modified_gmt":"2022-10-21T13:55:38","slug":"iam-ip-zambezia-participa-na-sessao-do-governo-do-distrito-de-mulevala","status":"publish","type":"post","link":"https:\/\/iam.gov.mz\/index.php\/2022\/10\/18\/iam-ip-zambezia-participa-na-sessao-do-governo-do-distrito-de-mulevala\/","title":{"rendered":"IAM, IP-Zamb\u00e9zia participa na Sess\u00e3o do Governo do distrito de Mulevala"},"content":{"rendered":"\n<div class=\"wp-block-columns is-layout-flex wp-container-core-columns-is-layout-9d6595d7 wp-block-columns-is-layout-flex\">\n<div class=\"wp-block-column is-layout-flow wp-block-column-is-layout-flow\">\n<div class=\"wp-block-columns is-layout-flex wp-container-core-columns-is-layout-9d6595d7 wp-block-columns-is-layout-flex\">\n<div class=\"wp-block-column is-vertically-aligned-bottom is-layout-flow wp-block-column-is-layout-flow\"><div class=\"wp-block-image\">\n<figure class=\"aligncenter size-large\"><img fetchpriority=\"high\" decoding=\"async\" width=\"1024\" height=\"683\" src=\"http:\/\/iam.gov.mz\/wp-content\/uploads\/2022\/10\/WhatsApp-Image-2022-10-20-at-16.59.59-1-2-1024x683.jpeg\" alt=\"\" class=\"wp-image-1336\" srcset=\"https:\/\/iam.gov.mz\/wp-content\/uploads\/2022\/10\/WhatsApp-Image-2022-10-20-at-16.59.59-1-2-1024x683.jpeg 1024w, https:\/\/iam.gov.mz\/wp-content\/uploads\/2022\/10\/WhatsApp-Image-2022-10-20-at-16.59.59-1-2-300x200.jpeg 300w, https:\/\/iam.gov.mz\/wp-content\/uploads\/2022\/10\/WhatsApp-Image-2022-10-20-at-16.59.59-1-2-768x512.jpeg 768w, https:\/\/iam.gov.mz\/wp-content\/uploads\/2022\/10\/WhatsApp-Image-2022-10-20-at-16.59.59-1-2.jpeg 1500w\" sizes=\"(max-width: 1024px) 100vw, 1024px\" \/><\/figure>\n<\/div>\n\n\n<div class=\"wp-block-columns is-layout-flex wp-container-core-columns-is-layout-9d6595d7 wp-block-columns-is-layout-flex\">\n<div class=\"wp-block-column is-layout-flow wp-block-column-is-layout-flow\">\n<figure class=\"wp-block-image size-large\"><img decoding=\"async\" width=\"1024\" height=\"683\" src=\"http:\/\/iam.gov.mz\/wp-content\/uploads\/2022\/10\/WhatsApp-Image-2022-10-20-at-16.59.59-3-1024x683.jpeg\" alt=\"\" class=\"wp-image-1337\" srcset=\"https:\/\/iam.gov.mz\/wp-content\/uploads\/2022\/10\/WhatsApp-Image-2022-10-20-at-16.59.59-3-1024x683.jpeg 1024w, https:\/\/iam.gov.mz\/wp-content\/uploads\/2022\/10\/WhatsApp-Image-2022-10-20-at-16.59.59-3-300x200.jpeg 300w, https:\/\/iam.gov.mz\/wp-content\/uploads\/2022\/10\/WhatsApp-Image-2022-10-20-at-16.59.59-3-768x512.jpeg 768w, https:\/\/iam.gov.mz\/wp-content\/uploads\/2022\/10\/WhatsApp-Image-2022-10-20-at-16.59.59-3.jpeg 1500w\" sizes=\"(max-width: 1024px) 100vw, 1024px\" \/><\/figure>\n<\/div>\n<\/div>\n<\/div>\n\n\n\n<div class=\"wp-block-column is-layout-flow wp-block-column-is-layout-flow\">\n<figure class=\"wp-block-image size-large\"><img decoding=\"async\" width=\"683\" height=\"1024\" src=\"http:\/\/iam.gov.mz\/wp-content\/uploads\/2022\/10\/WhatsApp-Image-2022-10-20-at-17.00.00-1-683x1024.jpeg\" alt=\"\" class=\"wp-image-1335\" srcset=\"https:\/\/iam.gov.mz\/wp-content\/uploads\/2022\/10\/WhatsApp-Image-2022-10-20-at-17.00.00-1-683x1024.jpeg 683w, https:\/\/iam.gov.mz\/wp-content\/uploads\/2022\/10\/WhatsApp-Image-2022-10-20-at-17.00.00-1-200x300.jpeg 200w, https:\/\/iam.gov.mz\/wp-content\/uploads\/2022\/10\/WhatsApp-Image-2022-10-20-at-17.00.00-1-768x1152.jpeg 768w, https:\/\/iam.gov.mz\/wp-content\/uploads\/2022\/10\/WhatsApp-Image-2022-10-20-at-17.00.00-1.jpeg 1000w\" sizes=\"(max-width: 683px) 100vw, 683px\" \/><\/figure>\n<\/div>\n<\/div>\n<\/div>\n<\/div>\n\n\n\n<p><strong>Decorreu no dia 18 de Outubro, na Sala de Sess\u00f5es do distrito de Mulevala, sob orienta\u00e7\u00e3o da respectiva Administradora distrital, uma Sess\u00e3o do Governo do distrito, onde o Instituto de Am\u00eandoas de Mo\u00e7ambique &#8211; Delega\u00e7\u00e3o da Zamb\u00e9zia, apresentou o Regulamento para o Fomento, Produ\u00e7\u00e3o, Comercializa\u00e7\u00e3o, Processamento e Exporta\u00e7\u00e3o do Caju (Decreto n\u00b078\/2018, de 06 de Dezembro).<\/strong><\/p>\n\n\n\n<p>O ponto apresentado pela Delega\u00e7\u00e3o do Instituto de Am\u00eandoas da Zamb\u00e9zia surgi no contexto de prepara\u00e7\u00e3o e treinamento de v\u00e1rios actores da cadeia de valor do caju para a campanha de comercializa\u00e7\u00e3o 2022\/2023 e insere-se numa s\u00e9rie de apresenta\u00e7\u00f5es que est\u00e3o sendo levadas a cabo em todos os distritos caju\u00edcolas.<\/p>\n\n\n\n<p>O objectivo desta apresenta\u00e7\u00e3o \u00e9 passar os principais comandos de modo a garantir uma boa monitoria da campanha de comercializa\u00e7\u00e3o, com envolvimento de todos actores de lideran\u00e7a do distrito desde os Membros dos Governos distritais, Chefes dos Postos administrativos e de localidades que estavam presentes na Sess\u00e3o.<\/p>\n\n\n\n<p>Durante a Sess\u00e3o foi feita tamb\u00e9m men\u00e7\u00e3o ao Decreto n\u00b034\/2013, de 02 de Agosto, que regula o Licenciamento de Actividade Comercial, bem como o pr\u00f3prio Sistema de Monitoria da Comercializa\u00e7\u00e3o da castanha de caju e assegurados os mecanismos de coordena\u00e7\u00e3o de actividades.<\/p>\n\n\n\n<p>Para a presente campanha de comercializa\u00e7\u00e3o 2022\/2023 o distrito de Mulevala prev\u00ea comercializar cerca de 1.750 toneladas de castanha de caju. A Sess\u00e3o contou com a presen\u00e7a da Diretora do Hospital Rural, Director Distrital da Educa\u00e7\u00e3o, Representante do Servi\u00e7o Distrital de Actividades Econ\u00f3micas, Director da SERNIC, comandante Distrital da PRM, Secret\u00e1rio Permanente, T\u00e9cnicos do Instituto de Am\u00eandoas de Mo\u00e7ambique a n\u00edvel local, entre outras figuras do distrito.<\/p>\n","protected":false},"excerpt":{"rendered":"<p>Decorreu no dia 18 de Outubro, na Sala de Sess\u00f5es do distrito de Mulevala, sob orienta\u00e7\u00e3o da respectiva Administradora distrital, uma Sess\u00e3o do Governo do distrito, onde o Instituto de Am\u00eandoas de Mo\u00e7ambique &#8211; Delega\u00e7\u00e3o da Zamb\u00e9zia, apresentou o Regulamento para o Fomento, Produ\u00e7\u00e3o, Comercializa\u00e7\u00e3o, Processamento e Exporta\u00e7\u00e3o do Caju (Decreto n\u00b078\/2018, de 06 de Dezembro). O ponto apresentado pela Delega\u00e7\u00e3o do Instituto de Am\u00eandoas da Zamb\u00e9zia surgi no contexto de prepara\u00e7\u00e3o e treinamento de v\u00e1rios actores da cadeia de valor do caju para a campanha de comercializa\u00e7\u00e3o 2022\/2023 e insere-se numa s\u00e9rie de apresenta\u00e7\u00f5es que est\u00e3o sendo levadas a [&hellip;]<\/p>\n","protected":false},"author":4,"featured_media":1331,"comment_status":"closed","ping_status":"closed","sticky":false,"template":"","format":"standard","meta":{"_price":"","_stock":"","_tribe_ticket_header":"","_tribe_default_ticket_provider":"","_tribe_ticket_capacity":"0","_ticket_start_date":"","_ticket_end_date":"","_tribe_ticket_show_description":"","_tribe_ticket_show_not_going":false,"_tribe_ticket_use_global_stock":"","_tribe_ticket_global_stock_level":"","_global_stock_mode":"","_global_stock_cap":"","_tribe_rsvp_for_event":"","_tribe_ticket_going_count":"","_tribe_ticket_not_going_count":"","_tribe_tickets_list":"[]","_tribe_ticket_has_attendee_info_fields":false,"footnotes":""},"categories":[1],"tags":[],"class_list":["post-1330","post","type-post","status-publish","format-standard","has-post-thumbnail","hentry","category-noticias"],"_links":{"self":[{"href":"https:\/\/iam.gov.mz\/index.php\/wp-json\/wp\/v2\/posts\/1330","targetHints":{"allow":["GET"]}}],"collection":[{"href":"https:\/\/iam.gov.mz\/index.php\/wp-json\/wp\/v2\/posts"}],"about":[{"href":"https:\/\/iam.gov.mz\/index.php\/wp-json\/wp\/v2\/types\/post"}],"author":[{"embeddable":true,"href":"https:\/\/iam.gov.mz\/index.php\/wp-json\/wp\/v2\/users\/4"}],"replies":[{"embeddable":true,"href":"https:\/\/iam.gov.mz\/index.php\/wp-json\/wp\/v2\/comments?post=1330"}],"version-history":[{"count":0,"href":"https:\/\/iam.gov.mz\/index.php\/wp-json\/wp\/v2\/posts\/1330\/revisions"}],"wp:featuredmedia":[{"embeddable":true,"href":"https:\/\/iam.gov.mz\/index.php\/wp-json\/wp\/v2\/media\/1331"}],"wp:attachment":[{"href":"https:\/\/iam.gov.mz\/index.php\/wp-json\/wp\/v2\/media?parent=1330"}],"wp:term":[{"taxonomy":"category","embeddable":true,"href":"https:\/\/iam.gov.mz\/index.php\/wp-json\/wp\/v2\/categories?post=1330"},{"taxonomy":"post_tag","embeddable":true,"href":"https:\/\/iam.gov.mz\/index.php\/wp-json\/wp\/v2\/tags?post=1330"}],"curies":[{"name":"wp","href":"https:\/\/api.w.org\/{rel}","templated":true}]}}