{"id":1483,"date":"2023-03-09T08:52:34","date_gmt":"2023-03-09T08:52:34","guid":{"rendered":"http:\/\/iam.gov.mz\/?p=1483"},"modified":"2023-03-10T08:53:46","modified_gmt":"2023-03-10T08:53:46","slug":"director-geral-do-iam-insta-produtor-aumento-da-producao-na-zambezia","status":"publish","type":"post","link":"https:\/\/iam.gov.mz\/index.php\/2023\/03\/09\/director-geral-do-iam-insta-produtor-aumento-da-producao-na-zambezia\/","title":{"rendered":"<strong>Director Geral do IAM insta produtor aumento da produ\u00e7\u00e3o na Zamb\u00e9zia<\/strong>"},"content":{"rendered":"\n<div class=\"wp-block-columns is-layout-flex wp-container-core-columns-is-layout-9d6595d7 wp-block-columns-is-layout-flex\">\n<div class=\"wp-block-column is-layout-flow wp-block-column-is-layout-flow\">\n<figure class=\"wp-block-image size-large\"><img fetchpriority=\"high\" decoding=\"async\" width=\"1024\" height=\"682\" src=\"http:\/\/iam.gov.mz\/wp-content\/uploads\/2023\/03\/WhatsApp-Image-2023-03-09-at-22.11.51-1024x682.jpeg\" alt=\"\" class=\"wp-image-1485\" srcset=\"https:\/\/iam.gov.mz\/wp-content\/uploads\/2023\/03\/WhatsApp-Image-2023-03-09-at-22.11.51-1024x682.jpeg 1024w, https:\/\/iam.gov.mz\/wp-content\/uploads\/2023\/03\/WhatsApp-Image-2023-03-09-at-22.11.51-300x200.jpeg 300w, https:\/\/iam.gov.mz\/wp-content\/uploads\/2023\/03\/WhatsApp-Image-2023-03-09-at-22.11.51-768x512.jpeg 768w, https:\/\/iam.gov.mz\/wp-content\/uploads\/2023\/03\/WhatsApp-Image-2023-03-09-at-22.11.51.jpeg 1280w\" sizes=\"(max-width: 1024px) 100vw, 1024px\" \/><\/figure>\n<\/div>\n\n\n\n<div class=\"wp-block-column is-layout-flow wp-block-column-is-layout-flow\">\n<figure class=\"wp-block-image size-large\"><img decoding=\"async\" width=\"1024\" height=\"682\" src=\"http:\/\/iam.gov.mz\/wp-content\/uploads\/2023\/03\/WhatsApp-Image-2023-03-09-at-22.08.04-1024x682.jpeg\" alt=\"\" class=\"wp-image-1486\" srcset=\"https:\/\/iam.gov.mz\/wp-content\/uploads\/2023\/03\/WhatsApp-Image-2023-03-09-at-22.08.04-1024x682.jpeg 1024w, https:\/\/iam.gov.mz\/wp-content\/uploads\/2023\/03\/WhatsApp-Image-2023-03-09-at-22.08.04-300x200.jpeg 300w, https:\/\/iam.gov.mz\/wp-content\/uploads\/2023\/03\/WhatsApp-Image-2023-03-09-at-22.08.04-768x512.jpeg 768w, https:\/\/iam.gov.mz\/wp-content\/uploads\/2023\/03\/WhatsApp-Image-2023-03-09-at-22.08.04.jpeg 1280w\" sizes=\"(max-width: 1024px) 100vw, 1024px\" \/><\/figure>\n<\/div>\n\n\n\n<div class=\"wp-block-column is-layout-flow wp-block-column-is-layout-flow\">\n<figure class=\"wp-block-image size-large\"><img decoding=\"async\" width=\"1024\" height=\"682\" src=\"http:\/\/iam.gov.mz\/wp-content\/uploads\/2023\/03\/WhatsApp-Image-2023-03-09-at-22.08.08-1024x682.jpeg\" alt=\"\" class=\"wp-image-1487\" srcset=\"https:\/\/iam.gov.mz\/wp-content\/uploads\/2023\/03\/WhatsApp-Image-2023-03-09-at-22.08.08-1024x682.jpeg 1024w, https:\/\/iam.gov.mz\/wp-content\/uploads\/2023\/03\/WhatsApp-Image-2023-03-09-at-22.08.08-300x200.jpeg 300w, https:\/\/iam.gov.mz\/wp-content\/uploads\/2023\/03\/WhatsApp-Image-2023-03-09-at-22.08.08-768x512.jpeg 768w, https:\/\/iam.gov.mz\/wp-content\/uploads\/2023\/03\/WhatsApp-Image-2023-03-09-at-22.08.08.jpeg 1280w\" sizes=\"(max-width: 1024px) 100vw, 1024px\" \/><\/figure>\n<\/div>\n<\/div>\n\n\n\n<p><strong>O director Geral do Instituto de Am\u00eandoas de Mo\u00e7ambique, Il\u00eddio Bande, efectuou ontem uma visita de trabalho no distrito de Nicoadala e Mulevala, na prov\u00edncia da Zamb\u00e9zia de modo a inteirar-se do processo de produ\u00e7\u00e3o, distribui\u00e7\u00e3o e plantio de mudas visto que \u00e9 a \u00e9poca chuvosa.<\/strong><\/p>\n\n\n\n<p>Trata-se de uma visita de monitoria das actividades desencadeadas pelas delega\u00e7\u00f5es do IAM com vista ao aumento da produ\u00e7\u00e3o e produtividade. Neste contexto o dirigente visitou os viveiros de produ\u00e7\u00e3o de mudas de cajueiro e um campo de demonstra\u00e7\u00e3o de resultados (CDR) que culminou com o plantio de mudas.<\/p>\n\n\n\n<p>Discursando na ocasi\u00e3o, o Director Geral enalteceu a dedica\u00e7\u00e3o de toda fam\u00edlia agr\u00e1ria pelo empenho no desenvolvimento das am\u00eandoas e recomendou mais esfor\u00e7o de todos, em prol do aumento da produ\u00e7\u00e3o e produtividade das am\u00eandoas, visto que \u00e9 uma cultura de interesse econ\u00f4mico.<\/p>\n\n\n\n<p>Participaram destas actividades, o Delegado Provincial do Instituto de Am\u00eandoas da Zamb\u00e9zia, Sifa Bernardo Ant\u00f3nio, e o chefe do Departamento Produ\u00e7\u00e3o de Am\u00eandoas o Sr. Paulino Sitoe, e o t\u00e9cnico da Delega\u00e7\u00e3o da Zamb\u00e9zia.<\/p>\n","protected":false},"excerpt":{"rendered":"<p>O director Geral do Instituto de Am\u00eandoas de Mo\u00e7ambique, Il\u00eddio Bande, efectuou ontem uma visita de trabalho no distrito de Nicoadala e Mulevala, na prov\u00edncia da Zamb\u00e9zia de modo a inteirar-se do processo de produ\u00e7\u00e3o, distribui\u00e7\u00e3o e plantio de mudas visto que \u00e9 a \u00e9poca chuvosa. Trata-se de uma visita de monitoria das actividades desencadeadas pelas delega\u00e7\u00f5es do IAM com vista ao aumento da produ\u00e7\u00e3o e produtividade. Neste contexto o dirigente visitou os viveiros de produ\u00e7\u00e3o de mudas de cajueiro e um campo de demonstra\u00e7\u00e3o de resultados (CDR) que culminou com o plantio de mudas. Discursando na ocasi\u00e3o, o Director [&hellip;]<\/p>\n","protected":false},"author":4,"featured_media":1484,"comment_status":"closed","ping_status":"closed","sticky":false,"template":"","format":"standard","meta":{"_price":"","_stock":"","_tribe_ticket_header":"","_tribe_default_ticket_provider":"","_tribe_ticket_capacity":"0","_ticket_start_date":"","_ticket_end_date":"","_tribe_ticket_show_description":"","_tribe_ticket_show_not_going":false,"_tribe_ticket_use_global_stock":"","_tribe_ticket_global_stock_level":"","_global_stock_mode":"","_global_stock_cap":"","_tribe_rsvp_for_event":"","_tribe_ticket_going_count":"","_tribe_ticket_not_going_count":"","_tribe_tickets_list":"[]","_tribe_ticket_has_attendee_info_fields":false,"footnotes":""},"categories":[1],"tags":[],"class_list":["post-1483","post","type-post","status-publish","format-standard","has-post-thumbnail","hentry","category-noticias"],"_links":{"self":[{"href":"https:\/\/iam.gov.mz\/index.php\/wp-json\/wp\/v2\/posts\/1483","targetHints":{"allow":["GET"]}}],"collection":[{"href":"https:\/\/iam.gov.mz\/index.php\/wp-json\/wp\/v2\/posts"}],"about":[{"href":"https:\/\/iam.gov.mz\/index.php\/wp-json\/wp\/v2\/types\/post"}],"author":[{"embeddable":true,"href":"https:\/\/iam.gov.mz\/index.php\/wp-json\/wp\/v2\/users\/4"}],"replies":[{"embeddable":true,"href":"https:\/\/iam.gov.mz\/index.php\/wp-json\/wp\/v2\/comments?post=1483"}],"version-history":[{"count":0,"href":"https:\/\/iam.gov.mz\/index.php\/wp-json\/wp\/v2\/posts\/1483\/revisions"}],"wp:featuredmedia":[{"embeddable":true,"href":"https:\/\/iam.gov.mz\/index.php\/wp-json\/wp\/v2\/media\/1484"}],"wp:attachment":[{"href":"https:\/\/iam.gov.mz\/index.php\/wp-json\/wp\/v2\/media?parent=1483"}],"wp:term":[{"taxonomy":"category","embeddable":true,"href":"https:\/\/iam.gov.mz\/index.php\/wp-json\/wp\/v2\/categories?post=1483"},{"taxonomy":"post_tag","embeddable":true,"href":"https:\/\/iam.gov.mz\/index.php\/wp-json\/wp\/v2\/tags?post=1483"}],"curies":[{"name":"wp","href":"https:\/\/api.w.org\/{rel}","templated":true}]}}