{"id":1489,"date":"2023-03-10T12:31:01","date_gmt":"2023-03-10T12:31:01","guid":{"rendered":"http:\/\/iam.gov.mz\/?p=1489"},"modified":"2023-03-10T12:31:02","modified_gmt":"2023-03-10T12:31:02","slug":"novos-quadros-de-direccao-tomam-posse-na-delegacao-da-zambezia","status":"publish","type":"post","link":"https:\/\/iam.gov.mz\/index.php\/2023\/03\/10\/novos-quadros-de-direccao-tomam-posse-na-delegacao-da-zambezia\/","title":{"rendered":"Novos quadros de direc\u00e7\u00e3o tomam posse na delega\u00e7\u00e3o da Zamb\u00e9zia"},"content":{"rendered":"\n<figure class=\"wp-block-image size-large\"><img fetchpriority=\"high\" decoding=\"async\" width=\"1024\" height=\"768\" src=\"http:\/\/iam.gov.mz\/wp-content\/uploads\/2023\/03\/WhatsApp-Image-2023-03-10-at-14.08.02-1024x768.jpeg\" alt=\"\" class=\"wp-image-1490\" srcset=\"https:\/\/iam.gov.mz\/wp-content\/uploads\/2023\/03\/WhatsApp-Image-2023-03-10-at-14.08.02-1024x768.jpeg 1024w, https:\/\/iam.gov.mz\/wp-content\/uploads\/2023\/03\/WhatsApp-Image-2023-03-10-at-14.08.02-300x225.jpeg 300w, https:\/\/iam.gov.mz\/wp-content\/uploads\/2023\/03\/WhatsApp-Image-2023-03-10-at-14.08.02-768x576.jpeg 768w, https:\/\/iam.gov.mz\/wp-content\/uploads\/2023\/03\/WhatsApp-Image-2023-03-10-at-14.08.02.jpeg 1280w\" sizes=\"(max-width: 1024px) 100vw, 1024px\" \/><\/figure>\n\n\n\n<p>O Director Geral do Instituto de Am\u00eandoas de Mo\u00e7ambique, Il\u00eddio Bande, dirigiu na manh\u00e3 de hoje, 10 de Mar\u00e7o de 2023, a tomada de posse dos chefes do departamento e reparti\u00e7\u00e3o, na delega\u00e7\u00e3o da Zamb\u00e9zia<\/p>\n\n\n\n<p>Trata-se de Frederico Albino Maseca indicado para o cargo de Chefe do Departamento Provincial de Planifica\u00c7ao e Monitoria; Felex Augusto Ladina de Magalh\u00e3es nomeado para o cargo de chefe de Departamento de investiga\u00e7\u00e3o das Am\u00eandoas ;Jojo Armando Laina -chefe do Departamento de Desenvolvimento e produ\u00e7\u00e3o de Amendoas; In\u00eas Maria Sulemane de Almeida- chefe Provincial de Reparti\u00c7ao de Recursos Humanos;<br>\u00c2ngela Inacio Mussa Gunia- Reparti\u00e7\u00e3o autonoma de aquisi\u00e7\u00f5es e Hor\u00e1cio Mocuveia- chefe Provincial de Administra\u00c7ao e Finan\u00c7as.<\/p>\n\n\n\n<p>No discurso de ocasi\u00e3o o Director geral apelou aos novos empossados a cumprir com zelo as duas novas fun\u00e7\u00f5es.<br>&#8220;Este acto de investidura destes quadros de chefias visa imprimir a nova din\u00e2mica no subsector de Am\u00eandoas na Zamb\u00e9zia&#8221; sublinhou<\/p>\n\n\n\n<p>Por seu turno, os empossados assumiram o compromisso de desempenhar com dignidade e zelo as novas fun\u00e7\u00f5es.<\/p>\n","protected":false},"excerpt":{"rendered":"<p>O Director Geral do Instituto de Am\u00eandoas de Mo\u00e7ambique, Il\u00eddio Bande, dirigiu na manh\u00e3 de hoje, 10 de Mar\u00e7o de 2023, a tomada de posse dos chefes do departamento e reparti\u00e7\u00e3o, na delega\u00e7\u00e3o da Zamb\u00e9zia Trata-se de Frederico Albino Maseca indicado para o cargo de Chefe do Departamento Provincial de Planifica\u00c7ao e Monitoria; Felex Augusto Ladina de Magalh\u00e3es nomeado para o cargo de chefe de Departamento de investiga\u00e7\u00e3o das Am\u00eandoas ;Jojo Armando Laina -chefe do Departamento de Desenvolvimento e produ\u00e7\u00e3o de Amendoas; In\u00eas Maria Sulemane de Almeida- chefe Provincial de Reparti\u00c7ao de Recursos Humanos;\u00c2ngela Inacio Mussa Gunia- Reparti\u00e7\u00e3o autonoma de [&hellip;]<\/p>\n","protected":false},"author":4,"featured_media":1490,"comment_status":"closed","ping_status":"closed","sticky":false,"template":"","format":"standard","meta":{"_price":"","_stock":"","_tribe_ticket_header":"","_tribe_default_ticket_provider":"","_tribe_ticket_capacity":"0","_ticket_start_date":"","_ticket_end_date":"","_tribe_ticket_show_description":"","_tribe_ticket_show_not_going":false,"_tribe_ticket_use_global_stock":"","_tribe_ticket_global_stock_level":"","_global_stock_mode":"","_global_stock_cap":"","_tribe_rsvp_for_event":"","_tribe_ticket_going_count":"","_tribe_ticket_not_going_count":"","_tribe_tickets_list":"[]","_tribe_ticket_has_attendee_info_fields":false,"footnotes":""},"categories":[1],"tags":[],"class_list":["post-1489","post","type-post","status-publish","format-standard","has-post-thumbnail","hentry","category-noticias"],"_links":{"self":[{"href":"https:\/\/iam.gov.mz\/index.php\/wp-json\/wp\/v2\/posts\/1489","targetHints":{"allow":["GET"]}}],"collection":[{"href":"https:\/\/iam.gov.mz\/index.php\/wp-json\/wp\/v2\/posts"}],"about":[{"href":"https:\/\/iam.gov.mz\/index.php\/wp-json\/wp\/v2\/types\/post"}],"author":[{"embeddable":true,"href":"https:\/\/iam.gov.mz\/index.php\/wp-json\/wp\/v2\/users\/4"}],"replies":[{"embeddable":true,"href":"https:\/\/iam.gov.mz\/index.php\/wp-json\/wp\/v2\/comments?post=1489"}],"version-history":[{"count":0,"href":"https:\/\/iam.gov.mz\/index.php\/wp-json\/wp\/v2\/posts\/1489\/revisions"}],"wp:featuredmedia":[{"embeddable":true,"href":"https:\/\/iam.gov.mz\/index.php\/wp-json\/wp\/v2\/media\/1490"}],"wp:attachment":[{"href":"https:\/\/iam.gov.mz\/index.php\/wp-json\/wp\/v2\/media?parent=1489"}],"wp:term":[{"taxonomy":"category","embeddable":true,"href":"https:\/\/iam.gov.mz\/index.php\/wp-json\/wp\/v2\/categories?post=1489"},{"taxonomy":"post_tag","embeddable":true,"href":"https:\/\/iam.gov.mz\/index.php\/wp-json\/wp\/v2\/tags?post=1489"}],"curies":[{"name":"wp","href":"https:\/\/api.w.org\/{rel}","templated":true}]}}