{"id":1498,"date":"2023-03-22T19:10:31","date_gmt":"2023-03-22T19:10:31","guid":{"rendered":"http:\/\/iam.gov.mz\/?p=1498"},"modified":"2023-03-23T19:10:53","modified_gmt":"2023-03-23T19:10:53","slug":"iamip-avalia-implementacao-de-projecto-connectcaju","status":"publish","type":"post","link":"https:\/\/iam.gov.mz\/index.php\/2023\/03\/22\/iamip-avalia-implementacao-de-projecto-connectcaju\/","title":{"rendered":"IAM,IP avalia implementa\u00e7\u00e3o de Projecto ConnectCaju"},"content":{"rendered":"\n<div class=\"wp-block-columns is-layout-flex wp-container-core-columns-is-layout-9d6595d7 wp-block-columns-is-layout-flex\">\n<div class=\"wp-block-column is-layout-flow wp-block-column-is-layout-flow\">\n<figure class=\"wp-block-image size-large\"><img fetchpriority=\"high\" decoding=\"async\" width=\"1024\" height=\"768\" src=\"http:\/\/iam.gov.mz\/wp-content\/uploads\/2023\/03\/WhatsApp-Image-2023-03-22-at-16.00.00-1024x768.jpeg\" alt=\"\" class=\"wp-image-1499\" srcset=\"https:\/\/iam.gov.mz\/wp-content\/uploads\/2023\/03\/WhatsApp-Image-2023-03-22-at-16.00.00-1024x768.jpeg 1024w, https:\/\/iam.gov.mz\/wp-content\/uploads\/2023\/03\/WhatsApp-Image-2023-03-22-at-16.00.00-300x225.jpeg 300w, https:\/\/iam.gov.mz\/wp-content\/uploads\/2023\/03\/WhatsApp-Image-2023-03-22-at-16.00.00-768x576.jpeg 768w, https:\/\/iam.gov.mz\/wp-content\/uploads\/2023\/03\/WhatsApp-Image-2023-03-22-at-16.00.00.jpeg 1280w\" sizes=\"(max-width: 1024px) 100vw, 1024px\" \/><\/figure>\n<\/div>\n<\/div>\n\n\n\n<p>Teve lugar esta quarta-feira, dia 22 de Mar\u00e7o, no Instituto de Am\u00eandoas de Mo\u00e7ambique a reuni\u00e3o de coordena\u00e7\u00e3o interinstitucional entre o IAM, IP, AMPCM, Hiveonline e Norges vel no \u00e2mbito do Projecto Connect Caju. A reuni\u00e3o tinha como objetivos avaliar o desempenho da fase de transi\u00e7\u00e3o do Projeto (Connect Caju II+); e &nbsp;alinhar os compromissos assumidos pelos parceiros de implementa\u00e7\u00e3o do Projecto.<\/p>\n\n\n\n<p>A reuni\u00e3o foi orientada pelo Director Geral do Instituto de Am\u00eandoas de Mo\u00e7ambique (IAM), IP, Il\u00eddio Bande, que real\u00e7ou a import\u00e2ncia de coordena\u00e7\u00e3o entre os intervenientes para o alcance dos objectivos tra\u00e7ados &nbsp;&nbsp;<\/p>\n\n\n\n<p>Durante a sess\u00e3o, foi apresentada a s\u00edntese do Projecto Connect Caju Ii+ (progresso do projeto), com destaque para os resumos de actividades realizadas por cada parceiro no primeiro semestre de 2023 e as perspectivas para os pr\u00f3ximos meses.<\/p>\n\n\n\n<p>Um dos aspectos relevantes discutidos na sess\u00e3o, foi o desenvolvimento da Plataforma Connect Caju pelo IAM, IP, que ir\u00e1 permitir a colecta de dados de produtores e planta\u00e7\u00f5es. A aplica\u00e7\u00e3o responde aos requisitos t\u00e9cnicos da Plataforma Connect Caju e mostra melhor engajamento das equipas na promo\u00e7\u00e3o de sinergias para o alcance dos resultados esperados.<\/p>\n\n\n\n<p>Participara da reuni\u00e3o, 15 participantes, representantes de cada uma das institui\u00e7\u00f5es parcerias (IAM, IP, AMPCM, Hiveonline e Norges vel). Destaca-se a presen\u00e7a de Karsten Gjefle, da Norges vel, que representa a entidade financiadora do Projecto, a Embaixada da Noruega; e da Directora Executiva da AMPCM, J\u00falia Fernando, representante da entidade co-implementadora e que igualmente desempenha o papel de gest\u00e3o administrativa e financeira neste per\u00edodo de transi\u00e7\u00e3o.<\/p>\n","protected":false},"excerpt":{"rendered":"<p>Teve lugar esta quarta-feira, dia 22 de Mar\u00e7o, no Instituto de Am\u00eandoas de Mo\u00e7ambique a reuni\u00e3o de coordena\u00e7\u00e3o interinstitucional entre o IAM, IP, AMPCM, Hiveonline e Norges vel no \u00e2mbito do Projecto Connect Caju. A reuni\u00e3o tinha como objetivos avaliar o desempenho da fase de transi\u00e7\u00e3o do Projeto (Connect Caju II+); e &nbsp;alinhar os compromissos assumidos pelos parceiros de implementa\u00e7\u00e3o do Projecto. A reuni\u00e3o foi orientada pelo Director Geral do Instituto de Am\u00eandoas de Mo\u00e7ambique (IAM), IP, Il\u00eddio Bande, que real\u00e7ou a import\u00e2ncia de coordena\u00e7\u00e3o entre os intervenientes para o alcance dos objectivos tra\u00e7ados &nbsp;&nbsp; Durante a sess\u00e3o, foi apresentada [&hellip;]<\/p>\n","protected":false},"author":4,"featured_media":1499,"comment_status":"closed","ping_status":"closed","sticky":false,"template":"","format":"standard","meta":{"_price":"","_stock":"","_tribe_ticket_header":"","_tribe_default_ticket_provider":"","_tribe_ticket_capacity":"0","_ticket_start_date":"","_ticket_end_date":"","_tribe_ticket_show_description":"","_tribe_ticket_show_not_going":false,"_tribe_ticket_use_global_stock":"","_tribe_ticket_global_stock_level":"","_global_stock_mode":"","_global_stock_cap":"","_tribe_rsvp_for_event":"","_tribe_ticket_going_count":"","_tribe_ticket_not_going_count":"","_tribe_tickets_list":"[]","_tribe_ticket_has_attendee_info_fields":false,"footnotes":""},"categories":[1],"tags":[],"class_list":["post-1498","post","type-post","status-publish","format-standard","has-post-thumbnail","hentry","category-noticias"],"_links":{"self":[{"href":"https:\/\/iam.gov.mz\/index.php\/wp-json\/wp\/v2\/posts\/1498","targetHints":{"allow":["GET"]}}],"collection":[{"href":"https:\/\/iam.gov.mz\/index.php\/wp-json\/wp\/v2\/posts"}],"about":[{"href":"https:\/\/iam.gov.mz\/index.php\/wp-json\/wp\/v2\/types\/post"}],"author":[{"embeddable":true,"href":"https:\/\/iam.gov.mz\/index.php\/wp-json\/wp\/v2\/users\/4"}],"replies":[{"embeddable":true,"href":"https:\/\/iam.gov.mz\/index.php\/wp-json\/wp\/v2\/comments?post=1498"}],"version-history":[{"count":0,"href":"https:\/\/iam.gov.mz\/index.php\/wp-json\/wp\/v2\/posts\/1498\/revisions"}],"wp:featuredmedia":[{"embeddable":true,"href":"https:\/\/iam.gov.mz\/index.php\/wp-json\/wp\/v2\/media\/1499"}],"wp:attachment":[{"href":"https:\/\/iam.gov.mz\/index.php\/wp-json\/wp\/v2\/media?parent=1498"}],"wp:term":[{"taxonomy":"category","embeddable":true,"href":"https:\/\/iam.gov.mz\/index.php\/wp-json\/wp\/v2\/categories?post=1498"},{"taxonomy":"post_tag","embeddable":true,"href":"https:\/\/iam.gov.mz\/index.php\/wp-json\/wp\/v2\/tags?post=1498"}],"curies":[{"name":"wp","href":"https:\/\/api.w.org\/{rel}","templated":true}]}}