{"id":1508,"date":"2023-03-28T08:47:05","date_gmt":"2023-03-28T08:47:05","guid":{"rendered":"http:\/\/iam.gov.mz\/?p=1508"},"modified":"2023-03-29T09:12:09","modified_gmt":"2023-03-29T09:12:09","slug":"sector-privado-defende-que-a-fixacao-da-taxa-de-pelicula-da-amendoa-deve-ser-precedida-por-um-estudo-tecnico","status":"publish","type":"post","link":"https:\/\/iam.gov.mz\/index.php\/2023\/03\/28\/sector-privado-defende-que-a-fixacao-da-taxa-de-pelicula-da-amendoa-deve-ser-precedida-por-um-estudo-tecnico\/","title":{"rendered":"SECTOR PRIVADO DEFENDE QUE A FIXA\u00c7\u00c3O DA TAXA DE PEL\u00cdCULA DA AM\u00caNDOA DEVE SER PRECEDIDA POR UM ESTUDO T\u00c9CNICO"},"content":{"rendered":"\n<div class=\"wp-block-columns is-layout-flex wp-container-core-columns-is-layout-9d6595d7 wp-block-columns-is-layout-flex\">\n<div class=\"wp-block-column is-layout-flow wp-block-column-is-layout-flow\">\n<figure class=\"wp-block-image size-large\"><img fetchpriority=\"high\" decoding=\"async\" width=\"1024\" height=\"682\" src=\"http:\/\/iam.gov.mz\/wp-content\/uploads\/2023\/03\/WhatsApp-Image-2023-03-29-at-10.41.28-1024x682.jpeg\" alt=\"\" class=\"wp-image-1509\" srcset=\"https:\/\/iam.gov.mz\/wp-content\/uploads\/2023\/03\/WhatsApp-Image-2023-03-29-at-10.41.28-1024x682.jpeg 1024w, https:\/\/iam.gov.mz\/wp-content\/uploads\/2023\/03\/WhatsApp-Image-2023-03-29-at-10.41.28-300x200.jpeg 300w, https:\/\/iam.gov.mz\/wp-content\/uploads\/2023\/03\/WhatsApp-Image-2023-03-29-at-10.41.28-768x512.jpeg 768w, https:\/\/iam.gov.mz\/wp-content\/uploads\/2023\/03\/WhatsApp-Image-2023-03-29-at-10.41.28-1536x1023.jpeg 1536w, https:\/\/iam.gov.mz\/wp-content\/uploads\/2023\/03\/WhatsApp-Image-2023-03-29-at-10.41.28.jpeg 1600w\" sizes=\"(max-width: 1024px) 100vw, 1024px\" \/><\/figure>\n<\/div>\n\n\n\n<div class=\"wp-block-column is-layout-flow wp-block-column-is-layout-flow\">\n<figure class=\"wp-block-image size-large\"><img decoding=\"async\" width=\"1024\" height=\"599\" src=\"http:\/\/iam.gov.mz\/wp-content\/uploads\/2023\/03\/WhatsApp-Image-2023-03-29-at-10.41.27-1024x599.jpeg\" alt=\"\" class=\"wp-image-1510\" srcset=\"https:\/\/iam.gov.mz\/wp-content\/uploads\/2023\/03\/WhatsApp-Image-2023-03-29-at-10.41.27-1024x599.jpeg 1024w, https:\/\/iam.gov.mz\/wp-content\/uploads\/2023\/03\/WhatsApp-Image-2023-03-29-at-10.41.27-300x176.jpeg 300w, https:\/\/iam.gov.mz\/wp-content\/uploads\/2023\/03\/WhatsApp-Image-2023-03-29-at-10.41.27-768x449.jpeg 768w, https:\/\/iam.gov.mz\/wp-content\/uploads\/2023\/03\/WhatsApp-Image-2023-03-29-at-10.41.27-1536x899.jpeg 1536w, https:\/\/iam.gov.mz\/wp-content\/uploads\/2023\/03\/WhatsApp-Image-2023-03-29-at-10.41.27.jpeg 1600w\" sizes=\"(max-width: 1024px) 100vw, 1024px\" \/><\/figure>\n<\/div>\n<\/div>\n\n\n\n<p>A Comiss\u00e3o de Agricultura, Economia e Ambiente da Assembleia da Rep\u00fablica convocou a CTA para audi\u00e7\u00e3o sobre a proposta de Lei do Caj\u00fa. Participaram no encontro, membros da AICAJU \u2013 Associa\u00e7\u00e3o dos Industriais de Caj\u00fa, e da ACIANA \u2013 Associa\u00e7\u00e3o Comercial, Industrial e Agr\u00edcola de Nampula.<\/p>\n\n\n\n<p>A quest\u00e3o de sobre-taxas de valoriza\u00e7\u00e3o dominou a audi\u00e7\u00e3o, tendo o Sector Privado defendido a fixa\u00e7\u00e3o da sobre-taxa da castanha em bruto de 18% para 22%, uma vez que se regista um decr\u00e9scimo operacional das ind\u00fastrias de processamento, podendo o aumento da taxa reavivar a ind\u00fastria, depois da crise de 2017-2019. O Pa\u00eds possui 18 f\u00e1bricas com uma capacidade instalada de cerca de 112.513 toneladas de castanha de caj\u00fa, empregando mais de 17.000 trabalhadores, no entanto, actualmente est\u00e3o em funcionamento apenas 4 f\u00e1bricas.<\/p>\n\n\n\n<p>Sobre a taxa de pel\u00edcula da am\u00eandoa, o Sector Privado defendeu que a sua fixa\u00e7\u00e3o fosse precedido por um estudo t\u00e9cnico que mostrar\u00e1 a viabilidade que a ind\u00fastria ter\u00e1 com esta taxa.<\/p>\n\n\n\n<p>Na audi\u00e7\u00e3o, foi ressalvada a import\u00e2ncia de cultura do caj\u00fa para a economia rural, sendo que a nova lei deve ter em conta isso e saber o que o pequeno produtor est\u00e1 a beneficiar, porque o valor arrecadado na sobre-taxa tem sido alocado \u00e0 fumiga\u00e7\u00e3o e n\u00e3o \u00e0 renova\u00e7\u00e3o do cajual. Estudos, indicam que nos \u00faltimos 20 anos, os tratamentos qu\u00edmicos n\u00e3o incrementaram a produtividade.<\/p>\n\n\n\n<p>Por isso, o Sector Privado defende que se deve investir na expans\u00e3o das \u00e1reas e na renova\u00e7\u00e3o do cajual para o aumento do rendimento por hectare.<\/p>\n\n\n\n<p>Em rela\u00e7\u00e3o aos exportadores, estes gastam 150 milh\u00f5es de d\u00f3lares americanos por ano em pagamento da sobre-taxa, aquisi\u00e7\u00e3o de insumos e apoio aos produtores. A mat\u00e9ria-prima ainda tem um grande peso nos custos operacionais da ind\u00fastria de processamento de castanha de caj\u00fa.<\/p>\n\n\n\n<p>Fonte: https:\/\/cta.org.mz\/<\/p>\n","protected":false},"excerpt":{"rendered":"<p>A Comiss\u00e3o de Agricultura, Economia e Ambiente da Assembleia da Rep\u00fablica convocou a CTA para audi\u00e7\u00e3o sobre a proposta de Lei do Caj\u00fa. Participaram no encontro, membros da AICAJU \u2013 Associa\u00e7\u00e3o dos Industriais de Caj\u00fa, e da ACIANA \u2013 Associa\u00e7\u00e3o Comercial, Industrial e Agr\u00edcola de Nampula. A quest\u00e3o de sobre-taxas de valoriza\u00e7\u00e3o dominou a audi\u00e7\u00e3o, tendo o Sector Privado defendido a fixa\u00e7\u00e3o da sobre-taxa da castanha em bruto de 18% para 22%, uma vez que se regista um decr\u00e9scimo operacional das ind\u00fastrias de processamento, podendo o aumento da taxa reavivar a ind\u00fastria, depois da crise de 2017-2019. O Pa\u00eds possui [&hellip;]<\/p>\n","protected":false},"author":4,"featured_media":1509,"comment_status":"closed","ping_status":"closed","sticky":false,"template":"","format":"standard","meta":{"_price":"","_stock":"","_tribe_ticket_header":"","_tribe_default_ticket_provider":"","_tribe_ticket_capacity":"0","_ticket_start_date":"","_ticket_end_date":"","_tribe_ticket_show_description":"","_tribe_ticket_show_not_going":false,"_tribe_ticket_use_global_stock":"","_tribe_ticket_global_stock_level":"","_global_stock_mode":"","_global_stock_cap":"","_tribe_rsvp_for_event":"","_tribe_ticket_going_count":"","_tribe_ticket_not_going_count":"","_tribe_tickets_list":"[]","_tribe_ticket_has_attendee_info_fields":false,"footnotes":""},"categories":[1],"tags":[],"class_list":["post-1508","post","type-post","status-publish","format-standard","has-post-thumbnail","hentry","category-noticias"],"_links":{"self":[{"href":"https:\/\/iam.gov.mz\/index.php\/wp-json\/wp\/v2\/posts\/1508","targetHints":{"allow":["GET"]}}],"collection":[{"href":"https:\/\/iam.gov.mz\/index.php\/wp-json\/wp\/v2\/posts"}],"about":[{"href":"https:\/\/iam.gov.mz\/index.php\/wp-json\/wp\/v2\/types\/post"}],"author":[{"embeddable":true,"href":"https:\/\/iam.gov.mz\/index.php\/wp-json\/wp\/v2\/users\/4"}],"replies":[{"embeddable":true,"href":"https:\/\/iam.gov.mz\/index.php\/wp-json\/wp\/v2\/comments?post=1508"}],"version-history":[{"count":0,"href":"https:\/\/iam.gov.mz\/index.php\/wp-json\/wp\/v2\/posts\/1508\/revisions"}],"wp:featuredmedia":[{"embeddable":true,"href":"https:\/\/iam.gov.mz\/index.php\/wp-json\/wp\/v2\/media\/1509"}],"wp:attachment":[{"href":"https:\/\/iam.gov.mz\/index.php\/wp-json\/wp\/v2\/media?parent=1508"}],"wp:term":[{"taxonomy":"category","embeddable":true,"href":"https:\/\/iam.gov.mz\/index.php\/wp-json\/wp\/v2\/categories?post=1508"},{"taxonomy":"post_tag","embeddable":true,"href":"https:\/\/iam.gov.mz\/index.php\/wp-json\/wp\/v2\/tags?post=1508"}],"curies":[{"name":"wp","href":"https:\/\/api.w.org\/{rel}","templated":true}]}}