{"id":1516,"date":"2023-04-03T13:31:30","date_gmt":"2023-04-03T13:31:30","guid":{"rendered":"http:\/\/iam.gov.mz\/?p=1516"},"modified":"2023-04-03T13:31:52","modified_gmt":"2023-04-03T13:31:52","slug":"o-instituto-de-amendoas-de-mocambique-delegacao-da-zambezia-ip","status":"publish","type":"post","link":"https:\/\/iam.gov.mz\/index.php\/2023\/04\/03\/o-instituto-de-amendoas-de-mocambique-delegacao-da-zambezia-ip\/","title":{"rendered":"O Instituto de Am\u00eandoas de Mo\u00e7ambique, Delega\u00e7\u00e3o da Zamb\u00e9zia IP."},"content":{"rendered":"\n<figure class=\"wp-block-image size-large\"><img fetchpriority=\"high\" decoding=\"async\" width=\"1024\" height=\"682\" src=\"http:\/\/iam.gov.mz\/wp-content\/uploads\/2023\/04\/zambezia-1024x682.jpg\" alt=\"\" class=\"wp-image-1517\" srcset=\"https:\/\/iam.gov.mz\/wp-content\/uploads\/2023\/04\/zambezia-1024x682.jpg 1024w, https:\/\/iam.gov.mz\/wp-content\/uploads\/2023\/04\/zambezia-300x200.jpg 300w, https:\/\/iam.gov.mz\/wp-content\/uploads\/2023\/04\/zambezia-768x512.jpg 768w, https:\/\/iam.gov.mz\/wp-content\/uploads\/2023\/04\/zambezia.jpg 1280w\" sizes=\"(max-width: 1024px) 100vw, 1024px\" \/><\/figure>\n\n\n\n<p>Realizou um encontro com o projecto ENABEL, empresa vocacionada na instala\u00e7\u00e3o de pequenos sistemas solares para capta\u00e7\u00e3o de \u00e1gua para irriga\u00e7\u00e3o;<\/p>\n\n\n\n<p>Com vista a buscar sinergias para implanta\u00e7\u00e3o dos referidos sistemas em diferentes viveiros da prov\u00edncia Zamb\u00e9zia, est\u00e3o previstas s\u00e9rie de actividades;<\/p>\n\n\n\n<p>De referir, que a prov\u00edncia da Zamb\u00e9zia enfrenta in\u00fameras dificuldades nesta componente, pelo que se espera ultrapassar com apoio deste projecto.<\/p>\n","protected":false},"excerpt":{"rendered":"<p>Realizou um encontro com o projecto ENABEL, empresa vocacionada na instala\u00e7\u00e3o de pequenos sistemas solares para capta\u00e7\u00e3o de \u00e1gua para irriga\u00e7\u00e3o; Com vista a buscar sinergias para implanta\u00e7\u00e3o dos referidos sistemas em diferentes viveiros da prov\u00edncia Zamb\u00e9zia, est\u00e3o previstas s\u00e9rie de actividades; De referir, que a prov\u00edncia da Zamb\u00e9zia enfrenta in\u00fameras dificuldades nesta componente, pelo que se espera ultrapassar com apoio deste projecto.<\/p>\n","protected":false},"author":4,"featured_media":1517,"comment_status":"closed","ping_status":"closed","sticky":false,"template":"","format":"standard","meta":{"_price":"","_stock":"","_tribe_ticket_header":"","_tribe_default_ticket_provider":"","_tribe_ticket_capacity":"0","_ticket_start_date":"","_ticket_end_date":"","_tribe_ticket_show_description":"","_tribe_ticket_show_not_going":false,"_tribe_ticket_use_global_stock":"","_tribe_ticket_global_stock_level":"","_global_stock_mode":"","_global_stock_cap":"","_tribe_rsvp_for_event":"","_tribe_ticket_going_count":"","_tribe_ticket_not_going_count":"","_tribe_tickets_list":"[]","_tribe_ticket_has_attendee_info_fields":false,"footnotes":""},"categories":[1],"tags":[],"class_list":["post-1516","post","type-post","status-publish","format-standard","has-post-thumbnail","hentry","category-noticias"],"_links":{"self":[{"href":"https:\/\/iam.gov.mz\/index.php\/wp-json\/wp\/v2\/posts\/1516","targetHints":{"allow":["GET"]}}],"collection":[{"href":"https:\/\/iam.gov.mz\/index.php\/wp-json\/wp\/v2\/posts"}],"about":[{"href":"https:\/\/iam.gov.mz\/index.php\/wp-json\/wp\/v2\/types\/post"}],"author":[{"embeddable":true,"href":"https:\/\/iam.gov.mz\/index.php\/wp-json\/wp\/v2\/users\/4"}],"replies":[{"embeddable":true,"href":"https:\/\/iam.gov.mz\/index.php\/wp-json\/wp\/v2\/comments?post=1516"}],"version-history":[{"count":0,"href":"https:\/\/iam.gov.mz\/index.php\/wp-json\/wp\/v2\/posts\/1516\/revisions"}],"wp:featuredmedia":[{"embeddable":true,"href":"https:\/\/iam.gov.mz\/index.php\/wp-json\/wp\/v2\/media\/1517"}],"wp:attachment":[{"href":"https:\/\/iam.gov.mz\/index.php\/wp-json\/wp\/v2\/media?parent=1516"}],"wp:term":[{"taxonomy":"category","embeddable":true,"href":"https:\/\/iam.gov.mz\/index.php\/wp-json\/wp\/v2\/categories?post=1516"},{"taxonomy":"post_tag","embeddable":true,"href":"https:\/\/iam.gov.mz\/index.php\/wp-json\/wp\/v2\/tags?post=1516"}],"curies":[{"name":"wp","href":"https:\/\/api.w.org\/{rel}","templated":true}]}}