{"id":1519,"date":"2023-04-03T13:38:45","date_gmt":"2023-04-03T13:38:45","guid":{"rendered":"http:\/\/iam.gov.mz\/?p=1519"},"modified":"2023-04-03T13:38:45","modified_gmt":"2023-04-03T13:38:45","slug":"director-geral-do-iamip-empossa-novos-chefes-de-departamentos-e-reparticoes-provinciais","status":"publish","type":"post","link":"https:\/\/iam.gov.mz\/index.php\/2023\/04\/03\/director-geral-do-iamip-empossa-novos-chefes-de-departamentos-e-reparticoes-provinciais\/","title":{"rendered":"Director Geral do IAM,IP empossa novos Chefes de Departamentos e Reparti\u00e7\u00f5es provinciais"},"content":{"rendered":"\n<div class=\"wp-block-columns is-layout-flex wp-container-core-columns-is-layout-9d6595d7 wp-block-columns-is-layout-flex\">\n<div class=\"wp-block-column is-layout-flow wp-block-column-is-layout-flow\">\n<figure class=\"wp-block-image size-large\"><img fetchpriority=\"high\" decoding=\"async\" width=\"1024\" height=\"683\" src=\"http:\/\/iam.gov.mz\/wp-content\/uploads\/2023\/04\/WhatsApp-Image-2023-04-03-at-13.36.36-1024x683.jpeg\" alt=\"\" class=\"wp-image-1520\" srcset=\"https:\/\/iam.gov.mz\/wp-content\/uploads\/2023\/04\/WhatsApp-Image-2023-04-03-at-13.36.36-1024x683.jpeg 1024w, https:\/\/iam.gov.mz\/wp-content\/uploads\/2023\/04\/WhatsApp-Image-2023-04-03-at-13.36.36-300x200.jpeg 300w, https:\/\/iam.gov.mz\/wp-content\/uploads\/2023\/04\/WhatsApp-Image-2023-04-03-at-13.36.36-768x512.jpeg 768w, https:\/\/iam.gov.mz\/wp-content\/uploads\/2023\/04\/WhatsApp-Image-2023-04-03-at-13.36.36.jpeg 1500w\" sizes=\"(max-width: 1024px) 100vw, 1024px\" \/><\/figure>\n<\/div>\n\n\n\n<div class=\"wp-block-column is-layout-flow wp-block-column-is-layout-flow\">\n<figure class=\"wp-block-image size-large\"><img decoding=\"async\" width=\"1024\" height=\"682\" src=\"http:\/\/iam.gov.mz\/wp-content\/uploads\/2023\/04\/WhatsApp-Image-2023-04-03-at-13.36.58-1024x682.jpeg\" alt=\"\" class=\"wp-image-1521\" srcset=\"https:\/\/iam.gov.mz\/wp-content\/uploads\/2023\/04\/WhatsApp-Image-2023-04-03-at-13.36.58-1024x682.jpeg 1024w, https:\/\/iam.gov.mz\/wp-content\/uploads\/2023\/04\/WhatsApp-Image-2023-04-03-at-13.36.58-300x200.jpeg 300w, https:\/\/iam.gov.mz\/wp-content\/uploads\/2023\/04\/WhatsApp-Image-2023-04-03-at-13.36.58-768x512.jpeg 768w, https:\/\/iam.gov.mz\/wp-content\/uploads\/2023\/04\/WhatsApp-Image-2023-04-03-at-13.36.58-1536x1023.jpeg 1536w, https:\/\/iam.gov.mz\/wp-content\/uploads\/2023\/04\/WhatsApp-Image-2023-04-03-at-13.36.58.jpeg 1600w\" sizes=\"(max-width: 1024px) 100vw, 1024px\" \/><\/figure>\n<\/div>\n\n\n\n<div class=\"wp-block-column is-layout-flow wp-block-column-is-layout-flow\">\n<figure class=\"wp-block-image size-large\"><img decoding=\"async\" width=\"1024\" height=\"682\" src=\"http:\/\/iam.gov.mz\/wp-content\/uploads\/2023\/04\/WhatsApp-Image-2023-04-03-at-13.36.57-1024x682.jpeg\" alt=\"\" class=\"wp-image-1522\" srcset=\"https:\/\/iam.gov.mz\/wp-content\/uploads\/2023\/04\/WhatsApp-Image-2023-04-03-at-13.36.57-1024x682.jpeg 1024w, https:\/\/iam.gov.mz\/wp-content\/uploads\/2023\/04\/WhatsApp-Image-2023-04-03-at-13.36.57-300x200.jpeg 300w, https:\/\/iam.gov.mz\/wp-content\/uploads\/2023\/04\/WhatsApp-Image-2023-04-03-at-13.36.57-768x512.jpeg 768w, https:\/\/iam.gov.mz\/wp-content\/uploads\/2023\/04\/WhatsApp-Image-2023-04-03-at-13.36.57-1536x1023.jpeg 1536w, https:\/\/iam.gov.mz\/wp-content\/uploads\/2023\/04\/WhatsApp-Image-2023-04-03-at-13.36.57.jpeg 1600w\" sizes=\"(max-width: 1024px) 100vw, 1024px\" \/><\/figure>\n<\/div>\n<\/div>\n\n\n\n<p>O Director Geral do IAM, IP, Il\u00eddio Bande, conferiu posse, esta sexta-feira, 31 de Mar\u00e7o, aos novos chefes dos Departamentos e Reparti\u00e7\u00f5es<br>das Delega\u00e7\u00f5es provinciais de Nampula, Cabo Delgado e Niassa.<\/p>\n\n\n\n<p>O acto decorreu na Cidade de Nampula e foi testemunhada pelo Director Provincial da Agricultura e Pesca, Ernesto Pacule, representante do SPAE, Joaquim Tom\u00e1s e pelos delegados provinciais e t\u00e9cnicos do sector.<\/p>\n\n\n\n<p>Falando na ocasi\u00e3o, o Director Geral do IAM, IP instou aos empossados a serem mais comunicativos e humildes suficientes, com a capacidade de saber ouvir, aprender e a trabalhar em equipa.<\/p>\n\n\n\n<p>E aos delegados provinciais, apelou por outro lado, a olhar para os chefes empossados como seus assessores.<\/p>\n\n\n\n<p>Recorde-se, que o acto da tomada de posse ao n\u00edvel das provincias teve o seu in\u00edcio no passado dia 17 de Mar\u00e7o do m\u00eas em curso.<\/p>\n","protected":false},"excerpt":{"rendered":"<p>O Director Geral do IAM, IP, Il\u00eddio Bande, conferiu posse, esta sexta-feira, 31 de Mar\u00e7o, aos novos chefes dos Departamentos e Reparti\u00e7\u00f5esdas Delega\u00e7\u00f5es provinciais de Nampula, Cabo Delgado e Niassa. O acto decorreu na Cidade de Nampula e foi testemunhada pelo Director Provincial da Agricultura e Pesca, Ernesto Pacule, representante do SPAE, Joaquim Tom\u00e1s e pelos delegados provinciais e t\u00e9cnicos do sector. Falando na ocasi\u00e3o, o Director Geral do IAM, IP instou aos empossados a serem mais comunicativos e humildes suficientes, com a capacidade de saber ouvir, aprender e a trabalhar em equipa. E aos delegados provinciais, apelou por outro [&hellip;]<\/p>\n","protected":false},"author":4,"featured_media":1523,"comment_status":"closed","ping_status":"closed","sticky":false,"template":"","format":"standard","meta":{"_price":"","_stock":"","_tribe_ticket_header":"","_tribe_default_ticket_provider":"","_tribe_ticket_capacity":"0","_ticket_start_date":"","_ticket_end_date":"","_tribe_ticket_show_description":"","_tribe_ticket_show_not_going":false,"_tribe_ticket_use_global_stock":"","_tribe_ticket_global_stock_level":"","_global_stock_mode":"","_global_stock_cap":"","_tribe_rsvp_for_event":"","_tribe_ticket_going_count":"","_tribe_ticket_not_going_count":"","_tribe_tickets_list":"[]","_tribe_ticket_has_attendee_info_fields":false,"footnotes":""},"categories":[1],"tags":[],"class_list":["post-1519","post","type-post","status-publish","format-standard","has-post-thumbnail","hentry","category-noticias"],"_links":{"self":[{"href":"https:\/\/iam.gov.mz\/index.php\/wp-json\/wp\/v2\/posts\/1519","targetHints":{"allow":["GET"]}}],"collection":[{"href":"https:\/\/iam.gov.mz\/index.php\/wp-json\/wp\/v2\/posts"}],"about":[{"href":"https:\/\/iam.gov.mz\/index.php\/wp-json\/wp\/v2\/types\/post"}],"author":[{"embeddable":true,"href":"https:\/\/iam.gov.mz\/index.php\/wp-json\/wp\/v2\/users\/4"}],"replies":[{"embeddable":true,"href":"https:\/\/iam.gov.mz\/index.php\/wp-json\/wp\/v2\/comments?post=1519"}],"version-history":[{"count":0,"href":"https:\/\/iam.gov.mz\/index.php\/wp-json\/wp\/v2\/posts\/1519\/revisions"}],"wp:featuredmedia":[{"embeddable":true,"href":"https:\/\/iam.gov.mz\/index.php\/wp-json\/wp\/v2\/media\/1523"}],"wp:attachment":[{"href":"https:\/\/iam.gov.mz\/index.php\/wp-json\/wp\/v2\/media?parent=1519"}],"wp:term":[{"taxonomy":"category","embeddable":true,"href":"https:\/\/iam.gov.mz\/index.php\/wp-json\/wp\/v2\/categories?post=1519"},{"taxonomy":"post_tag","embeddable":true,"href":"https:\/\/iam.gov.mz\/index.php\/wp-json\/wp\/v2\/tags?post=1519"}],"curies":[{"name":"wp","href":"https:\/\/api.w.org\/{rel}","templated":true}]}}