{"id":1525,"date":"2023-04-05T08:58:11","date_gmt":"2023-04-05T08:58:11","guid":{"rendered":"http:\/\/iam.gov.mz\/?p=1525"},"modified":"2023-04-10T08:59:19","modified_gmt":"2023-04-10T08:59:19","slug":"novos-quadros-de-direccao-tomam-posse-nas-delegacoes-de-manica-e-sofala","status":"publish","type":"post","link":"https:\/\/iam.gov.mz\/index.php\/2023\/04\/05\/novos-quadros-de-direccao-tomam-posse-nas-delegacoes-de-manica-e-sofala\/","title":{"rendered":"Novos quadros de direc\u00e7\u00e3o tomam posse nas Delega\u00e7\u00f5es de Manica e Sofala"},"content":{"rendered":"\n<div class=\"wp-block-columns is-layout-flex wp-container-core-columns-is-layout-9d6595d7 wp-block-columns-is-layout-flex\">\n<div class=\"wp-block-column is-layout-flow wp-block-column-is-layout-flow\">\n<figure class=\"wp-block-image size-full\"><img fetchpriority=\"high\" decoding=\"async\" width=\"1000\" height=\"667\" src=\"http:\/\/iam.gov.mz\/wp-content\/uploads\/2023\/04\/IMG_7678.jpg\" alt=\"\" class=\"wp-image-1526\" srcset=\"https:\/\/iam.gov.mz\/wp-content\/uploads\/2023\/04\/IMG_7678.jpg 1000w, https:\/\/iam.gov.mz\/wp-content\/uploads\/2023\/04\/IMG_7678-300x200.jpg 300w, https:\/\/iam.gov.mz\/wp-content\/uploads\/2023\/04\/IMG_7678-768x512.jpg 768w\" sizes=\"(max-width: 1000px) 100vw, 1000px\" \/><\/figure>\n<\/div>\n\n\n\n<div class=\"wp-block-column is-layout-flow wp-block-column-is-layout-flow\">\n<figure class=\"wp-block-image size-full\"><img decoding=\"async\" width=\"1000\" height=\"667\" src=\"http:\/\/iam.gov.mz\/wp-content\/uploads\/2023\/04\/IMG_7782.jpg\" alt=\"\" class=\"wp-image-1527\" srcset=\"https:\/\/iam.gov.mz\/wp-content\/uploads\/2023\/04\/IMG_7782.jpg 1000w, https:\/\/iam.gov.mz\/wp-content\/uploads\/2023\/04\/IMG_7782-300x200.jpg 300w, https:\/\/iam.gov.mz\/wp-content\/uploads\/2023\/04\/IMG_7782-768x512.jpg 768w\" sizes=\"(max-width: 1000px) 100vw, 1000px\" \/><\/figure>\n<\/div>\n\n\n\n<div class=\"wp-block-column is-layout-flow wp-block-column-is-layout-flow\">\n<figure class=\"wp-block-image size-full\"><img decoding=\"async\" width=\"1000\" height=\"667\" src=\"http:\/\/iam.gov.mz\/wp-content\/uploads\/2023\/04\/IMG_7768.jpg\" alt=\"\" class=\"wp-image-1528\" srcset=\"https:\/\/iam.gov.mz\/wp-content\/uploads\/2023\/04\/IMG_7768.jpg 1000w, https:\/\/iam.gov.mz\/wp-content\/uploads\/2023\/04\/IMG_7768-300x200.jpg 300w, https:\/\/iam.gov.mz\/wp-content\/uploads\/2023\/04\/IMG_7768-768x512.jpg 768w\" sizes=\"(max-width: 1000px) 100vw, 1000px\" \/><\/figure>\n<\/div>\n<\/div>\n\n\n\n<p><strong>O Director Geral do Instituto de Am\u00eandoas de Mo\u00e7ambique, IP, Il\u00eddio Bande, conferiu posse, na passada Quinta -Feira, 05 de Abril de 2023, aos novos chefes dos Departamentos e Reparti\u00e7\u00f5es das Delega\u00e7\u00f5es de Manica e Sofala<\/strong><\/p>\n\n\n\n<p>Trata-se de um &nbsp;acto que juntou as delega\u00e7\u00f5es da regi\u00e3o Centro do pa\u00eds nomeadamente Manica e Sofala que decorreu na Cidade da Beira. &nbsp;Falando na ocasi\u00e3o, o Director Geral do IAM, instou aos empossados maior empenho no desempenho das actividades das suas novas fun\u00e7\u00f5es. Discursando na ocasi\u00e3o, o Director Geral do IAM, Il\u00eddio Bande, orientou aos delegados para que olhem para Chefes de departamentos e de reparti\u00e7\u00f5es como seus assessores e juntos desempenharem as fun\u00e7\u00f5es de forma alinhada para o alcance dos objectivos da institui\u00e7\u00e3o.<\/p>\n","protected":false},"excerpt":{"rendered":"<p>O Director Geral do Instituto de Am\u00eandoas de Mo\u00e7ambique, IP, Il\u00eddio Bande, conferiu posse, na passada Quinta -Feira, 05 de Abril de 2023, aos novos chefes dos Departamentos e Reparti\u00e7\u00f5es das Delega\u00e7\u00f5es de Manica e Sofala Trata-se de um &nbsp;acto que juntou as delega\u00e7\u00f5es da regi\u00e3o Centro do pa\u00eds nomeadamente Manica e Sofala que decorreu na Cidade da Beira. &nbsp;Falando na ocasi\u00e3o, o Director Geral do IAM, instou aos empossados maior empenho no desempenho das actividades das suas novas fun\u00e7\u00f5es. Discursando na ocasi\u00e3o, o Director Geral do IAM, Il\u00eddio Bande, orientou aos delegados para que olhem para Chefes de departamentos [&hellip;]<\/p>\n","protected":false},"author":4,"featured_media":1528,"comment_status":"closed","ping_status":"closed","sticky":false,"template":"","format":"standard","meta":{"_price":"","_stock":"","_tribe_ticket_header":"","_tribe_default_ticket_provider":"","_tribe_ticket_capacity":"0","_ticket_start_date":"","_ticket_end_date":"","_tribe_ticket_show_description":"","_tribe_ticket_show_not_going":false,"_tribe_ticket_use_global_stock":"","_tribe_ticket_global_stock_level":"","_global_stock_mode":"","_global_stock_cap":"","_tribe_rsvp_for_event":"","_tribe_ticket_going_count":"","_tribe_ticket_not_going_count":"","_tribe_tickets_list":"[]","_tribe_ticket_has_attendee_info_fields":false,"footnotes":""},"categories":[1],"tags":[],"class_list":["post-1525","post","type-post","status-publish","format-standard","has-post-thumbnail","hentry","category-noticias"],"_links":{"self":[{"href":"https:\/\/iam.gov.mz\/index.php\/wp-json\/wp\/v2\/posts\/1525","targetHints":{"allow":["GET"]}}],"collection":[{"href":"https:\/\/iam.gov.mz\/index.php\/wp-json\/wp\/v2\/posts"}],"about":[{"href":"https:\/\/iam.gov.mz\/index.php\/wp-json\/wp\/v2\/types\/post"}],"author":[{"embeddable":true,"href":"https:\/\/iam.gov.mz\/index.php\/wp-json\/wp\/v2\/users\/4"}],"replies":[{"embeddable":true,"href":"https:\/\/iam.gov.mz\/index.php\/wp-json\/wp\/v2\/comments?post=1525"}],"version-history":[{"count":0,"href":"https:\/\/iam.gov.mz\/index.php\/wp-json\/wp\/v2\/posts\/1525\/revisions"}],"wp:featuredmedia":[{"embeddable":true,"href":"https:\/\/iam.gov.mz\/index.php\/wp-json\/wp\/v2\/media\/1528"}],"wp:attachment":[{"href":"https:\/\/iam.gov.mz\/index.php\/wp-json\/wp\/v2\/media?parent=1525"}],"wp:term":[{"taxonomy":"category","embeddable":true,"href":"https:\/\/iam.gov.mz\/index.php\/wp-json\/wp\/v2\/categories?post=1525"},{"taxonomy":"post_tag","embeddable":true,"href":"https:\/\/iam.gov.mz\/index.php\/wp-json\/wp\/v2\/tags?post=1525"}],"curies":[{"name":"wp","href":"https:\/\/api.w.org\/{rel}","templated":true}]}}