{"id":1591,"date":"2023-08-31T13:20:18","date_gmt":"2023-08-31T13:20:18","guid":{"rendered":"http:\/\/iam.gov.mz\/?p=1591"},"modified":"2023-09-12T15:07:51","modified_gmt":"2023-09-12T15:07:51","slug":"participacao-do-instituto-de-amendoas-de-mocambique-na-facim-2023","status":"publish","type":"post","link":"https:\/\/iam.gov.mz\/index.php\/2023\/08\/31\/participacao-do-instituto-de-amendoas-de-mocambique-na-facim-2023\/","title":{"rendered":"PR visita Stand do IAM na FACIM"},"content":{"rendered":"\n<p><strong>O Presidente da Republica de Mo\u00e7ambique, Filipe Jacinto Nyusi,&nbsp; na visita que efectou na 58\u00aa Edi\u00e7\u00e3o da Feira Internacional de Maputo mostrou- se satisfeito com os avan\u00e7os alcan\u00e7ados no subsector de am\u00eandoas no tocante a cultura da macad\u00e2mia.<\/strong><\/p>\n\n\n\n<p>Durante a visita o PR ficou satisfeito com a qualidade da castanha de caju que apreciou durante a visita da exposi\u00e7\u00e3o.<\/p>\n\n\n\n<div class=\"wp-block-columns is-layout-flex wp-container-core-columns-is-layout-9d6595d7 wp-block-columns-is-layout-flex\">\n<div class=\"wp-block-column is-layout-flow wp-block-column-is-layout-flow\">\n<figure class=\"wp-block-image size-full\"><img fetchpriority=\"high\" decoding=\"async\" width=\"1024\" height=\"682\" src=\"http:\/\/iam.gov.mz\/wp-content\/uploads\/2023\/09\/WhatsApp-Image-2023-08-29-at-15.41.13.jpeg\" alt=\"\" class=\"wp-image-1593\" srcset=\"https:\/\/iam.gov.mz\/wp-content\/uploads\/2023\/09\/WhatsApp-Image-2023-08-29-at-15.41.13.jpeg 1024w, https:\/\/iam.gov.mz\/wp-content\/uploads\/2023\/09\/WhatsApp-Image-2023-08-29-at-15.41.13-300x200.jpeg 300w, https:\/\/iam.gov.mz\/wp-content\/uploads\/2023\/09\/WhatsApp-Image-2023-08-29-at-15.41.13-768x512.jpeg 768w\" sizes=\"(max-width: 1024px) 100vw, 1024px\" \/><\/figure>\n\n\n\n<div class=\"wp-block-columns is-layout-flex wp-container-core-columns-is-layout-9d6595d7 wp-block-columns-is-layout-flex\">\n<div class=\"wp-block-column is-layout-flow wp-block-column-is-layout-flow\">\n<figure class=\"wp-block-image size-large\"><img decoding=\"async\" width=\"768\" height=\"1024\" src=\"http:\/\/iam.gov.mz\/wp-content\/uploads\/2023\/09\/WhatsApp-Image-2023-08-31-at-09.57.18-768x1024.jpeg\" alt=\"\" class=\"wp-image-1596\" srcset=\"https:\/\/iam.gov.mz\/wp-content\/uploads\/2023\/09\/WhatsApp-Image-2023-08-31-at-09.57.18-768x1024.jpeg 768w, https:\/\/iam.gov.mz\/wp-content\/uploads\/2023\/09\/WhatsApp-Image-2023-08-31-at-09.57.18-225x300.jpeg 225w, https:\/\/iam.gov.mz\/wp-content\/uploads\/2023\/09\/WhatsApp-Image-2023-08-31-at-09.57.18-1152x1536.jpeg 1152w, https:\/\/iam.gov.mz\/wp-content\/uploads\/2023\/09\/WhatsApp-Image-2023-08-31-at-09.57.18.jpeg 1200w\" sizes=\"(max-width: 768px) 100vw, 768px\" \/><\/figure>\n<\/div>\n<\/div>\n<\/div>\n\n\n\n<div class=\"wp-block-column is-layout-flow wp-block-column-is-layout-flow\">\n<figure class=\"wp-block-gallery has-nested-images columns-default is-cropped wp-block-gallery-1 is-layout-flex wp-block-gallery-is-layout-flex\">\n<figure class=\"wp-block-image size-large\"><img decoding=\"async\" width=\"1024\" height=\"682\" data-id=\"1592\" src=\"http:\/\/iam.gov.mz\/wp-content\/uploads\/2023\/09\/WhatsApp-Image-2023-08-29-at-15.41.14.jpeg\" alt=\"\" class=\"wp-image-1592\" srcset=\"https:\/\/iam.gov.mz\/wp-content\/uploads\/2023\/09\/WhatsApp-Image-2023-08-29-at-15.41.14.jpeg 1024w, https:\/\/iam.gov.mz\/wp-content\/uploads\/2023\/09\/WhatsApp-Image-2023-08-29-at-15.41.14-300x200.jpeg 300w, https:\/\/iam.gov.mz\/wp-content\/uploads\/2023\/09\/WhatsApp-Image-2023-08-29-at-15.41.14-768x512.jpeg 768w\" sizes=\"(max-width: 1024px) 100vw, 1024px\" \/><\/figure>\n<\/figure>\n\n\n\n<div class=\"wp-block-columns is-layout-flex wp-container-core-columns-is-layout-9d6595d7 wp-block-columns-is-layout-flex\">\n<div class=\"wp-block-column is-layout-flow wp-block-column-is-layout-flow\">\n<figure class=\"wp-block-gallery has-nested-images columns-default is-cropped wp-block-gallery-2 is-layout-flex wp-block-gallery-is-layout-flex\">\n<figure class=\"wp-block-image size-large\"><img loading=\"lazy\" decoding=\"async\" width=\"1024\" height=\"682\" data-id=\"1595\" src=\"http:\/\/iam.gov.mz\/wp-content\/uploads\/2023\/09\/WhatsApp-Image-2023-08-29-at-15.41.16.jpeg\" alt=\"\" class=\"wp-image-1595\" srcset=\"https:\/\/iam.gov.mz\/wp-content\/uploads\/2023\/09\/WhatsApp-Image-2023-08-29-at-15.41.16.jpeg 1024w, https:\/\/iam.gov.mz\/wp-content\/uploads\/2023\/09\/WhatsApp-Image-2023-08-29-at-15.41.16-300x200.jpeg 300w, https:\/\/iam.gov.mz\/wp-content\/uploads\/2023\/09\/WhatsApp-Image-2023-08-29-at-15.41.16-768x512.jpeg 768w\" sizes=\"(max-width: 1024px) 100vw, 1024px\" \/><\/figure>\n<\/figure>\n<\/div>\n<\/div>\n<\/div>\n\n\n\n<div class=\"wp-block-column is-layout-flow wp-block-column-is-layout-flow\">\n<figure class=\"wp-block-image size-full\"><img loading=\"lazy\" decoding=\"async\" width=\"683\" height=\"1024\" src=\"http:\/\/iam.gov.mz\/wp-content\/uploads\/2023\/09\/WhatsApp-Image-2023-08-29-at-15.41.17.jpeg\" alt=\"\" class=\"wp-image-1594\" srcset=\"https:\/\/iam.gov.mz\/wp-content\/uploads\/2023\/09\/WhatsApp-Image-2023-08-29-at-15.41.17.jpeg 683w, https:\/\/iam.gov.mz\/wp-content\/uploads\/2023\/09\/WhatsApp-Image-2023-08-29-at-15.41.17-200x300.jpeg 200w\" sizes=\"(max-width: 683px) 100vw, 683px\" \/><\/figure>\n<\/div>\n<\/div>\n\n\n\n<p><\/p>\n","protected":false},"excerpt":{"rendered":"<p>O Presidente da Republica de Mo\u00e7ambique, Filipe Jacinto Nyusi,&nbsp; na visita que efectou na 58\u00aa Edi\u00e7\u00e3o da Feira Internacional de Maputo mostrou- se satisfeito com os avan\u00e7os alcan\u00e7ados no subsector de am\u00eandoas no tocante a cultura da macad\u00e2mia. Durante a visita o PR ficou satisfeito com a qualidade da castanha de caju que apreciou durante a visita da exposi\u00e7\u00e3o.<\/p>\n","protected":false},"author":4,"featured_media":1600,"comment_status":"closed","ping_status":"closed","sticky":false,"template":"","format":"standard","meta":{"_price":"","_stock":"","_tribe_ticket_header":"","_tribe_default_ticket_provider":"","_tribe_ticket_capacity":"0","_ticket_start_date":"","_ticket_end_date":"","_tribe_ticket_show_description":"","_tribe_ticket_show_not_going":false,"_tribe_ticket_use_global_stock":"","_tribe_ticket_global_stock_level":"","_global_stock_mode":"","_global_stock_cap":"","_tribe_rsvp_for_event":"","_tribe_ticket_going_count":"","_tribe_ticket_not_going_count":"","_tribe_tickets_list":"[]","_tribe_ticket_has_attendee_info_fields":false,"footnotes":""},"categories":[1],"tags":[],"class_list":["post-1591","post","type-post","status-publish","format-standard","has-post-thumbnail","hentry","category-noticias"],"_links":{"self":[{"href":"https:\/\/iam.gov.mz\/index.php\/wp-json\/wp\/v2\/posts\/1591","targetHints":{"allow":["GET"]}}],"collection":[{"href":"https:\/\/iam.gov.mz\/index.php\/wp-json\/wp\/v2\/posts"}],"about":[{"href":"https:\/\/iam.gov.mz\/index.php\/wp-json\/wp\/v2\/types\/post"}],"author":[{"embeddable":true,"href":"https:\/\/iam.gov.mz\/index.php\/wp-json\/wp\/v2\/users\/4"}],"replies":[{"embeddable":true,"href":"https:\/\/iam.gov.mz\/index.php\/wp-json\/wp\/v2\/comments?post=1591"}],"version-history":[{"count":0,"href":"https:\/\/iam.gov.mz\/index.php\/wp-json\/wp\/v2\/posts\/1591\/revisions"}],"wp:featuredmedia":[{"embeddable":true,"href":"https:\/\/iam.gov.mz\/index.php\/wp-json\/wp\/v2\/media\/1600"}],"wp:attachment":[{"href":"https:\/\/iam.gov.mz\/index.php\/wp-json\/wp\/v2\/media?parent=1591"}],"wp:term":[{"taxonomy":"category","embeddable":true,"href":"https:\/\/iam.gov.mz\/index.php\/wp-json\/wp\/v2\/categories?post=1591"},{"taxonomy":"post_tag","embeddable":true,"href":"https:\/\/iam.gov.mz\/index.php\/wp-json\/wp\/v2\/tags?post=1591"}],"curies":[{"name":"wp","href":"https:\/\/api.w.org\/{rel}","templated":true}]}}