{"id":1634,"date":"2023-10-27T08:41:51","date_gmt":"2023-10-27T08:41:51","guid":{"rendered":"https:\/\/iam.gov.mz\/?p=1634"},"modified":"2023-11-07T09:10:09","modified_gmt":"2023-11-07T09:10:09","slug":"iamip-de-nampula-capacita-tecnicos-em-materia-de-monitoria-de-comercializacao-da-castanha-de-caju","status":"publish","type":"post","link":"https:\/\/iam.gov.mz\/index.php\/2023\/10\/27\/iamip-de-nampula-capacita-tecnicos-em-materia-de-monitoria-de-comercializacao-da-castanha-de-caju\/","title":{"rendered":"IAM,IP DE NAMPULA CAPACITA T\u00c9CNICOS EM MAT\u00c9RIA DE MONITORIA DE COMERCIALIZA\u00c7\u00c3O DA CASTANHA DE CAJU"},"content":{"rendered":"\n<figure class=\"wp-block-image size-large\"><img fetchpriority=\"high\" decoding=\"async\" width=\"1024\" height=\"682\" src=\"http:\/\/iam.gov.mz\/wp-content\/uploads\/2023\/11\/WhatsApp-Image-2023-11-02-at-15.17.00-1024x682.jpeg\" alt=\"\" class=\"wp-image-1636\" srcset=\"https:\/\/iam.gov.mz\/wp-content\/uploads\/2023\/11\/WhatsApp-Image-2023-11-02-at-15.17.00-1024x682.jpeg 1024w, https:\/\/iam.gov.mz\/wp-content\/uploads\/2023\/11\/WhatsApp-Image-2023-11-02-at-15.17.00-300x200.jpeg 300w, https:\/\/iam.gov.mz\/wp-content\/uploads\/2023\/11\/WhatsApp-Image-2023-11-02-at-15.17.00-768x512.jpeg 768w, https:\/\/iam.gov.mz\/wp-content\/uploads\/2023\/11\/WhatsApp-Image-2023-11-02-at-15.17.00.jpeg 1280w\" sizes=\"(max-width: 1024px) 100vw, 1024px\" \/><\/figure>\n\n\n\n<p>O Instituto de Am\u00eandoas de Mo\u00e7ambique-Delega\u00e7\u00e3o de Nampula, realizou no dia 27 Outubro, uma reciclagem em mat\u00e9ria de monitoria de comercializa\u00e7\u00e3o da castanha de caju, que contou com a presen\u00e7a de 39 participantes, entre representante do IAM, IP Sede, representante do SDAE, T\u00e9cnicos da Delega\u00e7\u00e3o, supervisores distritais e extensionistas.<\/p>\n\n\n\n<p>O evento decorreu no Posto administrativo de Anchilo, Distrito de Meconta, e tinha como objectivo dotar os participantes de conhecimento sobre os principais instrumentos, a serem usados durante o processo de monitoria da castanha de caju, ao n\u00edvel da Prov\u00edncia de Nampula.<\/p>\n\n\n\n<p>Durante o encontro foram apresentados e discutidos temas como Execu\u00e7\u00e3o financeira, ponto de situa\u00e7\u00e3o dos recursos humanos, balan\u00e7o do maneio integrado do cajueiro, balan\u00e7o da campanha de comercializa\u00e7\u00e3o 22\/23, sistema de monitoria e igualmente out turn da castanha de caju. A reciclagem adotou uma metodologia participativa caracterizada por palestras, debates e sess\u00f5es pr\u00e1ticas.<\/p>\n\n\n\n<p>Falando em representa\u00e7\u00e3o da Directora Distrital das Actividades Econ\u00f3micas, o senhor Afonso Jamal, chefe da Reparti\u00e7\u00e3o de licenciamento, demonstrou a sua satisfa\u00e7\u00e3o pela escolha do distrito de Meconta para acolher o evento, e desejou boas vindas aos participantes ao Distrito.<\/p>\n\n\n\n<p>J\u00e1, o Delegado do IAM, IP na Prov\u00edncia de Nampula, J\u00falio Langa, no seu discurso, destacou as principais ac\u00e7\u00f5es que foram desenvolvidas pelo sector do caju ao longo da presente campanha e reconheceu os esfor\u00e7os empreendidos pelos t\u00e9cnicos, em prol do desenvolvimento da cadeia de valor do caju.<\/p>\n\n\n\n<p>Por sua vez, a Chefe do Departamento de comercializa\u00e7\u00e3o, no IAM-SEDE Enga. L\u00facia Ant\u00f3nio, sublinhou que a realiza\u00e7\u00e3o do treinamento sobre o sistema de Monitoria da Comercializa\u00e7\u00e3o visa dotar os actores de Caju de conhecimentos sobre princ\u00edpios e normas de comercializa\u00e7\u00e3o com o intuito de assegurar a recolha e sistematiza\u00e7\u00e3o de dados fi\u00e1veis ao longo da cadeia de valor do caju<\/p>\n\n\n\n<p>A signat\u00e1ria ressalvou que s\u00e3o esperados como resultados, a realiza\u00e7\u00e3o de r\u00e9plicas aos produtores e comerciantes iniciais, a mobiliza\u00e7\u00e3o de actores para um maior engajamento no processo de comercializa\u00e7\u00e3o, garantir a venda de castanha de qualidade e redu\u00e7\u00e3o de assimetrias de pre\u00e7os, promover os procedimentos p\u00f3s colheita e a venda colectiva da castanha de caju.<\/p>\n\n\n\n<p>A terminar manifestou a sua satisfa\u00e7\u00e3o e apre\u00e7o aos treinandos para que o alcance dos objectivos do treinamento que decorreu num ambiente de franca abertura e cordialidade.<\/p>\n\n\n\n<p>Recorde-se que, na presente campanha a Prov\u00edncia de Nampula, tem como plano de comercializar cerca de 82400 Toneladas de castanha de caju<\/p>\n","protected":false},"excerpt":{"rendered":"<p>O Instituto de Am\u00eandoas de Mo\u00e7ambique-Delega\u00e7\u00e3o de Nampula, realizou no dia 27 Outubro, uma reciclagem em mat\u00e9ria de monitoria de comercializa\u00e7\u00e3o da castanha de caju, que contou com a presen\u00e7a de 39 participantes, entre representante do IAM, IP Sede, representante do SDAE, T\u00e9cnicos da Delega\u00e7\u00e3o, supervisores distritais e extensionistas. O evento decorreu no Posto administrativo de Anchilo, Distrito de Meconta, e tinha como objectivo dotar os participantes de conhecimento sobre os principais instrumentos, a serem usados durante o processo de monitoria da castanha de caju, ao n\u00edvel da Prov\u00edncia de Nampula. Durante o encontro foram apresentados e discutidos temas como [&hellip;]<\/p>\n","protected":false},"author":4,"featured_media":1636,"comment_status":"closed","ping_status":"closed","sticky":false,"template":"","format":"standard","meta":{"_price":"","_stock":"","_tribe_ticket_header":"","_tribe_default_ticket_provider":"","_tribe_ticket_capacity":"0","_ticket_start_date":"","_ticket_end_date":"","_tribe_ticket_show_description":"","_tribe_ticket_show_not_going":false,"_tribe_ticket_use_global_stock":"","_tribe_ticket_global_stock_level":"","_global_stock_mode":"","_global_stock_cap":"","_tribe_rsvp_for_event":"","_tribe_ticket_going_count":"","_tribe_ticket_not_going_count":"","_tribe_tickets_list":"[]","_tribe_ticket_has_attendee_info_fields":false,"footnotes":""},"categories":[1],"tags":[],"class_list":["post-1634","post","type-post","status-publish","format-standard","has-post-thumbnail","hentry","category-noticias"],"_links":{"self":[{"href":"https:\/\/iam.gov.mz\/index.php\/wp-json\/wp\/v2\/posts\/1634","targetHints":{"allow":["GET"]}}],"collection":[{"href":"https:\/\/iam.gov.mz\/index.php\/wp-json\/wp\/v2\/posts"}],"about":[{"href":"https:\/\/iam.gov.mz\/index.php\/wp-json\/wp\/v2\/types\/post"}],"author":[{"embeddable":true,"href":"https:\/\/iam.gov.mz\/index.php\/wp-json\/wp\/v2\/users\/4"}],"replies":[{"embeddable":true,"href":"https:\/\/iam.gov.mz\/index.php\/wp-json\/wp\/v2\/comments?post=1634"}],"version-history":[{"count":0,"href":"https:\/\/iam.gov.mz\/index.php\/wp-json\/wp\/v2\/posts\/1634\/revisions"}],"wp:featuredmedia":[{"embeddable":true,"href":"https:\/\/iam.gov.mz\/index.php\/wp-json\/wp\/v2\/media\/1636"}],"wp:attachment":[{"href":"https:\/\/iam.gov.mz\/index.php\/wp-json\/wp\/v2\/media?parent=1634"}],"wp:term":[{"taxonomy":"category","embeddable":true,"href":"https:\/\/iam.gov.mz\/index.php\/wp-json\/wp\/v2\/categories?post=1634"},{"taxonomy":"post_tag","embeddable":true,"href":"https:\/\/iam.gov.mz\/index.php\/wp-json\/wp\/v2\/tags?post=1634"}],"curies":[{"name":"wp","href":"https:\/\/api.w.org\/{rel}","templated":true}]}}