{"id":1638,"date":"2023-11-02T09:11:39","date_gmt":"2023-11-02T09:11:39","guid":{"rendered":"https:\/\/iam.gov.mz\/?p=1638"},"modified":"2023-11-07T09:16:40","modified_gmt":"2023-11-07T09:16:40","slug":"a-delegacao-do-iam-ip-de-inhambane-realizou-ontem-31-10-2023-na-sala-de-sessoes-a-reuniao-tecnica-provincial","status":"publish","type":"post","link":"https:\/\/iam.gov.mz\/index.php\/2023\/11\/02\/a-delegacao-do-iam-ip-de-inhambane-realizou-ontem-31-10-2023-na-sala-de-sessoes-a-reuniao-tecnica-provincial\/","title":{"rendered":"A Delega\u00e7\u00e3o do IAM, IP de Inhambane, realizou ontem 31\/10\/2023 na sala de sess\u00f5es a reuni\u00e3o t\u00e9cnica provincial ."},"content":{"rendered":"\n<figure class=\"wp-block-image size-large\"><img fetchpriority=\"high\" decoding=\"async\" width=\"1024\" height=\"461\" src=\"https:\/\/iam.gov.mz\/wp-content\/uploads\/2023\/11\/Zambezia-1024x461.jpg\" alt=\"\" class=\"wp-image-1639\" srcset=\"https:\/\/iam.gov.mz\/wp-content\/uploads\/2023\/11\/Zambezia-1024x461.jpg 1024w, https:\/\/iam.gov.mz\/wp-content\/uploads\/2023\/11\/Zambezia-300x135.jpg 300w, https:\/\/iam.gov.mz\/wp-content\/uploads\/2023\/11\/Zambezia-768x346.jpg 768w, https:\/\/iam.gov.mz\/wp-content\/uploads\/2023\/11\/Zambezia-1536x691.jpg 1536w, https:\/\/iam.gov.mz\/wp-content\/uploads\/2023\/11\/Zambezia.jpg 1600w\" sizes=\"(max-width: 1024px) 100vw, 1024px\" \/><\/figure>\n\n\n\n<p>O evento contou com a participa\u00e7\u00e3o de 16 t\u00e9cnicos ramais de toda prov\u00edncia e a n\u00edvel da Delega\u00e7\u00e3o t\u00e9cnicos do DPMA e DDPA e foi moderada pelo Delegado Provincial.<\/p>\n\n\n\n<p>O encontro tinha os objetivos seguintes:<\/p>\n\n\n\n<p>\u2713 <a><\/a>Apresentar o Balan\u00e7o de produ\u00e7\u00e3o de mudas e comercializa\u00e7\u00e3o da castanha de caju 2022\/2023;<\/p>\n\n\n\n<p>\u2713 Apresentar o ponto de situa\u00e7\u00e3o de estalecimento de cajueiros e o tratamento qu\u00edmico &#8211; 2023;<\/p>\n\n\n\n<p>\u2713 Discutir e harmonizar os procedimentos a observar no Sistema de monitoria da comercializa\u00e7\u00e3o da castanha de caju edi\u00e7\u00e3o 2023\/ 2024.<\/p>\n\n\n\n<p>Alguma imagens ilustrativas<\/p>\n","protected":false},"excerpt":{"rendered":"<p>O evento contou com a participa\u00e7\u00e3o de 16 t\u00e9cnicos ramais de toda prov\u00edncia e a n\u00edvel da Delega\u00e7\u00e3o t\u00e9cnicos do DPMA e DDPA e foi moderada pelo Delegado Provincial. O encontro tinha os objetivos seguintes: \u2713 Apresentar o Balan\u00e7o de produ\u00e7\u00e3o de mudas e comercializa\u00e7\u00e3o da castanha de caju 2022\/2023; \u2713 Apresentar o ponto de situa\u00e7\u00e3o de estalecimento de cajueiros e o tratamento qu\u00edmico &#8211; 2023; \u2713 Discutir e harmonizar os procedimentos a observar no Sistema de monitoria da comercializa\u00e7\u00e3o da castanha de caju edi\u00e7\u00e3o 2023\/ 2024. Alguma imagens ilustrativas<\/p>\n","protected":false},"author":4,"featured_media":1639,"comment_status":"closed","ping_status":"closed","sticky":false,"template":"","format":"standard","meta":{"_price":"","_stock":"","_tribe_ticket_header":"","_tribe_default_ticket_provider":"","_tribe_ticket_capacity":"0","_ticket_start_date":"","_ticket_end_date":"","_tribe_ticket_show_description":"","_tribe_ticket_show_not_going":false,"_tribe_ticket_use_global_stock":"","_tribe_ticket_global_stock_level":"","_global_stock_mode":"","_global_stock_cap":"","_tribe_rsvp_for_event":"","_tribe_ticket_going_count":"","_tribe_ticket_not_going_count":"","_tribe_tickets_list":"[]","_tribe_ticket_has_attendee_info_fields":false,"footnotes":""},"categories":[1],"tags":[],"class_list":["post-1638","post","type-post","status-publish","format-standard","has-post-thumbnail","hentry","category-noticias"],"_links":{"self":[{"href":"https:\/\/iam.gov.mz\/index.php\/wp-json\/wp\/v2\/posts\/1638","targetHints":{"allow":["GET"]}}],"collection":[{"href":"https:\/\/iam.gov.mz\/index.php\/wp-json\/wp\/v2\/posts"}],"about":[{"href":"https:\/\/iam.gov.mz\/index.php\/wp-json\/wp\/v2\/types\/post"}],"author":[{"embeddable":true,"href":"https:\/\/iam.gov.mz\/index.php\/wp-json\/wp\/v2\/users\/4"}],"replies":[{"embeddable":true,"href":"https:\/\/iam.gov.mz\/index.php\/wp-json\/wp\/v2\/comments?post=1638"}],"version-history":[{"count":0,"href":"https:\/\/iam.gov.mz\/index.php\/wp-json\/wp\/v2\/posts\/1638\/revisions"}],"wp:featuredmedia":[{"embeddable":true,"href":"https:\/\/iam.gov.mz\/index.php\/wp-json\/wp\/v2\/media\/1639"}],"wp:attachment":[{"href":"https:\/\/iam.gov.mz\/index.php\/wp-json\/wp\/v2\/media?parent=1638"}],"wp:term":[{"taxonomy":"category","embeddable":true,"href":"https:\/\/iam.gov.mz\/index.php\/wp-json\/wp\/v2\/categories?post=1638"},{"taxonomy":"post_tag","embeddable":true,"href":"https:\/\/iam.gov.mz\/index.php\/wp-json\/wp\/v2\/tags?post=1638"}],"curies":[{"name":"wp","href":"https:\/\/api.w.org\/{rel}","templated":true}]}}