{"id":165,"date":"2021-05-25T12:29:18","date_gmt":"2021-05-25T12:29:18","guid":{"rendered":"http:\/\/iam.gov.mz\/?p=165"},"modified":"2021-12-02T07:14:31","modified_gmt":"2021-12-02T07:14:31","slug":"iam-discute-sobre-certificacao-de-sementes-policlonais-e-mudas","status":"publish","type":"post","link":"https:\/\/iam.gov.mz\/index.php\/2021\/05\/25\/iam-discute-sobre-certificacao-de-sementes-policlonais-e-mudas\/","title":{"rendered":"IAM DISCUTE SOBRE CERTIFICA\u00c7\u00c3O DE SEMENTES POLICLONAIS E MUDAS"},"content":{"rendered":"\n<figure class=\"wp-block-image size-large\"><img fetchpriority=\"high\" decoding=\"async\" width=\"1024\" height=\"594\" src=\"http:\/\/iam.gov.mz\/wp-content\/uploads\/2021\/05\/158A8429-1-1024x594.jpg\" alt=\"\" class=\"wp-image-513\" srcset=\"https:\/\/iam.gov.mz\/wp-content\/uploads\/2021\/05\/158A8429-1-1024x594.jpg 1024w, https:\/\/iam.gov.mz\/wp-content\/uploads\/2021\/05\/158A8429-1-300x174.jpg 300w, https:\/\/iam.gov.mz\/wp-content\/uploads\/2021\/05\/158A8429-1-768x445.jpg 768w, https:\/\/iam.gov.mz\/wp-content\/uploads\/2021\/05\/158A8429-1-1536x891.jpg 1536w, https:\/\/iam.gov.mz\/wp-content\/uploads\/2021\/05\/158A8429-1-2048x1188.jpg 2048w\" sizes=\"(max-width: 1024px) 100vw, 1024px\" \/><\/figure>\n\n\n\n<p><strong>Sobre o lema \u201cPor uma investiga\u00e7\u00e3o de am\u00eandoas, efectiva, integrada e sustent\u00e1vel\u201d o Instituto de Am\u00eandoas de Mo\u00e7ambique (IAM), realizou nos dias 19 a 21 de Maio, na prov\u00edncia de Maputo, uma reuni\u00e3o t\u00e9cnica de investiga\u00e7\u00e3o para discutir sobre registo de clones e certifica\u00e7\u00e3o de semente policlonal e mudas do cajueiro.<\/strong><\/p>\n\n\n\n<p>Trata-se de um encontro que, reuniu t\u00e9cnicos do IAM, cujo abertura foi dirigida pelo Director Geral Instituto de Am\u00eandoas de Mo\u00e7ambique, Ilidio Bande, que no acto da sua interven\u00e7\u00e3o disse que, o encontro visa garantir melhor alinhamento da proposta de registo de clones e certifica\u00e7\u00e3o de semente policlonal e mudas de cajueiros, bem como aprimorar a metodologia de sua operacionaliza\u00e7\u00e3o.<\/p>\n\n\n\n<p>Para o Director, Ilidio Bande espera que, com a discuss\u00e3o ora iniciada, a equipa consolide a norma t\u00e9cnica sobre produ\u00e7\u00e3o de sementes de castanha de caju e desenhe as normas t\u00e9cnicas sobre registo de mudas e certifica\u00e7\u00e3o de semente policlonal do cajueiro.<\/p>\n\n\n\n<p><em>\u201cEspera-se que a equipa proponha crit\u00e9rios para a certifica\u00e7\u00e3o do campo de produ\u00e7\u00e3o de semente policlonal e\/ou da semente policlonal, para viabilizar a tecnologia; bem como elabore descritores m\u00ednimos do cajueiro, documento que compreende as bases que ir\u00e3o permitir avaliar gen\u00f3tipos de cajueiro para fins de melhoramento e identifica\u00e7\u00e3o de variedades\u201d.<\/em><\/p>\n\n\n\n<p>Para o titular da pasta do IAM, considerando que, a investiga\u00e7\u00e3o de am\u00eandoas \u00e9 essencial para o desenvolvimento do Pa\u00eds, a sua implementa\u00e7\u00e3o continua sendo um desafio, principalmente devido \u00e0 insufici\u00eancia de recursos humanos, materiais e financeiros para a operacionaliza\u00e7\u00e3o do Programa de Investiga\u00e7\u00e3o de Am\u00eandoas e garantir a sustentabilidade do agro-neg\u00f3cio do caju.<\/p>\n\n\n\n<div class=\"wp-block-columns is-layout-flex wp-container-core-columns-is-layout-9d6595d7 wp-block-columns-is-layout-flex\">\n<div class=\"wp-block-column is-layout-flow wp-block-column-is-layout-flow\">\n<figure class=\"wp-block-image size-large\"><img decoding=\"async\" width=\"1024\" height=\"535\" src=\"http:\/\/iam.gov.mz\/wp-content\/uploads\/2021\/12\/158A8390-1024x535.jpg\" alt=\"\" class=\"wp-image-514\" srcset=\"https:\/\/iam.gov.mz\/wp-content\/uploads\/2021\/12\/158A8390-1024x535.jpg 1024w, https:\/\/iam.gov.mz\/wp-content\/uploads\/2021\/12\/158A8390-300x157.jpg 300w, https:\/\/iam.gov.mz\/wp-content\/uploads\/2021\/12\/158A8390-768x401.jpg 768w, https:\/\/iam.gov.mz\/wp-content\/uploads\/2021\/12\/158A8390-1536x803.jpg 1536w, https:\/\/iam.gov.mz\/wp-content\/uploads\/2021\/12\/158A8390-2048x1070.jpg 2048w\" sizes=\"(max-width: 1024px) 100vw, 1024px\" \/><\/figure>\n<\/div>\n\n\n\n<div class=\"wp-block-column is-layout-flow wp-block-column-is-layout-flow\">\n<figure class=\"wp-block-gallery columns-1 is-cropped wp-block-gallery-1 is-layout-flex wp-block-gallery-is-layout-flex\"><ul class=\"blocks-gallery-grid\"><li class=\"blocks-gallery-item\"><figure><img decoding=\"async\" width=\"1024\" height=\"567\" src=\"http:\/\/iam.gov.mz\/wp-content\/uploads\/2021\/12\/158A8362-1024x567.jpg\" alt=\"\" data-id=\"515\" data-full-url=\"http:\/\/iam.gov.mz\/wp-content\/uploads\/2021\/12\/158A8362-scaled.jpg\" data-link=\"http:\/\/iam.gov.mz\/index.php\/2021\/05\/25\/iam-discute-sobre-certificacao-de-sementes-policlonais-e-mudas\/158a8362\/\" class=\"wp-image-515\" srcset=\"https:\/\/iam.gov.mz\/wp-content\/uploads\/2021\/12\/158A8362-1024x567.jpg 1024w, https:\/\/iam.gov.mz\/wp-content\/uploads\/2021\/12\/158A8362-300x166.jpg 300w, https:\/\/iam.gov.mz\/wp-content\/uploads\/2021\/12\/158A8362-768x425.jpg 768w, https:\/\/iam.gov.mz\/wp-content\/uploads\/2021\/12\/158A8362-1536x850.jpg 1536w, https:\/\/iam.gov.mz\/wp-content\/uploads\/2021\/12\/158A8362-2048x1134.jpg 2048w\" sizes=\"(max-width: 1024px) 100vw, 1024px\" \/><\/figure><\/li><\/ul><\/figure>\n<\/div>\n\n\n\n<div class=\"wp-block-column is-layout-flow wp-block-column-is-layout-flow\">\n<figure class=\"wp-block-gallery columns-1 is-cropped wp-block-gallery-2 is-layout-flex wp-block-gallery-is-layout-flex\"><ul class=\"blocks-gallery-grid\"><li class=\"blocks-gallery-item\"><figure><img loading=\"lazy\" decoding=\"async\" width=\"1024\" height=\"656\" src=\"http:\/\/iam.gov.mz\/wp-content\/uploads\/2021\/12\/158A8347-1024x656.jpg\" alt=\"\" data-id=\"516\" data-full-url=\"http:\/\/iam.gov.mz\/wp-content\/uploads\/2021\/12\/158A8347-scaled.jpg\" data-link=\"http:\/\/iam.gov.mz\/index.php\/2021\/05\/25\/iam-discute-sobre-certificacao-de-sementes-policlonais-e-mudas\/158a8347\/\" class=\"wp-image-516\" srcset=\"https:\/\/iam.gov.mz\/wp-content\/uploads\/2021\/12\/158A8347-1024x656.jpg 1024w, https:\/\/iam.gov.mz\/wp-content\/uploads\/2021\/12\/158A8347-300x192.jpg 300w, https:\/\/iam.gov.mz\/wp-content\/uploads\/2021\/12\/158A8347-768x492.jpg 768w, https:\/\/iam.gov.mz\/wp-content\/uploads\/2021\/12\/158A8347-1536x984.jpg 1536w, https:\/\/iam.gov.mz\/wp-content\/uploads\/2021\/12\/158A8347-2048x1311.jpg 2048w\" sizes=\"(max-width: 1024px) 100vw, 1024px\" \/><\/figure><\/li><\/ul><\/figure>\n<\/div>\n<\/div>\n","protected":false},"excerpt":{"rendered":"<p>Sobre o lema \u201cPor uma investiga\u00e7\u00e3o de am\u00eandoas, efectiva, integrada e sustent\u00e1vel\u201d o Instituto de Am\u00eandoas de Mo\u00e7ambique (IAM), realizou nos dias 19 a 21 de Maio, na prov\u00edncia de Maputo, uma reuni\u00e3o t\u00e9cnica de investiga\u00e7\u00e3o para discutir sobre registo de clones e certifica\u00e7\u00e3o de semente policlonal e mudas do cajueiro. Trata-se de um encontro que, reuniu t\u00e9cnicos do IAM, cujo abertura foi dirigida pelo Director Geral Instituto de Am\u00eandoas de Mo\u00e7ambique, Ilidio Bande, que no acto da sua interven\u00e7\u00e3o disse que, o encontro visa garantir melhor alinhamento da proposta de registo de clones e certifica\u00e7\u00e3o de semente policlonal e [&hellip;]<\/p>\n","protected":false},"author":1,"featured_media":166,"comment_status":"closed","ping_status":"closed","sticky":false,"template":"","format":"standard","meta":{"_price":"","_stock":"","_tribe_ticket_header":"","_tribe_default_ticket_provider":"","_tribe_ticket_capacity":"0","_ticket_start_date":"","_ticket_end_date":"","_tribe_ticket_show_description":"","_tribe_ticket_show_not_going":false,"_tribe_ticket_use_global_stock":"","_tribe_ticket_global_stock_level":"","_global_stock_mode":"","_global_stock_cap":"","_tribe_rsvp_for_event":"","_tribe_ticket_going_count":"","_tribe_ticket_not_going_count":"","_tribe_tickets_list":"[]","_tribe_ticket_has_attendee_info_fields":false,"footnotes":""},"categories":[1],"tags":[],"class_list":["post-165","post","type-post","status-publish","format-standard","has-post-thumbnail","hentry","category-noticias"],"_links":{"self":[{"href":"https:\/\/iam.gov.mz\/index.php\/wp-json\/wp\/v2\/posts\/165","targetHints":{"allow":["GET"]}}],"collection":[{"href":"https:\/\/iam.gov.mz\/index.php\/wp-json\/wp\/v2\/posts"}],"about":[{"href":"https:\/\/iam.gov.mz\/index.php\/wp-json\/wp\/v2\/types\/post"}],"author":[{"embeddable":true,"href":"https:\/\/iam.gov.mz\/index.php\/wp-json\/wp\/v2\/users\/1"}],"replies":[{"embeddable":true,"href":"https:\/\/iam.gov.mz\/index.php\/wp-json\/wp\/v2\/comments?post=165"}],"version-history":[{"count":0,"href":"https:\/\/iam.gov.mz\/index.php\/wp-json\/wp\/v2\/posts\/165\/revisions"}],"wp:featuredmedia":[{"embeddable":true,"href":"https:\/\/iam.gov.mz\/index.php\/wp-json\/wp\/v2\/media\/166"}],"wp:attachment":[{"href":"https:\/\/iam.gov.mz\/index.php\/wp-json\/wp\/v2\/media?parent=165"}],"wp:term":[{"taxonomy":"category","embeddable":true,"href":"https:\/\/iam.gov.mz\/index.php\/wp-json\/wp\/v2\/categories?post=165"},{"taxonomy":"post_tag","embeddable":true,"href":"https:\/\/iam.gov.mz\/index.php\/wp-json\/wp\/v2\/tags?post=165"}],"curies":[{"name":"wp","href":"https:\/\/api.w.org\/{rel}","templated":true}]}}