{"id":1655,"date":"2023-12-16T11:11:56","date_gmt":"2023-12-16T11:11:56","guid":{"rendered":"http:\/\/iam.gov.mz\/?p=1655"},"modified":"2023-12-26T10:11:23","modified_gmt":"2023-12-26T10:11:23","slug":"7a-edicao-do-festival-do-caju","status":"publish","type":"post","link":"https:\/\/iam.gov.mz\/index.php\/2023\/12\/16\/7a-edicao-do-festival-do-caju\/","title":{"rendered":"7\u00aa Edi\u00e7\u00e3o do Festival do Caju"},"content":{"rendered":"\n<div class=\"wp-block-columns is-layout-flex wp-container-core-columns-is-layout-9d6595d7 wp-block-columns-is-layout-flex\">\n<div class=\"wp-block-column is-layout-flow wp-block-column-is-layout-flow\">\n<figure class=\"wp-block-gallery has-nested-images columns-default is-cropped wp-block-gallery-1 is-layout-flex wp-block-gallery-is-layout-flex\">\n<figure class=\"wp-block-image size-large\"><img fetchpriority=\"high\" decoding=\"async\" width=\"1024\" height=\"768\" data-id=\"1668\" src=\"https:\/\/iam.gov.mz\/wp-content\/uploads\/2023\/12\/WhatsApp-Image-2023-12-18-at-11.31.00-1024x768.jpeg\" alt=\"\" class=\"wp-image-1668\" srcset=\"https:\/\/iam.gov.mz\/wp-content\/uploads\/2023\/12\/WhatsApp-Image-2023-12-18-at-11.31.00-1024x768.jpeg 1024w, https:\/\/iam.gov.mz\/wp-content\/uploads\/2023\/12\/WhatsApp-Image-2023-12-18-at-11.31.00-300x225.jpeg 300w, https:\/\/iam.gov.mz\/wp-content\/uploads\/2023\/12\/WhatsApp-Image-2023-12-18-at-11.31.00-768x576.jpeg 768w, https:\/\/iam.gov.mz\/wp-content\/uploads\/2023\/12\/WhatsApp-Image-2023-12-18-at-11.31.00-1536x1152.jpeg 1536w, https:\/\/iam.gov.mz\/wp-content\/uploads\/2023\/12\/WhatsApp-Image-2023-12-18-at-11.31.00.jpeg 1600w\" sizes=\"(max-width: 1024px) 100vw, 1024px\" \/><\/figure>\n<\/figure>\n<\/div>\n\n\n\n<div class=\"wp-block-column is-layout-flow wp-block-column-is-layout-flow\">\n<figure class=\"wp-block-image size-large\"><img decoding=\"async\" width=\"1024\" height=\"768\" src=\"https:\/\/iam.gov.mz\/wp-content\/uploads\/2023\/12\/WhatsApp-Image-2023-12-18-at-11.30.591-1024x768.jpeg\" alt=\"\" class=\"wp-image-1669\" srcset=\"https:\/\/iam.gov.mz\/wp-content\/uploads\/2023\/12\/WhatsApp-Image-2023-12-18-at-11.30.591-1024x768.jpeg 1024w, https:\/\/iam.gov.mz\/wp-content\/uploads\/2023\/12\/WhatsApp-Image-2023-12-18-at-11.30.591-300x225.jpeg 300w, https:\/\/iam.gov.mz\/wp-content\/uploads\/2023\/12\/WhatsApp-Image-2023-12-18-at-11.30.591-768x576.jpeg 768w, https:\/\/iam.gov.mz\/wp-content\/uploads\/2023\/12\/WhatsApp-Image-2023-12-18-at-11.30.591-1536x1152.jpeg 1536w, https:\/\/iam.gov.mz\/wp-content\/uploads\/2023\/12\/WhatsApp-Image-2023-12-18-at-11.30.591.jpeg 1600w\" sizes=\"(max-width: 1024px) 100vw, 1024px\" \/><\/figure>\n<\/div>\n<\/div>\n\n\n\n<p>A Prov\u00edncia de Gaza realizou no S\u00e1bado dia 16\/12\/2023, a 7\u00aa Edi\u00e7\u00e3o do Festival do Caju no Posto Administrativo de Macuacua, Distrito de Mandlakazi.<br>O evento tinha como objetivo promover intera\u00e7\u00e3o entre os diferentes actores da cadeia de valor do Caju bem como criar oportunidades para a comercializa\u00e7\u00e3o de produtos e subprodutos do caju.<br>A cerim\u00f3nia foi orientada pela sua Excia Margarida Mapandzene, Governadora da Prov\u00edncia de Gaza e contou com a participa\u00e7\u00e3o de membros do governo da Prov\u00edncia, Distrito e T\u00e9cnicos das Delega\u00e7\u00f5es de Inhambane e Maputo.<br>Dentre v\u00e1rias actividades realizadas destaca-se a feira de exposi\u00e7\u00e3o de produtos e subprodutos de caju.<br>Participaram no evento mais de 1000 participantes dos quais pouco mais de 50 s\u00e3o expositores.<br>As imagens abaixo testemunham os momentos marcantes do evento<\/p>\n","protected":false},"excerpt":{"rendered":"<p>A Prov\u00edncia de Gaza realizou no S\u00e1bado dia 16\/12\/2023, a 7\u00aa Edi\u00e7\u00e3o do Festival do Caju no Posto Administrativo de Macuacua, Distrito de Mandlakazi.O evento tinha como objetivo promover intera\u00e7\u00e3o entre os diferentes actores da cadeia de valor do Caju bem como criar oportunidades para a comercializa\u00e7\u00e3o de produtos e subprodutos do caju.A cerim\u00f3nia foi orientada pela sua Excia Margarida Mapandzene, Governadora da Prov\u00edncia de Gaza e contou com a participa\u00e7\u00e3o de membros do governo da Prov\u00edncia, Distrito e T\u00e9cnicos das Delega\u00e7\u00f5es de Inhambane e Maputo.Dentre v\u00e1rias actividades realizadas destaca-se a feira de exposi\u00e7\u00e3o de produtos e subprodutos de caju.Participaram [&hellip;]<\/p>\n","protected":false},"author":4,"featured_media":1657,"comment_status":"closed","ping_status":"closed","sticky":false,"template":"","format":"standard","meta":{"_price":"","_stock":"","_tribe_ticket_header":"","_tribe_default_ticket_provider":"","_tribe_ticket_capacity":"0","_ticket_start_date":"","_ticket_end_date":"","_tribe_ticket_show_description":"","_tribe_ticket_show_not_going":false,"_tribe_ticket_use_global_stock":"","_tribe_ticket_global_stock_level":"","_global_stock_mode":"","_global_stock_cap":"","_tribe_rsvp_for_event":"","_tribe_ticket_going_count":"","_tribe_ticket_not_going_count":"","_tribe_tickets_list":"[]","_tribe_ticket_has_attendee_info_fields":false,"footnotes":""},"categories":[1],"tags":[],"class_list":["post-1655","post","type-post","status-publish","format-standard","has-post-thumbnail","hentry","category-noticias"],"_links":{"self":[{"href":"https:\/\/iam.gov.mz\/index.php\/wp-json\/wp\/v2\/posts\/1655","targetHints":{"allow":["GET"]}}],"collection":[{"href":"https:\/\/iam.gov.mz\/index.php\/wp-json\/wp\/v2\/posts"}],"about":[{"href":"https:\/\/iam.gov.mz\/index.php\/wp-json\/wp\/v2\/types\/post"}],"author":[{"embeddable":true,"href":"https:\/\/iam.gov.mz\/index.php\/wp-json\/wp\/v2\/users\/4"}],"replies":[{"embeddable":true,"href":"https:\/\/iam.gov.mz\/index.php\/wp-json\/wp\/v2\/comments?post=1655"}],"version-history":[{"count":0,"href":"https:\/\/iam.gov.mz\/index.php\/wp-json\/wp\/v2\/posts\/1655\/revisions"}],"wp:featuredmedia":[{"embeddable":true,"href":"https:\/\/iam.gov.mz\/index.php\/wp-json\/wp\/v2\/media\/1657"}],"wp:attachment":[{"href":"https:\/\/iam.gov.mz\/index.php\/wp-json\/wp\/v2\/media?parent=1655"}],"wp:term":[{"taxonomy":"category","embeddable":true,"href":"https:\/\/iam.gov.mz\/index.php\/wp-json\/wp\/v2\/categories?post=1655"},{"taxonomy":"post_tag","embeddable":true,"href":"https:\/\/iam.gov.mz\/index.php\/wp-json\/wp\/v2\/tags?post=1655"}],"curies":[{"name":"wp","href":"https:\/\/api.w.org\/{rel}","templated":true}]}}