{"id":1683,"date":"2024-02-06T12:02:30","date_gmt":"2024-02-06T12:02:30","guid":{"rendered":"https:\/\/iam.gov.mz\/?p=1683"},"modified":"2024-02-06T12:02:31","modified_gmt":"2024-02-06T12:02:31","slug":"quadros-de-iamip-participam-da-conferencia-mundial-do-caju-em-cambodja","status":"publish","type":"post","link":"https:\/\/iam.gov.mz\/index.php\/2024\/02\/06\/quadros-de-iamip-participam-da-conferencia-mundial-do-caju-em-cambodja\/","title":{"rendered":"Quadros de IAM,IP participam da Confer\u00eancia Mundial do Caju em Cambodja"},"content":{"rendered":"\n<figure class=\"wp-block-image size-large\"><img fetchpriority=\"high\" decoding=\"async\" width=\"1024\" height=\"768\" src=\"http:\/\/iam.gov.mz\/wp-content\/uploads\/2024\/02\/WhatsApp-Image-2024-02-06-at-13.05.30-1024x768.jpeg\" alt=\"\" class=\"wp-image-1684\" srcset=\"https:\/\/iam.gov.mz\/wp-content\/uploads\/2024\/02\/WhatsApp-Image-2024-02-06-at-13.05.30-1024x768.jpeg 1024w, https:\/\/iam.gov.mz\/wp-content\/uploads\/2024\/02\/WhatsApp-Image-2024-02-06-at-13.05.30-300x225.jpeg 300w, https:\/\/iam.gov.mz\/wp-content\/uploads\/2024\/02\/WhatsApp-Image-2024-02-06-at-13.05.30-768x576.jpeg 768w, https:\/\/iam.gov.mz\/wp-content\/uploads\/2024\/02\/WhatsApp-Image-2024-02-06-at-13.05.30.jpeg 1280w\" sizes=\"(max-width: 1024px) 100vw, 1024px\" \/><\/figure>\n\n\n\n<p>A confer\u00eancia Mundial do caju, decorreu em Cambodja nos dias 01-03 de Janeiro, cujo<br>objectivo principal \u00e9 reunir os intervenientes da cadeia de valor do caju, constituindo uma<br>plataforma para o estabelecimento de parcerias, promo\u00e7\u00e3o de oportunidades de neg\u00f3cios,<br>divulga\u00e7\u00e3o de tecnologias inovadoras e das novas ten\u00eancias do Mercado Mundial do Caju.<\/p>\n\n\n\n<p>Nesta Confer\u00eancia, a equipe de t\u00e9cnicos a participar no evento \u00e9 liderado pelo Il\u00eddio Bande,<br>Director Geral do Instituto de Am\u00eandoas de Mo\u00e7ambique, que tem como agenda acertar alguns<br>detalhes sobre o processo de ades\u00e3o de Mo\u00e7ambique neste organismo internacional.<\/p>\n\n\n\n<p>Este evento decorre anualmente e \u00e9 organizado pela World Cashew Conference (WCC), que<br>igualmente organiza a feira de exposi\u00e7\u00e3o internacional de equipamentos e tecnologia de<br>transforma\u00e7\u00e3o na ind\u00fastria do caju.<\/p>\n","protected":false},"excerpt":{"rendered":"<p>A confer\u00eancia Mundial do caju, decorreu em Cambodja nos dias 01-03 de Janeiro, cujoobjectivo principal \u00e9 reunir os intervenientes da cadeia de valor do caju, constituindo umaplataforma para o estabelecimento de parcerias, promo\u00e7\u00e3o de oportunidades de neg\u00f3cios,divulga\u00e7\u00e3o de tecnologias inovadoras e das novas ten\u00eancias do Mercado Mundial do Caju. Nesta Confer\u00eancia, a equipe de t\u00e9cnicos a participar no evento \u00e9 liderado pelo Il\u00eddio Bande,Director Geral do Instituto de Am\u00eandoas de Mo\u00e7ambique, que tem como agenda acertar algunsdetalhes sobre o processo de ades\u00e3o de Mo\u00e7ambique neste organismo internacional. Este evento decorre anualmente e \u00e9 organizado pela World Cashew Conference (WCC), queigualmente [&hellip;]<\/p>\n","protected":false},"author":4,"featured_media":1684,"comment_status":"closed","ping_status":"closed","sticky":false,"template":"","format":"standard","meta":{"_price":"","_stock":"","_tribe_ticket_header":"","_tribe_default_ticket_provider":"","_tribe_ticket_capacity":"0","_ticket_start_date":"","_ticket_end_date":"","_tribe_ticket_show_description":"","_tribe_ticket_show_not_going":false,"_tribe_ticket_use_global_stock":"","_tribe_ticket_global_stock_level":"","_global_stock_mode":"","_global_stock_cap":"","_tribe_rsvp_for_event":"","_tribe_ticket_going_count":"","_tribe_ticket_not_going_count":"","_tribe_tickets_list":"[]","_tribe_ticket_has_attendee_info_fields":false,"footnotes":""},"categories":[1],"tags":[],"class_list":["post-1683","post","type-post","status-publish","format-standard","has-post-thumbnail","hentry","category-noticias"],"_links":{"self":[{"href":"https:\/\/iam.gov.mz\/index.php\/wp-json\/wp\/v2\/posts\/1683","targetHints":{"allow":["GET"]}}],"collection":[{"href":"https:\/\/iam.gov.mz\/index.php\/wp-json\/wp\/v2\/posts"}],"about":[{"href":"https:\/\/iam.gov.mz\/index.php\/wp-json\/wp\/v2\/types\/post"}],"author":[{"embeddable":true,"href":"https:\/\/iam.gov.mz\/index.php\/wp-json\/wp\/v2\/users\/4"}],"replies":[{"embeddable":true,"href":"https:\/\/iam.gov.mz\/index.php\/wp-json\/wp\/v2\/comments?post=1683"}],"version-history":[{"count":0,"href":"https:\/\/iam.gov.mz\/index.php\/wp-json\/wp\/v2\/posts\/1683\/revisions"}],"wp:featuredmedia":[{"embeddable":true,"href":"https:\/\/iam.gov.mz\/index.php\/wp-json\/wp\/v2\/media\/1684"}],"wp:attachment":[{"href":"https:\/\/iam.gov.mz\/index.php\/wp-json\/wp\/v2\/media?parent=1683"}],"wp:term":[{"taxonomy":"category","embeddable":true,"href":"https:\/\/iam.gov.mz\/index.php\/wp-json\/wp\/v2\/categories?post=1683"},{"taxonomy":"post_tag","embeddable":true,"href":"https:\/\/iam.gov.mz\/index.php\/wp-json\/wp\/v2\/tags?post=1683"}],"curies":[{"name":"wp","href":"https:\/\/api.w.org\/{rel}","templated":true}]}}