{"id":1735,"date":"2024-04-05T08:20:40","date_gmt":"2024-04-05T08:20:40","guid":{"rendered":"https:\/\/iam.gov.mz\/?p=1735"},"modified":"2024-09-27T19:34:00","modified_gmt":"2024-09-27T19:34:00","slug":"empossados-novos-chefes-de-departamento-e-reparticoes-provinciais","status":"publish","type":"post","link":"https:\/\/iam.gov.mz\/index.php\/2024\/04\/05\/empossados-novos-chefes-de-departamento-e-reparticoes-provinciais\/","title":{"rendered":"Empossados novos chefes de departamento e reparti\u00e7\u00f5es provinciais"},"content":{"rendered":"\n<p><strong>O Director Geral do Instituto de Am\u00eandoas de Mo\u00e7ambique,IP, Il\u00eddio Bande, conferiu posse na manh\u00e3 da sexta-feira, dia 05 de Abril de 2024 a sete novos chefes de departamentos e reparti\u00e7\u00f5es provinciais que passam a exercer novas fun\u00e7\u00f5es no subsector de am\u00eandoas.<\/strong><\/p>\n\n\n\n<div class=\"wp-block-columns is-layout-flex wp-container-core-columns-is-layout-9d6595d7 wp-block-columns-is-layout-flex\">\n<div class=\"wp-block-column is-layout-flow wp-block-column-is-layout-flow\">\n<figure class=\"wp-block-image size-large\"><img fetchpriority=\"high\" decoding=\"async\" width=\"1024\" height=\"652\" src=\"https:\/\/iam.gov.mz\/wp-content\/uploads\/2024\/04\/IMG_8469-1-1024x652.jpg\" alt=\"\" class=\"wp-image-1736\" srcset=\"https:\/\/iam.gov.mz\/wp-content\/uploads\/2024\/04\/IMG_8469-1-1024x652.jpg 1024w, https:\/\/iam.gov.mz\/wp-content\/uploads\/2024\/04\/IMG_8469-1-300x191.jpg 300w, https:\/\/iam.gov.mz\/wp-content\/uploads\/2024\/04\/IMG_8469-1-768x489.jpg 768w, https:\/\/iam.gov.mz\/wp-content\/uploads\/2024\/04\/IMG_8469-1-1536x977.jpg 1536w, https:\/\/iam.gov.mz\/wp-content\/uploads\/2024\/04\/IMG_8469-1-2048x1303.jpg 2048w\" sizes=\"(max-width: 1024px) 100vw, 1024px\" \/><\/figure>\n<\/div>\n\n\n\n<div class=\"wp-block-column is-layout-flow wp-block-column-is-layout-flow\">\n<figure class=\"wp-block-image size-large\"><img decoding=\"async\" width=\"1024\" height=\"683\" src=\"https:\/\/iam.gov.mz\/wp-content\/uploads\/2024\/04\/IMG_8434-1024x683.jpg\" alt=\"\" class=\"wp-image-1737\" srcset=\"https:\/\/iam.gov.mz\/wp-content\/uploads\/2024\/04\/IMG_8434-1024x683.jpg 1024w, https:\/\/iam.gov.mz\/wp-content\/uploads\/2024\/04\/IMG_8434-300x200.jpg 300w, https:\/\/iam.gov.mz\/wp-content\/uploads\/2024\/04\/IMG_8434-768x512.jpg 768w, https:\/\/iam.gov.mz\/wp-content\/uploads\/2024\/04\/IMG_8434-1536x1024.jpg 1536w, https:\/\/iam.gov.mz\/wp-content\/uploads\/2024\/04\/IMG_8434-2048x1365.jpg 2048w\" sizes=\"(max-width: 1024px) 100vw, 1024px\" \/><\/figure>\n<\/div>\n\n\n\n<div class=\"wp-block-column is-layout-flow wp-block-column-is-layout-flow\">\n<figure class=\"wp-block-image size-large\"><img decoding=\"async\" width=\"1024\" height=\"660\" src=\"https:\/\/iam.gov.mz\/wp-content\/uploads\/2024\/04\/IMG_8374-1024x660.jpg\" alt=\"\" class=\"wp-image-1738\" srcset=\"https:\/\/iam.gov.mz\/wp-content\/uploads\/2024\/04\/IMG_8374-1024x660.jpg 1024w, https:\/\/iam.gov.mz\/wp-content\/uploads\/2024\/04\/IMG_8374-300x193.jpg 300w, https:\/\/iam.gov.mz\/wp-content\/uploads\/2024\/04\/IMG_8374-768x495.jpg 768w, https:\/\/iam.gov.mz\/wp-content\/uploads\/2024\/04\/IMG_8374-1536x990.jpg 1536w, https:\/\/iam.gov.mz\/wp-content\/uploads\/2024\/04\/IMG_8374-2048x1320.jpg 2048w\" sizes=\"(max-width: 1024px) 100vw, 1024px\" \/><\/figure>\n<\/div>\n<\/div>\n\n\n\n<p>Trata-se, do Osvaldo Jos\u00e9 Joaquim Castro, indicado para o cargo de Chefe de Departamento Provincial de Desenvolvimento da Produ\u00e7\u00e3o de Am\u00eandoas na Delega\u00e7\u00e3o do Instituto de Am\u00eandoas de Mo\u00e7ambique, IP de Manica; Paulo Castigo Choquice, Chefe de Departamento Provincial de Planifica\u00e7\u00e3o, Monitoria e Avalia\u00e7\u00e3o na Delega\u00e7\u00e3o do Instituto de Am\u00eandoas de Mo\u00e7ambique, IP de Manica; Carlitos Jacinto Notisso, para Chefe de Reparti\u00e7\u00e3o Provincial de Administra\u00e7\u00e3o e Finan\u00e7as na Delega\u00e7\u00e3o do Instituto de Am\u00eandoas de Mo\u00e7ambique, IP de Maputo; Catiza Amade Adamo Marjane, Chefe de Reparti\u00e7\u00e3o Provincial de Recursos Humanos na Delega\u00e7\u00e3o do Instituto de Am\u00eandoas de Mo\u00e7ambique, IP de Nampula; Aua Mustafa Rachide, Chefe de Reparti\u00e7\u00e3o Provincial de Aquisi\u00e7\u00f5es na Delega\u00e7\u00e3o do Instituto de Am\u00eandoas de Mo\u00e7ambique, IP de Niassa; Figueiredo Pascual Cumbana, Chefe de Reparti\u00e7\u00e3o Provincial de Aquisi\u00e7\u00e3o, na Delega\u00e7\u00e3o do Instituto de Am\u00eandoas de Mo\u00e7ambique, IP de Maputo, Sifa Raimundo Jamal, Chefe de Reparti\u00e7\u00e3o Central Aut\u00f3nomo de Assessoria Jur\u00eddica e Nat\u00e9rcia Sarmento Cossa, para a fun\u00e7\u00e3o de Chefe de Reparti\u00e7\u00e3o Central de Finan\u00e7as;<\/p>\n\n\n\n<p>No discurso de ocasi\u00e3o o director Geral, referiu que, este exerc\u00edcio resulta das reformas legais e institucionais que v\u00eam sendo implementadas no pa\u00eds e no MADER em particular e que levaram \u00e0 cria\u00e7\u00e3o do Instituto de Am\u00eandoas de Mo\u00e7ambique, IP, cujo mandato \u00e9 o fomento da produ\u00e7\u00e3o e processamento de am\u00eandoas, representando um crescimento horizontal e vertical das atribui\u00e7\u00f5es. Os Departamentos e Reparti\u00e7\u00f5es Provinciais que comp\u00f5em a estrutura da delega\u00e7\u00e3o, t\u00eam objectivos e tarefas espec\u00edficas.<\/p>\n\n\n\n<p>Ainda na sua interven\u00e7\u00e3o, instou aos empossados a adop\u00e7\u00e3o de estrat\u00e9gias de fomento ajustadas \u00e0s condi\u00e7\u00f5es espec\u00edficas e \u00e0s vantagens comparativas e competitivas de cada zona de interven\u00e7\u00e3o, a difus\u00e3o e adop\u00e7\u00e3o de tecnologias e sistemas de produ\u00e7\u00e3o amigas do ambiente e resilientes face \u00e0s adversidades do ambiente.<\/p>\n\n\n\n<p>Para o Departamento de Planifica\u00e7\u00e3o, Monitoria e Avalia\u00e7\u00e3o, orientou a assegurar que a planifica\u00e7\u00e3o seja um efectivo instrumento de gest\u00e3o atrav\u00e9s do qual se optimizam os recursos e minimizam as imprevisibilidades e Conceber um sistema de colecta, processamento e sistematiza\u00e7\u00e3o de dados, transformando-os em informa\u00e7\u00e3o \u00fatil no processo de decis\u00e3o.<\/p>\n\n\n\n<p>O Director Geral, o IAM,IP, Il\u00eddio Bande sublinhou que, espera deste acto de nomea\u00e7\u00e3o que resultem delega\u00e7\u00f5es provinciais fortes e \u00e0 altura dos desafios impostos ao subsector de am\u00eandoas e apelou aos empossados para que olhem para os cargos que hoje assumem n\u00e3o como uma oportunidade individual, mas uma miss\u00e3o que dever\u00e1 ser cumprida ao n\u00edvel de cada unidade org\u00e2nica visando o objectivo global do instituto como um todo.<\/p>\n","protected":false},"excerpt":{"rendered":"<p>O Director Geral do Instituto de Am\u00eandoas de Mo\u00e7ambique,IP, Il\u00eddio Bande, conferiu posse na manh\u00e3 da sexta-feira, dia 05 de Abril de 2024 a sete novos chefes de departamentos e reparti\u00e7\u00f5es provinciais que passam a exercer novas fun\u00e7\u00f5es no subsector de am\u00eandoas. Trata-se, do Osvaldo Jos\u00e9 Joaquim Castro, indicado para o cargo de Chefe de Departamento Provincial de Desenvolvimento da Produ\u00e7\u00e3o de Am\u00eandoas na Delega\u00e7\u00e3o do Instituto de Am\u00eandoas de Mo\u00e7ambique, IP de Manica; Paulo Castigo Choquice, Chefe de Departamento Provincial de Planifica\u00e7\u00e3o, Monitoria e Avalia\u00e7\u00e3o na Delega\u00e7\u00e3o do Instituto de Am\u00eandoas de Mo\u00e7ambique, IP de Manica; Carlitos Jacinto Notisso, [&hellip;]<\/p>\n","protected":false},"author":4,"featured_media":1736,"comment_status":"closed","ping_status":"closed","sticky":false,"template":"","format":"standard","meta":{"_price":"","_stock":"","_tribe_ticket_header":"","_tribe_default_ticket_provider":"","_tribe_ticket_capacity":"0","_ticket_start_date":"","_ticket_end_date":"","_tribe_ticket_show_description":"","_tribe_ticket_show_not_going":false,"_tribe_ticket_use_global_stock":"","_tribe_ticket_global_stock_level":"","_global_stock_mode":"","_global_stock_cap":"","_tribe_rsvp_for_event":"","_tribe_ticket_going_count":"","_tribe_ticket_not_going_count":"","_tribe_tickets_list":"[]","_tribe_ticket_has_attendee_info_fields":false,"footnotes":""},"categories":[1],"tags":[],"class_list":["post-1735","post","type-post","status-publish","format-standard","has-post-thumbnail","hentry","category-noticias"],"_links":{"self":[{"href":"https:\/\/iam.gov.mz\/index.php\/wp-json\/wp\/v2\/posts\/1735","targetHints":{"allow":["GET"]}}],"collection":[{"href":"https:\/\/iam.gov.mz\/index.php\/wp-json\/wp\/v2\/posts"}],"about":[{"href":"https:\/\/iam.gov.mz\/index.php\/wp-json\/wp\/v2\/types\/post"}],"author":[{"embeddable":true,"href":"https:\/\/iam.gov.mz\/index.php\/wp-json\/wp\/v2\/users\/4"}],"replies":[{"embeddable":true,"href":"https:\/\/iam.gov.mz\/index.php\/wp-json\/wp\/v2\/comments?post=1735"}],"version-history":[{"count":1,"href":"https:\/\/iam.gov.mz\/index.php\/wp-json\/wp\/v2\/posts\/1735\/revisions"}],"predecessor-version":[{"id":2088,"href":"https:\/\/iam.gov.mz\/index.php\/wp-json\/wp\/v2\/posts\/1735\/revisions\/2088"}],"wp:featuredmedia":[{"embeddable":true,"href":"https:\/\/iam.gov.mz\/index.php\/wp-json\/wp\/v2\/media\/1736"}],"wp:attachment":[{"href":"https:\/\/iam.gov.mz\/index.php\/wp-json\/wp\/v2\/media?parent=1735"}],"wp:term":[{"taxonomy":"category","embeddable":true,"href":"https:\/\/iam.gov.mz\/index.php\/wp-json\/wp\/v2\/categories?post=1735"},{"taxonomy":"post_tag","embeddable":true,"href":"https:\/\/iam.gov.mz\/index.php\/wp-json\/wp\/v2\/tags?post=1735"}],"curies":[{"name":"wp","href":"https:\/\/api.w.org\/{rel}","templated":true}]}}