{"id":2049,"date":"2024-09-19T10:57:14","date_gmt":"2024-09-19T10:57:14","guid":{"rendered":"https:\/\/iam.gov.mz\/?p=2049"},"modified":"2024-09-19T10:58:04","modified_gmt":"2024-09-19T10:58:04","slug":"tecnicos-do-iamip-formados-sobre-metodos-de-investigacao-em-maputo","status":"publish","type":"post","link":"https:\/\/iam.gov.mz\/index.php\/2024\/09\/19\/tecnicos-do-iamip-formados-sobre-metodos-de-investigacao-em-maputo\/","title":{"rendered":"T\u00e9cnicos do IAM,IP formados sobre m\u00e9todos de investiga\u00e7\u00e3o em Maputo\u00a0"},"content":{"rendered":"\n<p><strong>Os t\u00e9cnicos do Instituto de Am\u00eandoas de Mo\u00e7ambique, da delega\u00e7\u00e3o da Prov\u00edncia de Maputo, participam desde quarta-feira, dia 18 a 19 de Setembro de 2024, do treinamento em mat\u00e9rias sobre m\u00e9todos de investiga\u00e7\u00e3o cient\u00edfica, maneio fitossanit\u00e1rio de cajueiro de modo a aprimorar os conhecimentos na \u00e1rea de trabalho.<\/strong><\/p>\n\n\n\n<div class=\"wp-block-columns is-layout-flex wp-container-core-columns-is-layout-9d6595d7 wp-block-columns-is-layout-flex\">\n<div class=\"wp-block-column is-layout-flow wp-block-column-is-layout-flow\">\n<figure class=\"wp-block-image size-large\"><img fetchpriority=\"high\" decoding=\"async\" width=\"1024\" height=\"683\" src=\"http:\/\/iam.gov.mz\/wp-content\/uploads\/2024\/09\/IMG_1499-1024x683.jpg\" alt=\"\" class=\"wp-image-2051\" srcset=\"https:\/\/iam.gov.mz\/wp-content\/uploads\/2024\/09\/IMG_1499-1024x683.jpg 1024w, https:\/\/iam.gov.mz\/wp-content\/uploads\/2024\/09\/IMG_1499-300x200.jpg 300w, https:\/\/iam.gov.mz\/wp-content\/uploads\/2024\/09\/IMG_1499-768x512.jpg 768w, https:\/\/iam.gov.mz\/wp-content\/uploads\/2024\/09\/IMG_1499-1536x1024.jpg 1536w, https:\/\/iam.gov.mz\/wp-content\/uploads\/2024\/09\/IMG_1499-2048x1365.jpg 2048w\" sizes=\"(max-width: 1024px) 100vw, 1024px\" \/><\/figure>\n<\/div>\n\n\n\n<div class=\"wp-block-column is-layout-flow wp-block-column-is-layout-flow\">\n<figure class=\"wp-block-image size-large\"><img decoding=\"async\" width=\"1024\" height=\"683\" src=\"http:\/\/iam.gov.mz\/wp-content\/uploads\/2024\/09\/IMG_1497-1024x683.jpg\" alt=\"\" class=\"wp-image-2050\" srcset=\"https:\/\/iam.gov.mz\/wp-content\/uploads\/2024\/09\/IMG_1497-1024x683.jpg 1024w, https:\/\/iam.gov.mz\/wp-content\/uploads\/2024\/09\/IMG_1497-300x200.jpg 300w, https:\/\/iam.gov.mz\/wp-content\/uploads\/2024\/09\/IMG_1497-768x512.jpg 768w, https:\/\/iam.gov.mz\/wp-content\/uploads\/2024\/09\/IMG_1497-1536x1024.jpg 1536w, https:\/\/iam.gov.mz\/wp-content\/uploads\/2024\/09\/IMG_1497-2048x1365.jpg 2048w\" sizes=\"(max-width: 1024px) 100vw, 1024px\" \/><\/figure>\n<\/div>\n<\/div>\n\n\n\n<p>A forma\u00e7\u00e3o esta incluso no pacote de forma\u00e7\u00f5es que a delega\u00e7\u00e3o proporciona anualmente para todos os funcion\u00e1rios em diversas mat\u00e9rias de trabalho como: metodologia cient\u00edfica, Maneio Fitossanit\u00e1rio do cajueiro e elabora\u00e7\u00e3o de relat\u00f3rio cient\u00edfico. &nbsp;&nbsp;<\/p>\n\n\n\n<p>Discursando na abertura, a Delegada Arlete macu\u00e1cua disse que, esta oportunidade servir\u00e1 para refrescar os t\u00e9cnicos sobre a relev\u00e2ncia de melhorar cada vez mais suas capacidades no desempenho de suas actividades.<\/p>\n\n\n\n<p>A delegada sublinhou, a import\u00e2ncia de melhorar e manter uma boa a rela\u00e7\u00e3o entre os t\u00e9cnicos, assim como incentivou \u00e0 aprendizagem cont\u00ednua.<\/p>\n","protected":false},"excerpt":{"rendered":"<p>Os t\u00e9cnicos do Instituto de Am\u00eandoas de Mo\u00e7ambique, da delega\u00e7\u00e3o da Prov\u00edncia de Maputo, participam desde quarta-feira, dia 18 a 19 de Setembro de 2024, do treinamento em mat\u00e9rias sobre m\u00e9todos de investiga\u00e7\u00e3o cient\u00edfica, maneio fitossanit\u00e1rio de cajueiro de modo a aprimorar os conhecimentos na \u00e1rea de trabalho. A forma\u00e7\u00e3o esta incluso no pacote de forma\u00e7\u00f5es que a delega\u00e7\u00e3o proporciona anualmente para todos os funcion\u00e1rios em diversas mat\u00e9rias de trabalho como: metodologia cient\u00edfica, Maneio Fitossanit\u00e1rio do cajueiro e elabora\u00e7\u00e3o de relat\u00f3rio cient\u00edfico. &nbsp;&nbsp; Discursando na abertura, a Delegada Arlete macu\u00e1cua disse que, esta oportunidade servir\u00e1 para refrescar os t\u00e9cnicos sobre [&hellip;]<\/p>\n","protected":false},"author":4,"featured_media":2051,"comment_status":"closed","ping_status":"closed","sticky":false,"template":"","format":"standard","meta":{"_price":"","_stock":"","_tribe_ticket_header":"","_tribe_default_ticket_provider":"","_tribe_ticket_capacity":"0","_ticket_start_date":"","_ticket_end_date":"","_tribe_ticket_show_description":"","_tribe_ticket_show_not_going":false,"_tribe_ticket_use_global_stock":"","_tribe_ticket_global_stock_level":"","_global_stock_mode":"","_global_stock_cap":"","_tribe_rsvp_for_event":"","_tribe_ticket_going_count":"","_tribe_ticket_not_going_count":"","_tribe_tickets_list":"[]","_tribe_ticket_has_attendee_info_fields":false,"footnotes":""},"categories":[1],"tags":[],"class_list":["post-2049","post","type-post","status-publish","format-standard","has-post-thumbnail","hentry","category-noticias"],"_links":{"self":[{"href":"https:\/\/iam.gov.mz\/index.php\/wp-json\/wp\/v2\/posts\/2049","targetHints":{"allow":["GET"]}}],"collection":[{"href":"https:\/\/iam.gov.mz\/index.php\/wp-json\/wp\/v2\/posts"}],"about":[{"href":"https:\/\/iam.gov.mz\/index.php\/wp-json\/wp\/v2\/types\/post"}],"author":[{"embeddable":true,"href":"https:\/\/iam.gov.mz\/index.php\/wp-json\/wp\/v2\/users\/4"}],"replies":[{"embeddable":true,"href":"https:\/\/iam.gov.mz\/index.php\/wp-json\/wp\/v2\/comments?post=2049"}],"version-history":[{"count":1,"href":"https:\/\/iam.gov.mz\/index.php\/wp-json\/wp\/v2\/posts\/2049\/revisions"}],"predecessor-version":[{"id":2052,"href":"https:\/\/iam.gov.mz\/index.php\/wp-json\/wp\/v2\/posts\/2049\/revisions\/2052"}],"wp:featuredmedia":[{"embeddable":true,"href":"https:\/\/iam.gov.mz\/index.php\/wp-json\/wp\/v2\/media\/2051"}],"wp:attachment":[{"href":"https:\/\/iam.gov.mz\/index.php\/wp-json\/wp\/v2\/media?parent=2049"}],"wp:term":[{"taxonomy":"category","embeddable":true,"href":"https:\/\/iam.gov.mz\/index.php\/wp-json\/wp\/v2\/categories?post=2049"},{"taxonomy":"post_tag","embeddable":true,"href":"https:\/\/iam.gov.mz\/index.php\/wp-json\/wp\/v2\/tags?post=2049"}],"curies":[{"name":"wp","href":"https:\/\/api.w.org\/{rel}","templated":true}]}}