{"id":232,"date":"2021-07-15T13:44:42","date_gmt":"2021-07-15T13:44:42","guid":{"rendered":"http:\/\/iam.gov.mz\/?p=232"},"modified":"2021-07-15T13:44:42","modified_gmt":"2021-07-15T13:44:42","slug":"iam-forma-tecnicos-em-materias-de-gestao-financeira","status":"publish","type":"post","link":"https:\/\/iam.gov.mz\/index.php\/2021\/07\/15\/iam-forma-tecnicos-em-materias-de-gestao-financeira\/","title":{"rendered":"IAM FORMA T\u00c9CNICOS EM MAT\u00c9RIAS DE GEST\u00c3O FINANCEIRA"},"content":{"rendered":"\n<p>Foi realizado no passado dia 23 de Junho, em Maputo uma forma\u00e7\u00e3o em mat\u00e9rias de gest\u00e3o Financeira-SIGEF, sobre (registo, digita\u00e7\u00e3o de dados, produ\u00e7\u00e3o e interpreta\u00e7\u00e3o de relat\u00f3rios diversos de modo a dinamizar a tramita\u00e7\u00e3o dos expedientes financeiros no sector<\/p>\n\n\n\n<p>Trata-se de uma forma\u00e7\u00e3o que beneficiou um total de 30 t\u00e9cnicos de todas delega\u00e7\u00f5es provinciais pertencentes a \u00e1rea financeira do IAM, cujo objectivo central \u00e9 dot\u00e1-los de compet\u00eancias necess\u00e1rias com vista a responder as exig\u00eancias impostas no Decreto n\u00b0 41\/2018, de 23 de Julho, que estabelece as normas que regulam as atribui\u00e7\u00f5es, autonomia, regime or\u00e7amental, organiza\u00e7\u00e3o e funcionamento dos institutos, funda\u00e7\u00f5es e fundos p\u00fablicos.<\/p>\n\n\n\n<p>Na ocasi\u00e3o, o chefe do departamento de Administra\u00e7\u00e3o e Finan\u00e7as, Jo\u00e3o Macu\u00e1cua, explicou que, a forma\u00e7\u00e3o circunscreve- se no quadro da din\u00e2mica na gest\u00e3o or\u00e7amental e patrimonial onde s\u00e3o chamados a adoptar as Normas Internacionais de Relato Financeiro conforme o plasmado no Decreto n\u00b0 41\/2018, de 23 de Julho.<\/p>\n\n\n\n<p>Para Macu\u00e1cua, o treinamento vai auxiliar na compila\u00e7\u00e3o de detalhe das despesas na passagem das demonstra\u00e7\u00f5es financeiras preparadas na base de caixa representada pela conta de ger\u00eancia para demonstra\u00e7\u00e3o financeira a base do acr\u00e9scimo, assim como no detalhe das despesas para as auditorias externas e internas e na elabora\u00e7\u00e3o de relat\u00f3rios financeiros e controle de execu\u00e7\u00e3o or\u00e7amental.<\/p>\n","protected":false},"excerpt":{"rendered":"<p>Foi realizado no passado dia 23 de Junho, em Maputo uma forma\u00e7\u00e3o em mat\u00e9rias de gest\u00e3o Financeira-SIGEF, sobre (registo, digita\u00e7\u00e3o de dados, produ\u00e7\u00e3o e interpreta\u00e7\u00e3o de relat\u00f3rios diversos de modo a dinamizar a tramita\u00e7\u00e3o dos expedientes financeiros no sector Trata-se de uma forma\u00e7\u00e3o que beneficiou um total de 30 t\u00e9cnicos de todas delega\u00e7\u00f5es provinciais pertencentes a \u00e1rea financeira do IAM, cujo objectivo central \u00e9 dot\u00e1-los de compet\u00eancias necess\u00e1rias com vista a responder as exig\u00eancias impostas no Decreto n\u00b0 41\/2018, de 23 de Julho, que estabelece as normas que regulam as atribui\u00e7\u00f5es, autonomia, regime or\u00e7amental, organiza\u00e7\u00e3o e funcionamento dos institutos, funda\u00e7\u00f5es [&hellip;]<\/p>\n","protected":false},"author":1,"featured_media":233,"comment_status":"closed","ping_status":"closed","sticky":false,"template":"","format":"standard","meta":{"_price":"","_stock":"","_tribe_ticket_header":"","_tribe_default_ticket_provider":"","_tribe_ticket_capacity":"0","_ticket_start_date":"","_ticket_end_date":"","_tribe_ticket_show_description":"","_tribe_ticket_show_not_going":false,"_tribe_ticket_use_global_stock":"","_tribe_ticket_global_stock_level":"","_global_stock_mode":"","_global_stock_cap":"","_tribe_rsvp_for_event":"","_tribe_ticket_going_count":"","_tribe_ticket_not_going_count":"","_tribe_tickets_list":"[]","_tribe_ticket_has_attendee_info_fields":false,"footnotes":""},"categories":[1],"tags":[],"class_list":["post-232","post","type-post","status-publish","format-standard","has-post-thumbnail","hentry","category-noticias"],"_links":{"self":[{"href":"https:\/\/iam.gov.mz\/index.php\/wp-json\/wp\/v2\/posts\/232","targetHints":{"allow":["GET"]}}],"collection":[{"href":"https:\/\/iam.gov.mz\/index.php\/wp-json\/wp\/v2\/posts"}],"about":[{"href":"https:\/\/iam.gov.mz\/index.php\/wp-json\/wp\/v2\/types\/post"}],"author":[{"embeddable":true,"href":"https:\/\/iam.gov.mz\/index.php\/wp-json\/wp\/v2\/users\/1"}],"replies":[{"embeddable":true,"href":"https:\/\/iam.gov.mz\/index.php\/wp-json\/wp\/v2\/comments?post=232"}],"version-history":[{"count":0,"href":"https:\/\/iam.gov.mz\/index.php\/wp-json\/wp\/v2\/posts\/232\/revisions"}],"wp:featuredmedia":[{"embeddable":true,"href":"https:\/\/iam.gov.mz\/index.php\/wp-json\/wp\/v2\/media\/233"}],"wp:attachment":[{"href":"https:\/\/iam.gov.mz\/index.php\/wp-json\/wp\/v2\/media?parent=232"}],"wp:term":[{"taxonomy":"category","embeddable":true,"href":"https:\/\/iam.gov.mz\/index.php\/wp-json\/wp\/v2\/categories?post=232"},{"taxonomy":"post_tag","embeddable":true,"href":"https:\/\/iam.gov.mz\/index.php\/wp-json\/wp\/v2\/tags?post=232"}],"curies":[{"name":"wp","href":"https:\/\/api.w.org\/{rel}","templated":true}]}}