{"id":235,"date":"2021-07-15T13:48:15","date_gmt":"2021-07-15T13:48:15","guid":{"rendered":"http:\/\/iam.gov.mz\/?p=235"},"modified":"2021-12-02T07:20:46","modified_gmt":"2021-12-02T07:20:46","slug":"iam-debate-aspectos-economicos-da-producao-de-macadamia","status":"publish","type":"post","link":"https:\/\/iam.gov.mz\/index.php\/2021\/07\/15\/iam-debate-aspectos-economicos-da-producao-de-macadamia\/","title":{"rendered":"IAM DEBATE ASPECTOS ECON\u00d3MICOS DA PRODU\u00c7\u00c3O DE MACAD\u00c2MIA"},"content":{"rendered":"\n<figure class=\"wp-block-image size-large\"><img fetchpriority=\"high\" decoding=\"async\" width=\"1024\" height=\"683\" src=\"http:\/\/iam.gov.mz\/wp-content\/uploads\/2021\/07\/IMG_1961-1024x683.jpg\" alt=\"\" class=\"wp-image-236\" srcset=\"https:\/\/iam.gov.mz\/wp-content\/uploads\/2021\/07\/IMG_1961-1024x683.jpg 1024w, https:\/\/iam.gov.mz\/wp-content\/uploads\/2021\/07\/IMG_1961-300x200.jpg 300w, https:\/\/iam.gov.mz\/wp-content\/uploads\/2021\/07\/IMG_1961-768x512.jpg 768w, https:\/\/iam.gov.mz\/wp-content\/uploads\/2021\/07\/IMG_1961-1536x1024.jpg 1536w, https:\/\/iam.gov.mz\/wp-content\/uploads\/2021\/07\/IMG_1961-2048x1365.jpg 2048w\" sizes=\"(max-width: 1024px) 100vw, 1024px\" \/><\/figure>\n\n\n\n<p><strong>Decorreu na passada sexta-feira, 09 de julho em Maputo, o II Semin\u00e1rio sobre aspectos econ\u00f3micos da produ\u00e7\u00e3o de macad\u00e2mia, orientado pelo Director Geral do Instituto de Am\u00eandoas de Mo\u00e7ambique Il\u00eddio Bande, no qual contou com a participa\u00e7\u00e3o de principais actores da macad\u00e2mia<\/strong><\/p>\n\n\n\n<p>O encontro teve como principal objectivo familiarizar e capacitar os quadros-chaves do sector p\u00fablico com a economia global da macad\u00e2mia e sua produ\u00e7\u00e3o, e fornecer conhecimento sobre a din\u00e2mica do neg\u00f3cio da macad\u00e2mia no mundo, aos principais decisores em Mozambique.<\/p>\n\n\n\n<p>O Director Il\u00eddio Bande, referiu que Instituto de Am\u00eandoas de Mo\u00e7ambique (IAM), juntamente com a Associa\u00e7\u00e3o de Am\u00eandoas de Mo\u00e7ambique (AMM), promovem esta discuss\u00e3o e a transfer\u00eancia de know-how aos n\u00edveis t\u00e9cnico e pol\u00edtico de modo ajudar os decisores a definir uma pol\u00edtica e estrat\u00e9gia nacionais coerentes para a produ\u00e7\u00e3o de macad\u00e2mia em Mo\u00e7ambique.<\/p>\n\n\n\n<p>A Macad\u00e2mia \u00e9 principalmente um produto de exporta\u00e7\u00e3o que deve responder a requisitos de elevada qualidade de modo a poder gerar retornos e tornar o investimento vi\u00e1vel. Mo\u00e7ambique tem um grande potencial e, neste momento, esfor\u00e7os est\u00e3o sendo feitos para desenhar passos para explor\u00e1-lo e ter sucesso numa perspectiva de longo prazo.<\/p>\n","protected":false},"excerpt":{"rendered":"<p>Decorreu na passada sexta-feira, 09 de julho em Maputo, o II Semin\u00e1rio sobre aspectos econ\u00f3micos da produ\u00e7\u00e3o de macad\u00e2mia, orientado pelo Director Geral do Instituto de Am\u00eandoas de Mo\u00e7ambique Il\u00eddio Bande, no qual contou com a participa\u00e7\u00e3o de principais actores da macad\u00e2mia O encontro teve como principal objectivo familiarizar e capacitar os quadros-chaves do sector p\u00fablico com a economia global da macad\u00e2mia e sua produ\u00e7\u00e3o, e fornecer conhecimento sobre a din\u00e2mica do neg\u00f3cio da macad\u00e2mia no mundo, aos principais decisores em Mozambique. O Director Il\u00eddio Bande, referiu que Instituto de Am\u00eandoas de Mo\u00e7ambique (IAM), juntamente com a Associa\u00e7\u00e3o de Am\u00eandoas [&hellip;]<\/p>\n","protected":false},"author":1,"featured_media":236,"comment_status":"closed","ping_status":"closed","sticky":false,"template":"","format":"standard","meta":{"_price":"","_stock":"","_tribe_ticket_header":"","_tribe_default_ticket_provider":"","_tribe_ticket_capacity":"0","_ticket_start_date":"","_ticket_end_date":"","_tribe_ticket_show_description":"","_tribe_ticket_show_not_going":false,"_tribe_ticket_use_global_stock":"","_tribe_ticket_global_stock_level":"","_global_stock_mode":"","_global_stock_cap":"","_tribe_rsvp_for_event":"","_tribe_ticket_going_count":"","_tribe_ticket_not_going_count":"","_tribe_tickets_list":"[]","_tribe_ticket_has_attendee_info_fields":false,"footnotes":""},"categories":[1],"tags":[],"class_list":["post-235","post","type-post","status-publish","format-standard","has-post-thumbnail","hentry","category-noticias"],"_links":{"self":[{"href":"https:\/\/iam.gov.mz\/index.php\/wp-json\/wp\/v2\/posts\/235","targetHints":{"allow":["GET"]}}],"collection":[{"href":"https:\/\/iam.gov.mz\/index.php\/wp-json\/wp\/v2\/posts"}],"about":[{"href":"https:\/\/iam.gov.mz\/index.php\/wp-json\/wp\/v2\/types\/post"}],"author":[{"embeddable":true,"href":"https:\/\/iam.gov.mz\/index.php\/wp-json\/wp\/v2\/users\/1"}],"replies":[{"embeddable":true,"href":"https:\/\/iam.gov.mz\/index.php\/wp-json\/wp\/v2\/comments?post=235"}],"version-history":[{"count":0,"href":"https:\/\/iam.gov.mz\/index.php\/wp-json\/wp\/v2\/posts\/235\/revisions"}],"wp:featuredmedia":[{"embeddable":true,"href":"https:\/\/iam.gov.mz\/index.php\/wp-json\/wp\/v2\/media\/236"}],"wp:attachment":[{"href":"https:\/\/iam.gov.mz\/index.php\/wp-json\/wp\/v2\/media?parent=235"}],"wp:term":[{"taxonomy":"category","embeddable":true,"href":"https:\/\/iam.gov.mz\/index.php\/wp-json\/wp\/v2\/categories?post=235"},{"taxonomy":"post_tag","embeddable":true,"href":"https:\/\/iam.gov.mz\/index.php\/wp-json\/wp\/v2\/tags?post=235"}],"curies":[{"name":"wp","href":"https:\/\/api.w.org\/{rel}","templated":true}]}}