{"id":238,"date":"2021-07-15T18:19:38","date_gmt":"2021-07-15T18:19:38","guid":{"rendered":"http:\/\/iam.gov.mz\/?p=238"},"modified":"2021-12-02T07:24:19","modified_gmt":"2021-12-02T07:24:19","slug":"lancada-a-auscultacao-publica-da-proposta-de-revisao-da-lei-do-caju","status":"publish","type":"post","link":"https:\/\/iam.gov.mz\/index.php\/2021\/07\/15\/lancada-a-auscultacao-publica-da-proposta-de-revisao-da-lei-do-caju\/","title":{"rendered":"IAM discute proposta de revis\u00e3o de lei do Caju"},"content":{"rendered":"\n<figure class=\"wp-block-image size-large\"><img fetchpriority=\"high\" decoding=\"async\" width=\"1024\" height=\"682\" src=\"http:\/\/iam.gov.mz\/wp-content\/uploads\/2021\/07\/MG_2084-1024x682.jpg\" alt=\"\" class=\"wp-image-243\" srcset=\"https:\/\/iam.gov.mz\/wp-content\/uploads\/2021\/07\/MG_2084-1024x682.jpg 1024w, https:\/\/iam.gov.mz\/wp-content\/uploads\/2021\/07\/MG_2084-300x200.jpg 300w, https:\/\/iam.gov.mz\/wp-content\/uploads\/2021\/07\/MG_2084-768x512.jpg 768w, https:\/\/iam.gov.mz\/wp-content\/uploads\/2021\/07\/MG_2084-1536x1024.jpg 1536w, https:\/\/iam.gov.mz\/wp-content\/uploads\/2021\/07\/MG_2084.jpg 2024w\" sizes=\"(max-width: 1024px) 100vw, 1024px\" \/><\/figure>\n\n\n\n<p><strong>Decorreu no passado dia 14 de julho corrente, em Maputo a reuni\u00e3o de Ausculta\u00e7\u00e3o da Proposta de Revis\u00e3o da Lei do Caju, orientado por Sua Excel\u00eancia Celso Ismael Correia, Ministro da Agricultura e Desenvolvimento Rural que contou com a participa\u00e7\u00e3o com todos intervenientes da cadeia de valor da castanha do caju<\/strong><\/p>\n\n\n\n<p>O Ministro da Agricultura e Desenvolvimento Rural, Celso Correia, na sua interven\u00e7\u00e3o, disse que o projecto de Revis\u00e3o da lei do caju, tem em vista a assegurar o aumento da renda familiar dos produtores atrav\u00e9s da melhoria da qualidade e produtividade da castanha do caju, gera\u00e7\u00e3o de mais oportunidades de emprego no sector industrial e ao longo da cadeia de valor.<\/p>\n\n\n\n<p>A comercializa\u00e7\u00e3o e a exporta\u00e7\u00e3o da castanha de caju processada desempenham um papel importante na medida em que faz com que o produtor tenha um relativo valor agregado, contribuindo para o aumento de postos de trabalhos.<\/p>\n\n\n\n<p>Para o governante, a nova proposta de Lei, prev\u00ea novas din\u00e2micas, onde destacou que o pre\u00e7o m\u00ednimo da compra da castanha bruta ao produtor passa a ser definido anualmente pelo Conselho de Ministro sob proposta do comit\u00e9 do caju e a exporta\u00e7\u00e3o da castanha de caju ocorre depois do abastecimento das necessidades anuais da ind\u00fastria nacional.<\/p>\n\n\n\n<p>Igualmente referiu que, a exporta\u00e7\u00e3o da am\u00eandoa com o processamento final, esta isenta da taxa de sobrevaloriza\u00e7\u00e3o e a receita resultante da aplica\u00e7\u00e3o da taxa de sobrevaloriza\u00e7\u00e3o da exporta\u00e7\u00e3o da castanha de caju em bruto e da am\u00eandoa da castanha de caju com pelicula e consignada em 70% as ac\u00e7\u00f5es de fomento, da produ\u00e7\u00e3o do caju , 20 % as actividades de incentivo a industria de processamento e em 10% para ac\u00e7\u00f5es de investiga\u00e7\u00e3o do caju.<\/p>\n\n\n\n<figure class=\"wp-block-gallery columns-2 is-cropped wp-block-gallery-1 is-layout-flex wp-block-gallery-is-layout-flex\"><ul class=\"blocks-gallery-grid\"><li class=\"blocks-gallery-item\"><figure><img decoding=\"async\" width=\"1024\" height=\"682\" src=\"http:\/\/iam.gov.mz\/wp-content\/uploads\/2021\/07\/MG_2125-1024x682.jpg\" alt=\"\" data-id=\"244\" data-full-url=\"http:\/\/iam.gov.mz\/wp-content\/uploads\/2021\/07\/MG_2125.jpg\" data-link=\"http:\/\/iam.gov.mz\/index.php\/2021\/07\/15\/lancada-a-auscultacao-publica-da-proposta-de-revisao-da-lei-do-caju\/mg_2125\/\" class=\"wp-image-244\" srcset=\"https:\/\/iam.gov.mz\/wp-content\/uploads\/2021\/07\/MG_2125-1024x682.jpg 1024w, https:\/\/iam.gov.mz\/wp-content\/uploads\/2021\/07\/MG_2125-300x200.jpg 300w, https:\/\/iam.gov.mz\/wp-content\/uploads\/2021\/07\/MG_2125-768x512.jpg 768w, https:\/\/iam.gov.mz\/wp-content\/uploads\/2021\/07\/MG_2125-1536x1024.jpg 1536w, https:\/\/iam.gov.mz\/wp-content\/uploads\/2021\/07\/MG_2125.jpg 2024w\" sizes=\"(max-width: 1024px) 100vw, 1024px\" \/><\/figure><\/li><li class=\"blocks-gallery-item\"><figure><img decoding=\"async\" width=\"1024\" height=\"576\" src=\"http:\/\/iam.gov.mz\/wp-content\/uploads\/2021\/07\/Foto-Ascultacao-1-1024x576.jpg\" alt=\"\" data-id=\"245\" data-full-url=\"http:\/\/iam.gov.mz\/wp-content\/uploads\/2021\/07\/Foto-Ascultacao-1.jpg\" data-link=\"http:\/\/iam.gov.mz\/index.php\/2021\/07\/15\/lancada-a-auscultacao-publica-da-proposta-de-revisao-da-lei-do-caju\/foto-ascultacao-1\/\" class=\"wp-image-245\" srcset=\"https:\/\/iam.gov.mz\/wp-content\/uploads\/2021\/07\/Foto-Ascultacao-1-1024x576.jpg 1024w, https:\/\/iam.gov.mz\/wp-content\/uploads\/2021\/07\/Foto-Ascultacao-1-300x169.jpg 300w, https:\/\/iam.gov.mz\/wp-content\/uploads\/2021\/07\/Foto-Ascultacao-1-768x432.jpg 768w, https:\/\/iam.gov.mz\/wp-content\/uploads\/2021\/07\/Foto-Ascultacao-1.jpg 1279w\" sizes=\"(max-width: 1024px) 100vw, 1024px\" \/><\/figure><\/li><\/ul><\/figure>\n","protected":false},"excerpt":{"rendered":"<p>Decorreu no passado dia 14 de julho corrente, em Maputo a reuni\u00e3o de Ausculta\u00e7\u00e3o da Proposta de Revis\u00e3o da Lei do Caju, orientado por Sua Excel\u00eancia Celso Ismael Correia, Ministro da Agricultura e Desenvolvimento Rural que contou com a participa\u00e7\u00e3o com todos intervenientes da cadeia de valor da castanha do caju O Ministro da Agricultura e Desenvolvimento Rural, Celso Correia, na sua interven\u00e7\u00e3o, disse que o projecto de Revis\u00e3o da lei do caju, tem em vista a assegurar o aumento da renda familiar dos produtores atrav\u00e9s da melhoria da qualidade e produtividade da castanha do caju, gera\u00e7\u00e3o de mais oportunidades [&hellip;]<\/p>\n","protected":false},"author":1,"featured_media":243,"comment_status":"closed","ping_status":"closed","sticky":false,"template":"","format":"standard","meta":{"_price":"","_stock":"","_tribe_ticket_header":"","_tribe_default_ticket_provider":"","_tribe_ticket_capacity":"0","_ticket_start_date":"","_ticket_end_date":"","_tribe_ticket_show_description":"","_tribe_ticket_show_not_going":false,"_tribe_ticket_use_global_stock":"","_tribe_ticket_global_stock_level":"","_global_stock_mode":"","_global_stock_cap":"","_tribe_rsvp_for_event":"","_tribe_ticket_going_count":"","_tribe_ticket_not_going_count":"","_tribe_tickets_list":"[]","_tribe_ticket_has_attendee_info_fields":false,"footnotes":""},"categories":[1],"tags":[],"class_list":["post-238","post","type-post","status-publish","format-standard","has-post-thumbnail","hentry","category-noticias"],"_links":{"self":[{"href":"https:\/\/iam.gov.mz\/index.php\/wp-json\/wp\/v2\/posts\/238","targetHints":{"allow":["GET"]}}],"collection":[{"href":"https:\/\/iam.gov.mz\/index.php\/wp-json\/wp\/v2\/posts"}],"about":[{"href":"https:\/\/iam.gov.mz\/index.php\/wp-json\/wp\/v2\/types\/post"}],"author":[{"embeddable":true,"href":"https:\/\/iam.gov.mz\/index.php\/wp-json\/wp\/v2\/users\/1"}],"replies":[{"embeddable":true,"href":"https:\/\/iam.gov.mz\/index.php\/wp-json\/wp\/v2\/comments?post=238"}],"version-history":[{"count":0,"href":"https:\/\/iam.gov.mz\/index.php\/wp-json\/wp\/v2\/posts\/238\/revisions"}],"wp:featuredmedia":[{"embeddable":true,"href":"https:\/\/iam.gov.mz\/index.php\/wp-json\/wp\/v2\/media\/243"}],"wp:attachment":[{"href":"https:\/\/iam.gov.mz\/index.php\/wp-json\/wp\/v2\/media?parent=238"}],"wp:term":[{"taxonomy":"category","embeddable":true,"href":"https:\/\/iam.gov.mz\/index.php\/wp-json\/wp\/v2\/categories?post=238"},{"taxonomy":"post_tag","embeddable":true,"href":"https:\/\/iam.gov.mz\/index.php\/wp-json\/wp\/v2\/tags?post=238"}],"curies":[{"name":"wp","href":"https:\/\/api.w.org\/{rel}","templated":true}]}}