{"id":251,"date":"2021-07-22T15:05:23","date_gmt":"2021-07-22T15:05:23","guid":{"rendered":"http:\/\/iam.gov.mz\/?p=251"},"modified":"2021-12-02T07:18:25","modified_gmt":"2021-12-02T07:18:25","slug":"iniciativa-piloto-do-modelo-integrado-de-agregacao-de-valor-de-amendoas","status":"publish","type":"post","link":"https:\/\/iam.gov.mz\/index.php\/2021\/07\/22\/iniciativa-piloto-do-modelo-integrado-de-agregacao-de-valor-de-amendoas\/","title":{"rendered":"Iniciativa piloto do modelo integrado de agrega\u00e7\u00e3o de valor de am\u00eandoas"},"content":{"rendered":"\n<figure class=\"wp-block-image size-large\"><img fetchpriority=\"high\" decoding=\"async\" width=\"1024\" height=\"768\" src=\"http:\/\/iam.gov.mz\/wp-content\/uploads\/2021\/07\/foto-hoje-1024x768.jpg\" alt=\"\" class=\"wp-image-252\" srcset=\"https:\/\/iam.gov.mz\/wp-content\/uploads\/2021\/07\/foto-hoje-1024x768.jpg 1024w, https:\/\/iam.gov.mz\/wp-content\/uploads\/2021\/07\/foto-hoje-300x225.jpg 300w, https:\/\/iam.gov.mz\/wp-content\/uploads\/2021\/07\/foto-hoje-768x576.jpg 768w, https:\/\/iam.gov.mz\/wp-content\/uploads\/2021\/07\/foto-hoje.jpg 1280w\" sizes=\"(max-width: 1024px) 100vw, 1024px\" \/><\/figure>\n\n\n\n<p>Encontro ente o Instituto de Am\u00eandoas de Mo\u00e7ambique e Sunshine Nut Company.<br>Objectivo<br>Partilhar o projecto<br>Iniciativa piloto do modelo integrado de agrega\u00e7\u00e3o de valor de am\u00eandoas.<br>Data :22 de Julho de 2021.<br>Local :sala de reuni\u00f5es do Mader.<\/p>\n","protected":false},"excerpt":{"rendered":"<p>Encontro ente o Instituto de Am\u00eandoas de Mo\u00e7ambique e Sunshine Nut Company.ObjectivoPartilhar o projectoIniciativa piloto do modelo integrado de agrega\u00e7\u00e3o de valor de am\u00eandoas.Data :22 de Julho de 2021.Local :sala de reuni\u00f5es do Mader.<\/p>\n","protected":false},"author":1,"featured_media":252,"comment_status":"closed","ping_status":"closed","sticky":false,"template":"","format":"standard","meta":{"_price":"","_stock":"","_tribe_ticket_header":"","_tribe_default_ticket_provider":"","_tribe_ticket_capacity":"0","_ticket_start_date":"","_ticket_end_date":"","_tribe_ticket_show_description":"","_tribe_ticket_show_not_going":false,"_tribe_ticket_use_global_stock":"","_tribe_ticket_global_stock_level":"","_global_stock_mode":"","_global_stock_cap":"","_tribe_rsvp_for_event":"","_tribe_ticket_going_count":"","_tribe_ticket_not_going_count":"","_tribe_tickets_list":"[]","_tribe_ticket_has_attendee_info_fields":false,"footnotes":""},"categories":[1],"tags":[],"class_list":["post-251","post","type-post","status-publish","format-standard","has-post-thumbnail","hentry","category-noticias"],"_links":{"self":[{"href":"https:\/\/iam.gov.mz\/index.php\/wp-json\/wp\/v2\/posts\/251","targetHints":{"allow":["GET"]}}],"collection":[{"href":"https:\/\/iam.gov.mz\/index.php\/wp-json\/wp\/v2\/posts"}],"about":[{"href":"https:\/\/iam.gov.mz\/index.php\/wp-json\/wp\/v2\/types\/post"}],"author":[{"embeddable":true,"href":"https:\/\/iam.gov.mz\/index.php\/wp-json\/wp\/v2\/users\/1"}],"replies":[{"embeddable":true,"href":"https:\/\/iam.gov.mz\/index.php\/wp-json\/wp\/v2\/comments?post=251"}],"version-history":[{"count":0,"href":"https:\/\/iam.gov.mz\/index.php\/wp-json\/wp\/v2\/posts\/251\/revisions"}],"wp:featuredmedia":[{"embeddable":true,"href":"https:\/\/iam.gov.mz\/index.php\/wp-json\/wp\/v2\/media\/252"}],"wp:attachment":[{"href":"https:\/\/iam.gov.mz\/index.php\/wp-json\/wp\/v2\/media?parent=251"}],"wp:term":[{"taxonomy":"category","embeddable":true,"href":"https:\/\/iam.gov.mz\/index.php\/wp-json\/wp\/v2\/categories?post=251"},{"taxonomy":"post_tag","embeddable":true,"href":"https:\/\/iam.gov.mz\/index.php\/wp-json\/wp\/v2\/tags?post=251"}],"curies":[{"name":"wp","href":"https:\/\/api.w.org\/{rel}","templated":true}]}}