{"id":2918,"date":"2025-02-14T10:00:00","date_gmt":"2025-02-14T10:00:00","guid":{"rendered":"https:\/\/iam.gov.mz\/?p=2918"},"modified":"2025-02-17T10:58:47","modified_gmt":"2025-02-17T10:58:47","slug":"seplac-tem-nova-directora","status":"publish","type":"post","link":"https:\/\/iam.gov.mz\/index.php\/2025\/02\/14\/seplac-tem-nova-directora\/","title":{"rendered":"SEPLAC tem nova directora"},"content":{"rendered":"\n<div class=\"wp-block-columns is-layout-flex wp-container-core-columns-is-layout-9d6595d7 wp-block-columns-is-layout-flex\">\n<div class=\"wp-block-column is-layout-flow wp-block-column-is-layout-flow\">\n<figure class=\"wp-block-image size-large\"><img fetchpriority=\"high\" decoding=\"async\" width=\"1024\" height=\"683\" src=\"https:\/\/iam.gov.mz\/wp-content\/uploads\/2025\/02\/IMG_1542-1024x683.jpg\" alt=\"\" class=\"wp-image-2919\" srcset=\"https:\/\/iam.gov.mz\/wp-content\/uploads\/2025\/02\/IMG_1542-1024x683.jpg 1024w, https:\/\/iam.gov.mz\/wp-content\/uploads\/2025\/02\/IMG_1542-300x200.jpg 300w, https:\/\/iam.gov.mz\/wp-content\/uploads\/2025\/02\/IMG_1542-768x512.jpg 768w, https:\/\/iam.gov.mz\/wp-content\/uploads\/2025\/02\/IMG_1542-1536x1024.jpg 1536w, https:\/\/iam.gov.mz\/wp-content\/uploads\/2025\/02\/IMG_1542-2048x1365.jpg 2048w\" sizes=\"(max-width: 1024px) 100vw, 1024px\" \/><\/figure>\n<\/div>\n\n\n\n<div class=\"wp-block-column is-layout-flow wp-block-column-is-layout-flow\">\n<figure class=\"wp-block-image size-large\"><img decoding=\"async\" width=\"1024\" height=\"683\" src=\"https:\/\/iam.gov.mz\/wp-content\/uploads\/2025\/02\/IMG_1565-1024x683.jpg\" alt=\"\" class=\"wp-image-2920\" srcset=\"https:\/\/iam.gov.mz\/wp-content\/uploads\/2025\/02\/IMG_1565-1024x683.jpg 1024w, https:\/\/iam.gov.mz\/wp-content\/uploads\/2025\/02\/IMG_1565-300x200.jpg 300w, https:\/\/iam.gov.mz\/wp-content\/uploads\/2025\/02\/IMG_1565-768x512.jpg 768w, https:\/\/iam.gov.mz\/wp-content\/uploads\/2025\/02\/IMG_1565-1536x1024.jpg 1536w, https:\/\/iam.gov.mz\/wp-content\/uploads\/2025\/02\/IMG_1565-2048x1365.jpg 2048w\" sizes=\"(max-width: 1024px) 100vw, 1024px\" \/><\/figure>\n<\/div>\n<\/div>\n\n\n\n<p><strong>Decorre na manh\u00e3 de 14 de Fevereiro, na sala de reuni\u00f5es do IAM,IP Sede, a cerim\u00f3nia de passagem de pastas do director dos Servi\u00e7os Centrais de Estudos, Planifica\u00e7\u00e3o e Coopera\u00e7\u00e3o que se desliga das fun\u00e7\u00f5es, a directora nomeada interina, L\u00facia Ant\u00f3nio<\/strong><\/p>\n\n\n\n<p>Na ocasi\u00e3o, o Excelent\u00edssimo Director geral, Il\u00eddio Bande, enalteceu a entrega abnegada do director que se aposenta das fun\u00e7\u00f5es na implementa\u00e7\u00e3o de pol\u00edticas institucionais, olhando para o percurso e as realiza\u00e7\u00f5es alcan\u00e7adas durante o tempo que serviu ao sector.<\/p>\n\n\n\n<p>Para o director que se desliga das fun\u00e7\u00f5es, Santos Frijone, agradeceu aos presentes pela colabora\u00e7\u00e3o ao logo do tempo que esteve em frente do SEPLAC e disse estar aberto a partilhar a sua experiencia com os colegas sempre que necess\u00e1rio.<\/p>\n\n\n\n<p>A nova directora interina, L\u00facia Ant\u00f3nio, agradeceu a confian\u00e7a dada para assumir esta tarefa e garantiu dar continuidade com os trabalhos e pautar por uma gest\u00e3o inclusiva que envolve a todos funcion\u00e1rios por forma a garantir o cumprimento das metas do sector.<\/p>\n\n\n\n<p><\/p>\n","protected":false},"excerpt":{"rendered":"<p>Decorre na manh\u00e3 de 14 de Fevereiro, na sala de reuni\u00f5es do IAM,IP Sede, a cerim\u00f3nia de passagem de pastas do director dos Servi\u00e7os Centrais de Estudos, Planifica\u00e7\u00e3o e Coopera\u00e7\u00e3o que se desliga das fun\u00e7\u00f5es, a directora nomeada interina, L\u00facia Ant\u00f3nio Na ocasi\u00e3o, o Excelent\u00edssimo Director geral, Il\u00eddio Bande, enalteceu a entrega abnegada do director que se aposenta das fun\u00e7\u00f5es na implementa\u00e7\u00e3o de pol\u00edticas institucionais, olhando para o percurso e as realiza\u00e7\u00f5es alcan\u00e7adas durante o tempo que serviu ao sector. Para o director que se desliga das fun\u00e7\u00f5es, Santos Frijone, agradeceu aos presentes pela colabora\u00e7\u00e3o ao logo do tempo que [&hellip;]<\/p>\n","protected":false},"author":4,"featured_media":2919,"comment_status":"closed","ping_status":"closed","sticky":false,"template":"","format":"standard","meta":{"_price":"","_stock":"","_tribe_ticket_header":"","_tribe_default_ticket_provider":"","_tribe_ticket_capacity":"0","_ticket_start_date":"","_ticket_end_date":"","_tribe_ticket_show_description":"","_tribe_ticket_show_not_going":false,"_tribe_ticket_use_global_stock":"","_tribe_ticket_global_stock_level":"","_global_stock_mode":"","_global_stock_cap":"","_tribe_rsvp_for_event":"","_tribe_ticket_going_count":"","_tribe_ticket_not_going_count":"","_tribe_tickets_list":"[]","_tribe_ticket_has_attendee_info_fields":false,"footnotes":""},"categories":[1],"tags":[],"class_list":["post-2918","post","type-post","status-publish","format-standard","has-post-thumbnail","hentry","category-noticias"],"_links":{"self":[{"href":"https:\/\/iam.gov.mz\/index.php\/wp-json\/wp\/v2\/posts\/2918","targetHints":{"allow":["GET"]}}],"collection":[{"href":"https:\/\/iam.gov.mz\/index.php\/wp-json\/wp\/v2\/posts"}],"about":[{"href":"https:\/\/iam.gov.mz\/index.php\/wp-json\/wp\/v2\/types\/post"}],"author":[{"embeddable":true,"href":"https:\/\/iam.gov.mz\/index.php\/wp-json\/wp\/v2\/users\/4"}],"replies":[{"embeddable":true,"href":"https:\/\/iam.gov.mz\/index.php\/wp-json\/wp\/v2\/comments?post=2918"}],"version-history":[{"count":1,"href":"https:\/\/iam.gov.mz\/index.php\/wp-json\/wp\/v2\/posts\/2918\/revisions"}],"predecessor-version":[{"id":2921,"href":"https:\/\/iam.gov.mz\/index.php\/wp-json\/wp\/v2\/posts\/2918\/revisions\/2921"}],"wp:featuredmedia":[{"embeddable":true,"href":"https:\/\/iam.gov.mz\/index.php\/wp-json\/wp\/v2\/media\/2919"}],"wp:attachment":[{"href":"https:\/\/iam.gov.mz\/index.php\/wp-json\/wp\/v2\/media?parent=2918"}],"wp:term":[{"taxonomy":"category","embeddable":true,"href":"https:\/\/iam.gov.mz\/index.php\/wp-json\/wp\/v2\/categories?post=2918"},{"taxonomy":"post_tag","embeddable":true,"href":"https:\/\/iam.gov.mz\/index.php\/wp-json\/wp\/v2\/tags?post=2918"}],"curies":[{"name":"wp","href":"https:\/\/api.w.org\/{rel}","templated":true}]}}