{"id":2954,"date":"2025-02-21T21:41:57","date_gmt":"2025-02-21T21:41:57","guid":{"rendered":"https:\/\/iam.gov.mz\/?p=2954"},"modified":"2025-02-21T21:42:12","modified_gmt":"2025-02-21T21:42:12","slug":"iam-ip-zambezia-debate-funcionalidades-da-plataforma-connect-caju","status":"publish","type":"post","link":"https:\/\/iam.gov.mz\/index.php\/2025\/02\/21\/iam-ip-zambezia-debate-funcionalidades-da-plataforma-connect-caju\/","title":{"rendered":"IAM, IP Zamb\u00e9zia debate funcionalidades da plataforma Connect Caju"},"content":{"rendered":"\n<div class=\"wp-block-columns is-layout-flex wp-container-core-columns-is-layout-9d6595d7 wp-block-columns-is-layout-flex\">\n<div class=\"wp-block-column is-layout-flow wp-block-column-is-layout-flow\">\n<figure class=\"wp-block-image size-large\"><img fetchpriority=\"high\" decoding=\"async\" width=\"1024\" height=\"472\" src=\"https:\/\/iam.gov.mz\/wp-content\/uploads\/2025\/02\/IMG-20250221-WA0034-1024x472.jpg\" alt=\"\" class=\"wp-image-2955\" srcset=\"https:\/\/iam.gov.mz\/wp-content\/uploads\/2025\/02\/IMG-20250221-WA0034-1024x472.jpg 1024w, https:\/\/iam.gov.mz\/wp-content\/uploads\/2025\/02\/IMG-20250221-WA0034-300x138.jpg 300w, https:\/\/iam.gov.mz\/wp-content\/uploads\/2025\/02\/IMG-20250221-WA0034-768x354.jpg 768w, https:\/\/iam.gov.mz\/wp-content\/uploads\/2025\/02\/IMG-20250221-WA0034.jpg 1280w\" sizes=\"(max-width: 1024px) 100vw, 1024px\" \/><\/figure>\n<\/div>\n\n\n\n<div class=\"wp-block-column is-layout-flow wp-block-column-is-layout-flow\">\n<figure class=\"wp-block-image size-large\"><img decoding=\"async\" width=\"1024\" height=\"472\" src=\"https:\/\/iam.gov.mz\/wp-content\/uploads\/2025\/02\/IMG-20250221-WA0033-1024x472.jpg\" alt=\"\" class=\"wp-image-2956\" srcset=\"https:\/\/iam.gov.mz\/wp-content\/uploads\/2025\/02\/IMG-20250221-WA0033-1024x472.jpg 1024w, https:\/\/iam.gov.mz\/wp-content\/uploads\/2025\/02\/IMG-20250221-WA0033-300x138.jpg 300w, https:\/\/iam.gov.mz\/wp-content\/uploads\/2025\/02\/IMG-20250221-WA0033-768x354.jpg 768w, https:\/\/iam.gov.mz\/wp-content\/uploads\/2025\/02\/IMG-20250221-WA0033.jpg 1280w\" sizes=\"(max-width: 1024px) 100vw, 1024px\" \/><\/figure>\n<\/div>\n<\/div>\n\n\n\n<p><strong>Teve lugar no dia 17 a 19 de Fevereiro, na sala de reuni\u00f5es da delega\u00e7\u00e3o do Instituto de Am\u00eandoas da Zamb\u00e9zia, a sess\u00e3o de aprimoramento de funcionalidades da plataforma digital Connect Caju, um aplicativo que vai permitir a digitaliza\u00e7\u00e3o dos processos, informa\u00e7\u00f5es do subsector de am\u00eandoas.<\/strong><\/p>\n\n\n\n<p>&nbsp;A Sess\u00e3o contou com a presen\u00e7a do Delegado Provincial Sifa Bernardo Ant\u00f3nio, que na ocasi\u00e3o, destacou a import\u00e2ncia de envolvimento t\u00e9cnico, visto que s\u00e3o eles que lidam com o dia-a-dia as actividades no campo. Este acto vai permitir que a plataforma responda na \u00edntegra as necessidades dos t\u00e9cnicos nas informa\u00e7\u00f5es a ser recolhidas.<\/p>\n","protected":false},"excerpt":{"rendered":"<p>Teve lugar no dia 17 a 19 de Fevereiro, na sala de reuni\u00f5es da delega\u00e7\u00e3o do Instituto de Am\u00eandoas da Zamb\u00e9zia, a sess\u00e3o de aprimoramento de funcionalidades da plataforma digital Connect Caju, um aplicativo que vai permitir a digitaliza\u00e7\u00e3o dos processos, informa\u00e7\u00f5es do subsector de am\u00eandoas. &nbsp;A Sess\u00e3o contou com a presen\u00e7a do Delegado Provincial Sifa Bernardo Ant\u00f3nio, que na ocasi\u00e3o, destacou a import\u00e2ncia de envolvimento t\u00e9cnico, visto que s\u00e3o eles que lidam com o dia-a-dia as actividades no campo. Este acto vai permitir que a plataforma responda na \u00edntegra as necessidades dos t\u00e9cnicos nas informa\u00e7\u00f5es a ser recolhidas.<\/p>\n","protected":false},"author":4,"featured_media":2955,"comment_status":"closed","ping_status":"closed","sticky":false,"template":"","format":"standard","meta":{"_price":"","_stock":"","_tribe_ticket_header":"","_tribe_default_ticket_provider":"","_tribe_ticket_capacity":"0","_ticket_start_date":"","_ticket_end_date":"","_tribe_ticket_show_description":"","_tribe_ticket_show_not_going":false,"_tribe_ticket_use_global_stock":"","_tribe_ticket_global_stock_level":"","_global_stock_mode":"","_global_stock_cap":"","_tribe_rsvp_for_event":"","_tribe_ticket_going_count":"","_tribe_ticket_not_going_count":"","_tribe_tickets_list":"[]","_tribe_ticket_has_attendee_info_fields":false,"footnotes":""},"categories":[1],"tags":[],"class_list":["post-2954","post","type-post","status-publish","format-standard","has-post-thumbnail","hentry","category-noticias"],"_links":{"self":[{"href":"https:\/\/iam.gov.mz\/index.php\/wp-json\/wp\/v2\/posts\/2954","targetHints":{"allow":["GET"]}}],"collection":[{"href":"https:\/\/iam.gov.mz\/index.php\/wp-json\/wp\/v2\/posts"}],"about":[{"href":"https:\/\/iam.gov.mz\/index.php\/wp-json\/wp\/v2\/types\/post"}],"author":[{"embeddable":true,"href":"https:\/\/iam.gov.mz\/index.php\/wp-json\/wp\/v2\/users\/4"}],"replies":[{"embeddable":true,"href":"https:\/\/iam.gov.mz\/index.php\/wp-json\/wp\/v2\/comments?post=2954"}],"version-history":[{"count":1,"href":"https:\/\/iam.gov.mz\/index.php\/wp-json\/wp\/v2\/posts\/2954\/revisions"}],"predecessor-version":[{"id":2957,"href":"https:\/\/iam.gov.mz\/index.php\/wp-json\/wp\/v2\/posts\/2954\/revisions\/2957"}],"wp:featuredmedia":[{"embeddable":true,"href":"https:\/\/iam.gov.mz\/index.php\/wp-json\/wp\/v2\/media\/2955"}],"wp:attachment":[{"href":"https:\/\/iam.gov.mz\/index.php\/wp-json\/wp\/v2\/media?parent=2954"}],"wp:term":[{"taxonomy":"category","embeddable":true,"href":"https:\/\/iam.gov.mz\/index.php\/wp-json\/wp\/v2\/categories?post=2954"},{"taxonomy":"post_tag","embeddable":true,"href":"https:\/\/iam.gov.mz\/index.php\/wp-json\/wp\/v2\/tags?post=2954"}],"curies":[{"name":"wp","href":"https:\/\/api.w.org\/{rel}","templated":true}]}}