{"id":3065,"date":"2025-02-26T11:08:36","date_gmt":"2025-02-26T11:08:36","guid":{"rendered":"https:\/\/iam.gov.mz\/?p=3065"},"modified":"2025-03-17T11:13:18","modified_gmt":"2025-03-17T11:13:18","slug":"iamip-zambezia-realiza-dia-de-campo-para-troca-de-experiencias-2","status":"publish","type":"post","link":"https:\/\/iam.gov.mz\/index.php\/2025\/02\/26\/iamip-zambezia-realiza-dia-de-campo-para-troca-de-experiencias-2\/","title":{"rendered":"IAM,IP Zamb\u00e9zia realiza dia de campo para troca de experi\u00eancias"},"content":{"rendered":"\n<div class=\"wp-block-columns is-layout-flex wp-container-core-columns-is-layout-9d6595d7 wp-block-columns-is-layout-flex\">\n<div class=\"wp-block-column is-layout-flow wp-block-column-is-layout-flow\">\n<figure class=\"wp-block-image size-large\"><img fetchpriority=\"high\" decoding=\"async\" width=\"1024\" height=\"682\" src=\"https:\/\/iam.gov.mz\/wp-content\/uploads\/2025\/03\/IMG-20250303-WA0016-1024x682.jpg\" alt=\"\" class=\"wp-image-3066\" srcset=\"https:\/\/iam.gov.mz\/wp-content\/uploads\/2025\/03\/IMG-20250303-WA0016-1024x682.jpg 1024w, https:\/\/iam.gov.mz\/wp-content\/uploads\/2025\/03\/IMG-20250303-WA0016-300x200.jpg 300w, https:\/\/iam.gov.mz\/wp-content\/uploads\/2025\/03\/IMG-20250303-WA0016-768x512.jpg 768w, https:\/\/iam.gov.mz\/wp-content\/uploads\/2025\/03\/IMG-20250303-WA0016.jpg 1280w\" sizes=\"(max-width: 1024px) 100vw, 1024px\" \/><\/figure>\n<\/div>\n\n\n\n<div class=\"wp-block-column is-layout-flow wp-block-column-is-layout-flow\">\n<figure class=\"wp-block-image size-large\"><img decoding=\"async\" width=\"1024\" height=\"682\" src=\"https:\/\/iam.gov.mz\/wp-content\/uploads\/2025\/03\/IMG-20250303-WA0032-1024x682.jpg\" alt=\"\" class=\"wp-image-3067\" srcset=\"https:\/\/iam.gov.mz\/wp-content\/uploads\/2025\/03\/IMG-20250303-WA0032-1024x682.jpg 1024w, https:\/\/iam.gov.mz\/wp-content\/uploads\/2025\/03\/IMG-20250303-WA0032-300x200.jpg 300w, https:\/\/iam.gov.mz\/wp-content\/uploads\/2025\/03\/IMG-20250303-WA0032-768x512.jpg 768w, https:\/\/iam.gov.mz\/wp-content\/uploads\/2025\/03\/IMG-20250303-WA0032.jpg 1280w\" sizes=\"(max-width: 1024px) 100vw, 1024px\" \/><\/figure>\n<\/div>\n\n\n\n<div class=\"wp-block-column is-layout-flow wp-block-column-is-layout-flow\">\n<figure class=\"wp-block-image size-large\"><img decoding=\"async\" width=\"1024\" height=\"682\" src=\"https:\/\/iam.gov.mz\/wp-content\/uploads\/2025\/03\/IMG-20250303-WA0024-1024x682.jpg\" alt=\"\" class=\"wp-image-3068\" srcset=\"https:\/\/iam.gov.mz\/wp-content\/uploads\/2025\/03\/IMG-20250303-WA0024-1024x682.jpg 1024w, https:\/\/iam.gov.mz\/wp-content\/uploads\/2025\/03\/IMG-20250303-WA0024-300x200.jpg 300w, https:\/\/iam.gov.mz\/wp-content\/uploads\/2025\/03\/IMG-20250303-WA0024-768x512.jpg 768w, https:\/\/iam.gov.mz\/wp-content\/uploads\/2025\/03\/IMG-20250303-WA0024.jpg 1280w\" sizes=\"(max-width: 1024px) 100vw, 1024px\" \/><\/figure>\n<\/div>\n<\/div>\n\n\n\n<p><strong>Instituto de Am\u00eandoas de Mo\u00e7ambique, IP (IAM,IP) delega\u00e7\u00e3o da Zamb\u00e9zia, no \u00e2mbito dos 100 dias de governa\u00e7\u00e3o realizou, no passado dia 26 de Fevereiro de 2025, o dia de campo no Distrito de Gil\u00e9, na comunidade de Nihame, localidade de Nanhope. O evento teve como objetivo promover a troca de experi\u00eancias e a partilha de boas pr\u00e1ticas na produ\u00e7\u00e3o do caju.<\/strong><\/p>\n\n\n\n<p>Durante o discurso de abertura, o delegado provincial, Sifa Ant\u00f3nio, enfatizou a import\u00e2ncia deste dia de campo, destacando que representa uma oportunidade valiosa para a troca de conhecimentos entre os participantes sobre diversas pr\u00e1ticas essenciais na produ\u00e7\u00e3o do caju.<\/p>\n\n\n\n<p>Na ocasi\u00e3o foram discutidas varias mat\u00e9rias nomeadamente: Demarca\u00e7\u00e3o e plantio de mudas de cajueiros, Podas de forma\u00e7\u00e3o e de sanita\u00e7\u00e3o de cajueiros; Venda conjunta de produtos agr\u00edcolas.<\/p>\n\n\n\n<p>Na ocasi\u00e3o o delegado do IAM, IP, reafirmou o seu compromisso da institui\u00e7\u00e3o em apoiar os produtores de caju, promovendo iniciativas que visam o fortalecimento da cadeia de valor e a melhoria das pr\u00e1ticas agr\u00edcolas na regi\u00e3o<\/p>\n\n\n\n<p>O evento contou com um total de 68 participantes dos quais 26 mulheres, 19 Extensionistas do SDAE, participa\u00e7\u00e3o do IAM,IP- (composto pelo Sr Delegado, Chefe de Desenvolvimento da Produ\u00e7\u00e3o das Am\u00eandoas e t\u00e9cnicos), SDAE, Nitidae, AMPCM, chefe da localidade de Nanhope, t\u00e9cnico de produ\u00e7\u00e3o.<\/p>\n\n\n\n<p><\/p>\n","protected":false},"excerpt":{"rendered":"<p>Instituto de Am\u00eandoas de Mo\u00e7ambique, IP (IAM,IP) delega\u00e7\u00e3o da Zamb\u00e9zia, no \u00e2mbito dos 100 dias de governa\u00e7\u00e3o realizou, no passado dia 26 de Fevereiro de 2025, o dia de campo no Distrito de Gil\u00e9, na comunidade de Nihame, localidade de Nanhope. O evento teve como objetivo promover a troca de experi\u00eancias e a partilha de boas pr\u00e1ticas na produ\u00e7\u00e3o do caju. Durante o discurso de abertura, o delegado provincial, Sifa Ant\u00f3nio, enfatizou a import\u00e2ncia deste dia de campo, destacando que representa uma oportunidade valiosa para a troca de conhecimentos entre os participantes sobre diversas pr\u00e1ticas essenciais na produ\u00e7\u00e3o do caju. [&hellip;]<\/p>\n","protected":false},"author":4,"featured_media":3067,"comment_status":"closed","ping_status":"closed","sticky":false,"template":"","format":"standard","meta":{"_price":"","_stock":"","_tribe_ticket_header":"","_tribe_default_ticket_provider":"","_tribe_ticket_capacity":"0","_ticket_start_date":"","_ticket_end_date":"","_tribe_ticket_show_description":"","_tribe_ticket_show_not_going":false,"_tribe_ticket_use_global_stock":"","_tribe_ticket_global_stock_level":"","_global_stock_mode":"","_global_stock_cap":"","_tribe_rsvp_for_event":"","_tribe_ticket_going_count":"","_tribe_ticket_not_going_count":"","_tribe_tickets_list":"[]","_tribe_ticket_has_attendee_info_fields":false,"footnotes":""},"categories":[1],"tags":[],"class_list":["post-3065","post","type-post","status-publish","format-standard","has-post-thumbnail","hentry","category-noticias"],"_links":{"self":[{"href":"https:\/\/iam.gov.mz\/index.php\/wp-json\/wp\/v2\/posts\/3065","targetHints":{"allow":["GET"]}}],"collection":[{"href":"https:\/\/iam.gov.mz\/index.php\/wp-json\/wp\/v2\/posts"}],"about":[{"href":"https:\/\/iam.gov.mz\/index.php\/wp-json\/wp\/v2\/types\/post"}],"author":[{"embeddable":true,"href":"https:\/\/iam.gov.mz\/index.php\/wp-json\/wp\/v2\/users\/4"}],"replies":[{"embeddable":true,"href":"https:\/\/iam.gov.mz\/index.php\/wp-json\/wp\/v2\/comments?post=3065"}],"version-history":[{"count":1,"href":"https:\/\/iam.gov.mz\/index.php\/wp-json\/wp\/v2\/posts\/3065\/revisions"}],"predecessor-version":[{"id":3069,"href":"https:\/\/iam.gov.mz\/index.php\/wp-json\/wp\/v2\/posts\/3065\/revisions\/3069"}],"wp:featuredmedia":[{"embeddable":true,"href":"https:\/\/iam.gov.mz\/index.php\/wp-json\/wp\/v2\/media\/3067"}],"wp:attachment":[{"href":"https:\/\/iam.gov.mz\/index.php\/wp-json\/wp\/v2\/media?parent=3065"}],"wp:term":[{"taxonomy":"category","embeddable":true,"href":"https:\/\/iam.gov.mz\/index.php\/wp-json\/wp\/v2\/categories?post=3065"},{"taxonomy":"post_tag","embeddable":true,"href":"https:\/\/iam.gov.mz\/index.php\/wp-json\/wp\/v2\/tags?post=3065"}],"curies":[{"name":"wp","href":"https:\/\/api.w.org\/{rel}","templated":true}]}}