{"id":3099,"date":"2025-03-20T10:51:19","date_gmt":"2025-03-20T10:51:19","guid":{"rendered":"https:\/\/iam.gov.mz\/?p=3099"},"modified":"2025-03-29T14:00:10","modified_gmt":"2025-03-29T14:00:10","slug":"tecnicos-do-iamip-sede-beneficiam-de-workshop-sobre-genero","status":"publish","type":"post","link":"https:\/\/iam.gov.mz\/index.php\/2025\/03\/20\/tecnicos-do-iamip-sede-beneficiam-de-workshop-sobre-genero\/","title":{"rendered":"T\u00e9cnicos do IAM,IP sede beneficiam de Workshop sobre G\u00e9nero"},"content":{"rendered":"\n<div class=\"wp-block-columns is-layout-flex wp-container-core-columns-is-layout-9d6595d7 wp-block-columns-is-layout-flex\">\n<div class=\"wp-block-column is-layout-flow wp-block-column-is-layout-flow\">\n<figure class=\"wp-block-image size-large\"><img fetchpriority=\"high\" decoding=\"async\" width=\"1024\" height=\"683\" src=\"https:\/\/iam.gov.mz\/wp-content\/uploads\/2025\/03\/IMG_2015-1024x683.jpg\" alt=\"\" class=\"wp-image-3102\" srcset=\"https:\/\/iam.gov.mz\/wp-content\/uploads\/2025\/03\/IMG_2015-1024x683.jpg 1024w, https:\/\/iam.gov.mz\/wp-content\/uploads\/2025\/03\/IMG_2015-300x200.jpg 300w, https:\/\/iam.gov.mz\/wp-content\/uploads\/2025\/03\/IMG_2015-768x512.jpg 768w, https:\/\/iam.gov.mz\/wp-content\/uploads\/2025\/03\/IMG_2015-1536x1024.jpg 1536w, https:\/\/iam.gov.mz\/wp-content\/uploads\/2025\/03\/IMG_2015-2048x1365.jpg 2048w\" sizes=\"(max-width: 1024px) 100vw, 1024px\" \/><\/figure>\n<\/div>\n\n\n\n<div class=\"wp-block-column is-layout-flow wp-block-column-is-layout-flow\">\n<figure class=\"wp-block-image size-large\"><img decoding=\"async\" width=\"1024\" height=\"683\" src=\"https:\/\/iam.gov.mz\/wp-content\/uploads\/2025\/03\/IMG_2031-1024x683.jpg\" alt=\"\" class=\"wp-image-3100\" srcset=\"https:\/\/iam.gov.mz\/wp-content\/uploads\/2025\/03\/IMG_2031-1024x683.jpg 1024w, https:\/\/iam.gov.mz\/wp-content\/uploads\/2025\/03\/IMG_2031-300x200.jpg 300w, https:\/\/iam.gov.mz\/wp-content\/uploads\/2025\/03\/IMG_2031-768x512.jpg 768w, https:\/\/iam.gov.mz\/wp-content\/uploads\/2025\/03\/IMG_2031-1536x1024.jpg 1536w, https:\/\/iam.gov.mz\/wp-content\/uploads\/2025\/03\/IMG_2031-2048x1365.jpg 2048w\" sizes=\"(max-width: 1024px) 100vw, 1024px\" \/><\/figure>\n<\/div>\n\n\n\n<div class=\"wp-block-column is-layout-flow wp-block-column-is-layout-flow\">\n<figure class=\"wp-block-image size-large\"><img decoding=\"async\" width=\"1024\" height=\"683\" src=\"https:\/\/iam.gov.mz\/wp-content\/uploads\/2025\/03\/IMG_2037-1024x683.jpg\" alt=\"\" class=\"wp-image-3101\" srcset=\"https:\/\/iam.gov.mz\/wp-content\/uploads\/2025\/03\/IMG_2037-1024x683.jpg 1024w, https:\/\/iam.gov.mz\/wp-content\/uploads\/2025\/03\/IMG_2037-300x200.jpg 300w, https:\/\/iam.gov.mz\/wp-content\/uploads\/2025\/03\/IMG_2037-768x512.jpg 768w, https:\/\/iam.gov.mz\/wp-content\/uploads\/2025\/03\/IMG_2037-1536x1024.jpg 1536w, https:\/\/iam.gov.mz\/wp-content\/uploads\/2025\/03\/IMG_2037-2048x1365.jpg 2048w\" sizes=\"(max-width: 1024px) 100vw, 1024px\" \/><\/figure>\n<\/div>\n<\/div>\n\n\n\n<p><strong>Teve lugar no dia 20 de Mar\u00e7o, na Cidade de Maputo, uma capacita\u00e7\u00e3o de t\u00e9cnicos do Instituto de Am\u00eandoas de Mo\u00e7ambique, IP sobre G\u00e9nero, como um mecanismo estrat\u00e9gico para refor\u00e7ar a igualdade de oportunidade, o respeito a diversidade e a constru\u00e7\u00e3o de ambientes de trabalho mais inclusivo promovido pela N\u00edtidae.<\/strong><\/p>\n\n\n\n<p>O Workshop insere-se no contexto de capacita\u00e7\u00e3o institucional para promover a integra\u00e7\u00e3o da perspectiva de g\u00e9nero nas actividades do IAM,IP, com o intuito de valorizar a participa\u00e7\u00e3o das mulheres na cadeias de valor como o Caju e da Macad\u00e2mia destacando seu papel estrat\u00e9gico na produ\u00e7\u00e3o e comercializa\u00e7\u00e3o.<\/p>\n\n\n\n<p>As mat\u00e9rias de g\u00e9nero s\u00e3o fundamentais no subsector das am\u00eandoas para promover a participa\u00e7\u00e3o activa de mulheres e jovens em actividades agr\u00edcolas e comerciais, garantir a equidade no acesso a recursos e oportunidades (como terra, cr\u00e9dito e tecnologia) e reduzir desigualdades na distribui\u00e7\u00e3o de tarefas e responsabilidades, especialmente no trabalho agr\u00edcola e dom\u00e9stico.<\/p>\n\n\n\n<p>A capacita\u00e7\u00e3o vai expandir-se ao n\u00edvel das delega\u00e7\u00f5es provinciais, visando assegurar que os princ\u00edpios de igualdade de g\u00e9nero sejam compreendidos e aplicados em todos os n\u00edveis da institui\u00e7\u00e3o, incluindo as \u00e1reas operacionais do campo de produ\u00e7\u00e3o.<\/p>\n\n\n\n<p>A capacita\u00e7\u00e3o foi promovido pelo Projecto ACAMOZ designado Apoio \u00e0 Cadeia de valor do Caju e Macad\u00e2mia em Mo\u00e7ambique, financiado pela Ag\u00eancia Francesa do Desenvolvimento (AFD), implementado pela Nitidae em coordena\u00e7\u00e3o com o Instituto de Am\u00eandoas de Mo\u00e7ambique, IP.\u00a0\u00a0\u00a0\u00a0\u00a0\u00a0\u00a0\u00a0<\/p>\n\n\n\n<p><\/p>\n","protected":false},"excerpt":{"rendered":"<p>Teve lugar no dia 20 de Mar\u00e7o, na Cidade de Maputo, uma capacita\u00e7\u00e3o de t\u00e9cnicos do Instituto de Am\u00eandoas de Mo\u00e7ambique, IP sobre G\u00e9nero, como um mecanismo estrat\u00e9gico para refor\u00e7ar a igualdade de oportunidade, o respeito a diversidade e a constru\u00e7\u00e3o de ambientes de trabalho mais inclusivo promovido pela N\u00edtidae. O Workshop insere-se no contexto de capacita\u00e7\u00e3o institucional para promover a integra\u00e7\u00e3o da perspectiva de g\u00e9nero nas actividades do IAM,IP, com o intuito de valorizar a participa\u00e7\u00e3o das mulheres na cadeias de valor como o Caju e da Macad\u00e2mia destacando seu papel estrat\u00e9gico na produ\u00e7\u00e3o e comercializa\u00e7\u00e3o. As mat\u00e9rias de [&hellip;]<\/p>\n","protected":false},"author":4,"featured_media":3102,"comment_status":"closed","ping_status":"closed","sticky":false,"template":"","format":"standard","meta":{"_price":"","_stock":"","_tribe_ticket_header":"","_tribe_default_ticket_provider":"","_tribe_ticket_capacity":"0","_ticket_start_date":"","_ticket_end_date":"","_tribe_ticket_show_description":"","_tribe_ticket_show_not_going":false,"_tribe_ticket_use_global_stock":"","_tribe_ticket_global_stock_level":"","_global_stock_mode":"","_global_stock_cap":"","_tribe_rsvp_for_event":"","_tribe_ticket_going_count":"","_tribe_ticket_not_going_count":"","_tribe_tickets_list":"[]","_tribe_ticket_has_attendee_info_fields":false,"footnotes":""},"categories":[1],"tags":[],"class_list":["post-3099","post","type-post","status-publish","format-standard","has-post-thumbnail","hentry","category-noticias"],"_links":{"self":[{"href":"https:\/\/iam.gov.mz\/index.php\/wp-json\/wp\/v2\/posts\/3099","targetHints":{"allow":["GET"]}}],"collection":[{"href":"https:\/\/iam.gov.mz\/index.php\/wp-json\/wp\/v2\/posts"}],"about":[{"href":"https:\/\/iam.gov.mz\/index.php\/wp-json\/wp\/v2\/types\/post"}],"author":[{"embeddable":true,"href":"https:\/\/iam.gov.mz\/index.php\/wp-json\/wp\/v2\/users\/4"}],"replies":[{"embeddable":true,"href":"https:\/\/iam.gov.mz\/index.php\/wp-json\/wp\/v2\/comments?post=3099"}],"version-history":[{"count":2,"href":"https:\/\/iam.gov.mz\/index.php\/wp-json\/wp\/v2\/posts\/3099\/revisions"}],"predecessor-version":[{"id":3111,"href":"https:\/\/iam.gov.mz\/index.php\/wp-json\/wp\/v2\/posts\/3099\/revisions\/3111"}],"wp:featuredmedia":[{"embeddable":true,"href":"https:\/\/iam.gov.mz\/index.php\/wp-json\/wp\/v2\/media\/3102"}],"wp:attachment":[{"href":"https:\/\/iam.gov.mz\/index.php\/wp-json\/wp\/v2\/media?parent=3099"}],"wp:term":[{"taxonomy":"category","embeddable":true,"href":"https:\/\/iam.gov.mz\/index.php\/wp-json\/wp\/v2\/categories?post=3099"},{"taxonomy":"post_tag","embeddable":true,"href":"https:\/\/iam.gov.mz\/index.php\/wp-json\/wp\/v2\/tags?post=3099"}],"curies":[{"name":"wp","href":"https:\/\/api.w.org\/{rel}","templated":true}]}}