{"id":3123,"date":"2025-04-21T08:24:20","date_gmt":"2025-04-21T08:24:20","guid":{"rendered":"https:\/\/iam.gov.mz\/?p=3123"},"modified":"2025-04-23T16:28:58","modified_gmt":"2025-04-23T16:28:58","slug":"iam-ip-capacita-tecnicos-no-ambito-de-implementacao-da-politica-de-genero","status":"publish","type":"post","link":"https:\/\/iam.gov.mz\/index.php\/2025\/04\/21\/iam-ip-capacita-tecnicos-no-ambito-de-implementacao-da-politica-de-genero\/","title":{"rendered":"IAM, IP capacita t\u00e9cnicos no \u00e2mbito de implementa\u00e7\u00e3o da pol\u00edtica de G\u00e9nero"},"content":{"rendered":"\n<div class=\"wp-block-columns is-layout-flex wp-container-core-columns-is-layout-9d6595d7 wp-block-columns-is-layout-flex\">\n<div class=\"wp-block-column is-layout-flow wp-block-column-is-layout-flow\">\n<figure class=\"wp-block-image size-large\"><img fetchpriority=\"high\" decoding=\"async\" width=\"1024\" height=\"576\" src=\"https:\/\/iam.gov.mz\/wp-content\/uploads\/2025\/04\/IMG-20250422-WA0013-1024x576.jpg\" alt=\"\" class=\"wp-image-3124\" srcset=\"https:\/\/iam.gov.mz\/wp-content\/uploads\/2025\/04\/IMG-20250422-WA0013-1024x576.jpg 1024w, https:\/\/iam.gov.mz\/wp-content\/uploads\/2025\/04\/IMG-20250422-WA0013-300x169.jpg 300w, https:\/\/iam.gov.mz\/wp-content\/uploads\/2025\/04\/IMG-20250422-WA0013-768x432.jpg 768w, https:\/\/iam.gov.mz\/wp-content\/uploads\/2025\/04\/IMG-20250422-WA0013.jpg 1280w\" sizes=\"(max-width: 1024px) 100vw, 1024px\" \/><\/figure>\n\n\n\n<div class=\"wp-block-columns is-layout-flex wp-container-core-columns-is-layout-9d6595d7 wp-block-columns-is-layout-flex\">\n<div class=\"wp-block-column is-layout-flow wp-block-column-is-layout-flow\">\n<figure class=\"wp-block-image size-large\"><img decoding=\"async\" width=\"576\" height=\"1024\" src=\"https:\/\/iam.gov.mz\/wp-content\/uploads\/2025\/04\/IMG-20250422-WA0012-576x1024.jpg\" alt=\"\" class=\"wp-image-3128\" srcset=\"https:\/\/iam.gov.mz\/wp-content\/uploads\/2025\/04\/IMG-20250422-WA0012-576x1024.jpg 576w, https:\/\/iam.gov.mz\/wp-content\/uploads\/2025\/04\/IMG-20250422-WA0012-169x300.jpg 169w, https:\/\/iam.gov.mz\/wp-content\/uploads\/2025\/04\/IMG-20250422-WA0012.jpg 720w\" sizes=\"(max-width: 576px) 100vw, 576px\" \/><\/figure>\n<\/div>\n<\/div>\n<\/div>\n\n\n\n<div class=\"wp-block-column is-layout-flow wp-block-column-is-layout-flow\">\n<figure class=\"wp-block-image size-large\"><img decoding=\"async\" width=\"1024\" height=\"576\" src=\"https:\/\/iam.gov.mz\/wp-content\/uploads\/2025\/04\/IMG-20250422-WA0011-1024x576.jpg\" alt=\"\" class=\"wp-image-3125\" srcset=\"https:\/\/iam.gov.mz\/wp-content\/uploads\/2025\/04\/IMG-20250422-WA0011-1024x576.jpg 1024w, https:\/\/iam.gov.mz\/wp-content\/uploads\/2025\/04\/IMG-20250422-WA0011-300x169.jpg 300w, https:\/\/iam.gov.mz\/wp-content\/uploads\/2025\/04\/IMG-20250422-WA0011-768x432.jpg 768w, https:\/\/iam.gov.mz\/wp-content\/uploads\/2025\/04\/IMG-20250422-WA0011.jpg 1280w\" sizes=\"(max-width: 1024px) 100vw, 1024px\" \/><\/figure>\n\n\n\n<div class=\"wp-block-columns is-layout-flex wp-container-core-columns-is-layout-9d6595d7 wp-block-columns-is-layout-flex\">\n<div class=\"wp-block-column is-layout-flow wp-block-column-is-layout-flow\">\n<figure class=\"wp-block-image size-large\"><img loading=\"lazy\" decoding=\"async\" width=\"1024\" height=\"1024\" src=\"https:\/\/iam.gov.mz\/wp-content\/uploads\/2025\/04\/IMG-20250422-WA0016-1024x1024.jpg\" alt=\"\" class=\"wp-image-3127\" srcset=\"https:\/\/iam.gov.mz\/wp-content\/uploads\/2025\/04\/IMG-20250422-WA0016-1024x1024.jpg 1024w, https:\/\/iam.gov.mz\/wp-content\/uploads\/2025\/04\/IMG-20250422-WA0016-300x300.jpg 300w, https:\/\/iam.gov.mz\/wp-content\/uploads\/2025\/04\/IMG-20250422-WA0016-150x150.jpg 150w, https:\/\/iam.gov.mz\/wp-content\/uploads\/2025\/04\/IMG-20250422-WA0016-768x768.jpg 768w, https:\/\/iam.gov.mz\/wp-content\/uploads\/2025\/04\/IMG-20250422-WA0016.jpg 1280w\" sizes=\"(max-width: 1024px) 100vw, 1024px\" \/><\/figure>\n<\/div>\n<\/div>\n<\/div>\n\n\n\n<div class=\"wp-block-column is-layout-flow wp-block-column-is-layout-flow\">\n<figure class=\"wp-block-image size-large\"><img loading=\"lazy\" decoding=\"async\" width=\"1024\" height=\"1024\" src=\"https:\/\/iam.gov.mz\/wp-content\/uploads\/2025\/04\/IMG-20250422-WA0015-1024x1024.jpg\" alt=\"\" class=\"wp-image-3126\" srcset=\"https:\/\/iam.gov.mz\/wp-content\/uploads\/2025\/04\/IMG-20250422-WA0015-1024x1024.jpg 1024w, https:\/\/iam.gov.mz\/wp-content\/uploads\/2025\/04\/IMG-20250422-WA0015-300x300.jpg 300w, https:\/\/iam.gov.mz\/wp-content\/uploads\/2025\/04\/IMG-20250422-WA0015-150x150.jpg 150w, https:\/\/iam.gov.mz\/wp-content\/uploads\/2025\/04\/IMG-20250422-WA0015-768x768.jpg 768w, https:\/\/iam.gov.mz\/wp-content\/uploads\/2025\/04\/IMG-20250422-WA0015.jpg 1280w\" sizes=\"(max-width: 1024px) 100vw, 1024px\" \/><\/figure>\n<\/div>\n<\/div>\n\n\n\n<p><strong>Os t\u00e9cnicos do Instituto de Am\u00eandoas de Mo\u00e7ambique (IAM, IP) participaram hoje, 22 de abril de 2025, num workshop sobre conceitos de g\u00e9nero, como mecanismo estrat\u00e9gico para refor\u00e7ar a igualdade de oportunidades, o respeito pela diversidade e a constru\u00e7\u00e3o de um ambiente de trabalho mais inclusivo.<\/strong><\/p>\n\n\n\n<p>A iniciativa foi promovida pela Nitidae, no \u00e2mbito do Projeto ACAMOZ II &#8211; Apoio \u00e0 Cadeia de Valor do Caju e Macad\u00e2mia em Mo\u00e7ambique, financiado pela Ag\u00eancia Francesa de Desenvolvimento (AFD), em coordena\u00e7\u00e3o com o IAM, IP.<\/p>\n\n\n\n<p>O workshop enquadra-se no contexto da capacita\u00e7\u00e3o institucional para promover a integra\u00e7\u00e3o da perspectiva de g\u00e9nero nas actividades do IAM, IP, com o intuito de valorizar a participa\u00e7\u00e3o das mulheres nas cadeias de valor do caju e da macad\u00e2mia, destacando o seu papel estrat\u00e9gico na produ\u00e7\u00e3o e comercializa\u00e7\u00e3o.<\/p>\n\n\n\n<p>Esta capacita\u00e7\u00e3o expandir-se-\u00e1 a n\u00edvel das Delega\u00e7\u00f5es provinciais com a forma\u00e7\u00e3o dos pontos focais, visando assegurar que os princ\u00edpios de igualdade de g\u00e9nero sejam compreendidos e aplicados em todos os n\u00edveis da institui\u00e7\u00e3o, incluindo as \u00e1reas operacionais do campo de produ\u00e7\u00e3o.<\/p>\n\n\n\n<p>De salientar que esta \u00e9 a segunda fase do workshop sobre G\u00e9nero, tendo a primeira fase contado com a participa\u00e7\u00e3o do Excelent\u00edssimo Diretor Geral do IAM, IP, Il\u00eddio Bande.<\/p>\n\n\n\n<p><\/p>\n","protected":false},"excerpt":{"rendered":"<p>Os t\u00e9cnicos do Instituto de Am\u00eandoas de Mo\u00e7ambique (IAM, IP) participaram hoje, 22 de abril de 2025, num workshop sobre conceitos de g\u00e9nero, como mecanismo estrat\u00e9gico para refor\u00e7ar a igualdade de oportunidades, o respeito pela diversidade e a constru\u00e7\u00e3o de um ambiente de trabalho mais inclusivo. A iniciativa foi promovida pela Nitidae, no \u00e2mbito do Projeto ACAMOZ II &#8211; Apoio \u00e0 Cadeia de Valor do Caju e Macad\u00e2mia em Mo\u00e7ambique, financiado pela Ag\u00eancia Francesa de Desenvolvimento (AFD), em coordena\u00e7\u00e3o com o IAM, IP. O workshop enquadra-se no contexto da capacita\u00e7\u00e3o institucional para promover a integra\u00e7\u00e3o da perspectiva de g\u00e9nero nas [&hellip;]<\/p>\n","protected":false},"author":4,"featured_media":3130,"comment_status":"closed","ping_status":"closed","sticky":false,"template":"","format":"standard","meta":{"_price":"","_stock":"","_tribe_ticket_header":"","_tribe_default_ticket_provider":"","_tribe_ticket_capacity":"0","_ticket_start_date":"","_ticket_end_date":"","_tribe_ticket_show_description":"","_tribe_ticket_show_not_going":false,"_tribe_ticket_use_global_stock":"","_tribe_ticket_global_stock_level":"","_global_stock_mode":"","_global_stock_cap":"","_tribe_rsvp_for_event":"","_tribe_ticket_going_count":"","_tribe_ticket_not_going_count":"","_tribe_tickets_list":"[]","_tribe_ticket_has_attendee_info_fields":false,"footnotes":""},"categories":[1],"tags":[],"class_list":["post-3123","post","type-post","status-publish","format-standard","has-post-thumbnail","hentry","category-noticias"],"_links":{"self":[{"href":"https:\/\/iam.gov.mz\/index.php\/wp-json\/wp\/v2\/posts\/3123","targetHints":{"allow":["GET"]}}],"collection":[{"href":"https:\/\/iam.gov.mz\/index.php\/wp-json\/wp\/v2\/posts"}],"about":[{"href":"https:\/\/iam.gov.mz\/index.php\/wp-json\/wp\/v2\/types\/post"}],"author":[{"embeddable":true,"href":"https:\/\/iam.gov.mz\/index.php\/wp-json\/wp\/v2\/users\/4"}],"replies":[{"embeddable":true,"href":"https:\/\/iam.gov.mz\/index.php\/wp-json\/wp\/v2\/comments?post=3123"}],"version-history":[{"count":1,"href":"https:\/\/iam.gov.mz\/index.php\/wp-json\/wp\/v2\/posts\/3123\/revisions"}],"predecessor-version":[{"id":3129,"href":"https:\/\/iam.gov.mz\/index.php\/wp-json\/wp\/v2\/posts\/3123\/revisions\/3129"}],"wp:featuredmedia":[{"embeddable":true,"href":"https:\/\/iam.gov.mz\/index.php\/wp-json\/wp\/v2\/media\/3130"}],"wp:attachment":[{"href":"https:\/\/iam.gov.mz\/index.php\/wp-json\/wp\/v2\/media?parent=3123"}],"wp:term":[{"taxonomy":"category","embeddable":true,"href":"https:\/\/iam.gov.mz\/index.php\/wp-json\/wp\/v2\/categories?post=3123"},{"taxonomy":"post_tag","embeddable":true,"href":"https:\/\/iam.gov.mz\/index.php\/wp-json\/wp\/v2\/tags?post=3123"}],"curies":[{"name":"wp","href":"https:\/\/api.w.org\/{rel}","templated":true}]}}