{"id":3143,"date":"2025-04-22T09:54:31","date_gmt":"2025-04-22T09:54:31","guid":{"rendered":"https:\/\/iam.gov.mz\/?p=3143"},"modified":"2025-05-01T10:11:22","modified_gmt":"2025-05-01T10:11:22","slug":"delegacao-do-iam-ip-recebe-visita-do-secretario-do-estado-da-provincia","status":"publish","type":"post","link":"https:\/\/iam.gov.mz\/index.php\/2025\/04\/22\/delegacao-do-iam-ip-recebe-visita-do-secretario-do-estado-da-provincia\/","title":{"rendered":"Delega\u00e7\u00e3o do IAM, IP recebe visita do Secret\u00e1rio do Estado da Prov\u00edncia"},"content":{"rendered":"\n<div class=\"wp-block-columns is-layout-flex wp-container-core-columns-is-layout-9d6595d7 wp-block-columns-is-layout-flex\">\n<div class=\"wp-block-column is-layout-flow wp-block-column-is-layout-flow\">\n<figure class=\"wp-block-image size-large\"><img fetchpriority=\"high\" decoding=\"async\" width=\"768\" height=\"1024\" src=\"https:\/\/iam.gov.mz\/wp-content\/uploads\/2025\/05\/IMG-20250424-WA0017-768x1024.jpg\" alt=\"\" class=\"wp-image-3144\" srcset=\"https:\/\/iam.gov.mz\/wp-content\/uploads\/2025\/05\/IMG-20250424-WA0017-768x1024.jpg 768w, https:\/\/iam.gov.mz\/wp-content\/uploads\/2025\/05\/IMG-20250424-WA0017-225x300.jpg 225w, https:\/\/iam.gov.mz\/wp-content\/uploads\/2025\/05\/IMG-20250424-WA0017.jpg 960w\" sizes=\"(max-width: 768px) 100vw, 768px\" \/><\/figure>\n<\/div>\n\n\n\n<div class=\"wp-block-column is-layout-flow wp-block-column-is-layout-flow\">\n<figure class=\"wp-block-image size-large\"><img decoding=\"async\" width=\"768\" height=\"1024\" src=\"https:\/\/iam.gov.mz\/wp-content\/uploads\/2025\/05\/IMG-20250424-WA0012-768x1024.jpg\" alt=\"\" class=\"wp-image-3145\" srcset=\"https:\/\/iam.gov.mz\/wp-content\/uploads\/2025\/05\/IMG-20250424-WA0012-768x1024.jpg 768w, https:\/\/iam.gov.mz\/wp-content\/uploads\/2025\/05\/IMG-20250424-WA0012-225x300.jpg 225w, https:\/\/iam.gov.mz\/wp-content\/uploads\/2025\/05\/IMG-20250424-WA0012.jpg 960w\" sizes=\"(max-width: 768px) 100vw, 768px\" \/><\/figure>\n<\/div>\n\n\n\n<div class=\"wp-block-column is-layout-flow wp-block-column-is-layout-flow\">\n<figure class=\"wp-block-image size-large\"><img decoding=\"async\" width=\"1024\" height=\"496\" src=\"https:\/\/iam.gov.mz\/wp-content\/uploads\/2025\/05\/IMG-20250424-WA0020-1024x496.jpg\" alt=\"\" class=\"wp-image-3146\" srcset=\"https:\/\/iam.gov.mz\/wp-content\/uploads\/2025\/05\/IMG-20250424-WA0020-1024x496.jpg 1024w, https:\/\/iam.gov.mz\/wp-content\/uploads\/2025\/05\/IMG-20250424-WA0020-300x145.jpg 300w, https:\/\/iam.gov.mz\/wp-content\/uploads\/2025\/05\/IMG-20250424-WA0020-768x372.jpg 768w, https:\/\/iam.gov.mz\/wp-content\/uploads\/2025\/05\/IMG-20250424-WA0020.jpg 1280w\" sizes=\"(max-width: 1024px) 100vw, 1024px\" \/><\/figure>\n\n\n\n<div class=\"wp-block-columns is-layout-flex wp-container-core-columns-is-layout-9d6595d7 wp-block-columns-is-layout-flex\">\n<div class=\"wp-block-column is-layout-flow wp-block-column-is-layout-flow\">\n<figure class=\"wp-block-image size-large\"><img loading=\"lazy\" decoding=\"async\" width=\"1024\" height=\"576\" src=\"https:\/\/iam.gov.mz\/wp-content\/uploads\/2025\/05\/IMG-20250424-WA0023-1024x576.jpg\" alt=\"\" class=\"wp-image-3147\" srcset=\"https:\/\/iam.gov.mz\/wp-content\/uploads\/2025\/05\/IMG-20250424-WA0023-1024x576.jpg 1024w, https:\/\/iam.gov.mz\/wp-content\/uploads\/2025\/05\/IMG-20250424-WA0023-300x169.jpg 300w, https:\/\/iam.gov.mz\/wp-content\/uploads\/2025\/05\/IMG-20250424-WA0023-768x432.jpg 768w, https:\/\/iam.gov.mz\/wp-content\/uploads\/2025\/05\/IMG-20250424-WA0023.jpg 1280w\" sizes=\"(max-width: 1024px) 100vw, 1024px\" \/><\/figure>\n<\/div>\n<\/div>\n<\/div>\n<\/div>\n\n\n\n<p><strong>A Delega\u00e7\u00e3o do Instituto de Am\u00eandoas de Mo\u00e7ambique, IP de Cabo Delgado recebeu, no dia 22 de Abril de 2025, a visita de Sua Excel\u00eancia Fernando Bemane de Sousa, Secret\u00e1rio do Estado da Prov\u00edncia, nas instala\u00e7\u00f5es dos Servi\u00e7os Provinciais de Actividades Econ\u00f3micas (SPAE).<\/strong><\/p>\n\n\n\n<p>Durante o encontro, o IAM, IP apresentou toda a cadeia de valor das am\u00eandoas, come\u00e7ando pelo processo produtivo que culminou com uma exposi\u00e7\u00e3o dos diversos produtos e subprodutos, organizada especialmente para a ocasi\u00e3o.<\/p>\n\n\n\n<p>O Delegado Provincial Substituto, Exmo. Senhor Ant\u00f3nio Jone, apresentou o organograma da institui\u00e7\u00e3o e os seus funcion\u00e1rios, al\u00e9m de dar a conhecer as principais atribui\u00e7\u00f5es do IAM, IP, com destaque para: Coordena\u00e7\u00e3o de programas de fomento; Produ\u00e7\u00e3o e comercializa\u00e7\u00e3o; Processamento e exporta\u00e7\u00e3o e Industrializa\u00e7\u00e3o em coordena\u00e7\u00e3o com a DPIC<\/p>\n\n\n\n<p>Entre os desafios apresentados, destacou-se a necessidade de retomar as actividades de produ\u00e7\u00e3o de mudas no viveiro de Nanduli, que anteriormente produzia 750 mil mudas, bem como alargar o tratamento qu\u00edmico do parque caju\u00edcola da prov\u00edncia, que conta com aproximadamente 5 milh\u00f5es de cajueiros. Estas medidas visam incrementar a produ\u00e7\u00e3o\/comercializa\u00e7\u00e3o, que actualmente se situa em 30.513 toneladas, conforme dados da \u00faltima campanha.<\/p>\n\n\n\n<p>Nas suas considera\u00e7\u00f5es finais, o Secret\u00e1rio do Estado agradeceu pela apresenta\u00e7\u00e3o e explica\u00e7\u00e3o das diferentes mat\u00e9rias tratadas, e recomendou que o sector possa intensificar programas de educa\u00e7\u00e3o financeira aos produtores, para que a receita arrecadada gere impacto positivo directo nas suas vidas e nas comunidades. Para finalizar a visita, Sua Excel\u00eancia Secret\u00e1rio do Estado plantou simbolicamente uma muda de cajueiro no recinto do SPAE, simbolizando a pr\u00e1tica de substitui\u00e7\u00e3o de cajueiros que a prov\u00edncia estimula.<\/p>\n","protected":false},"excerpt":{"rendered":"<p>A Delega\u00e7\u00e3o do Instituto de Am\u00eandoas de Mo\u00e7ambique, IP de Cabo Delgado recebeu, no dia 22 de Abril de 2025, a visita de Sua Excel\u00eancia Fernando Bemane de Sousa, Secret\u00e1rio do Estado da Prov\u00edncia, nas instala\u00e7\u00f5es dos Servi\u00e7os Provinciais de Actividades Econ\u00f3micas (SPAE). Durante o encontro, o IAM, IP apresentou toda a cadeia de valor das am\u00eandoas, come\u00e7ando pelo processo produtivo que culminou com uma exposi\u00e7\u00e3o dos diversos produtos e subprodutos, organizada especialmente para a ocasi\u00e3o. O Delegado Provincial Substituto, Exmo. Senhor Ant\u00f3nio Jone, apresentou o organograma da institui\u00e7\u00e3o e os seus funcion\u00e1rios, al\u00e9m de dar a conhecer as principais [&hellip;]<\/p>\n","protected":false},"author":4,"featured_media":3148,"comment_status":"closed","ping_status":"closed","sticky":false,"template":"","format":"standard","meta":{"_price":"","_stock":"","_tribe_ticket_header":"","_tribe_default_ticket_provider":"","_tribe_ticket_capacity":"0","_ticket_start_date":"","_ticket_end_date":"","_tribe_ticket_show_description":"","_tribe_ticket_show_not_going":false,"_tribe_ticket_use_global_stock":"","_tribe_ticket_global_stock_level":"","_global_stock_mode":"","_global_stock_cap":"","_tribe_rsvp_for_event":"","_tribe_ticket_going_count":"","_tribe_ticket_not_going_count":"","_tribe_tickets_list":"[]","_tribe_ticket_has_attendee_info_fields":false,"footnotes":""},"categories":[1],"tags":[],"class_list":["post-3143","post","type-post","status-publish","format-standard","has-post-thumbnail","hentry","category-noticias"],"_links":{"self":[{"href":"https:\/\/iam.gov.mz\/index.php\/wp-json\/wp\/v2\/posts\/3143","targetHints":{"allow":["GET"]}}],"collection":[{"href":"https:\/\/iam.gov.mz\/index.php\/wp-json\/wp\/v2\/posts"}],"about":[{"href":"https:\/\/iam.gov.mz\/index.php\/wp-json\/wp\/v2\/types\/post"}],"author":[{"embeddable":true,"href":"https:\/\/iam.gov.mz\/index.php\/wp-json\/wp\/v2\/users\/4"}],"replies":[{"embeddable":true,"href":"https:\/\/iam.gov.mz\/index.php\/wp-json\/wp\/v2\/comments?post=3143"}],"version-history":[{"count":1,"href":"https:\/\/iam.gov.mz\/index.php\/wp-json\/wp\/v2\/posts\/3143\/revisions"}],"predecessor-version":[{"id":3149,"href":"https:\/\/iam.gov.mz\/index.php\/wp-json\/wp\/v2\/posts\/3143\/revisions\/3149"}],"wp:featuredmedia":[{"embeddable":true,"href":"https:\/\/iam.gov.mz\/index.php\/wp-json\/wp\/v2\/media\/3148"}],"wp:attachment":[{"href":"https:\/\/iam.gov.mz\/index.php\/wp-json\/wp\/v2\/media?parent=3143"}],"wp:term":[{"taxonomy":"category","embeddable":true,"href":"https:\/\/iam.gov.mz\/index.php\/wp-json\/wp\/v2\/categories?post=3143"},{"taxonomy":"post_tag","embeddable":true,"href":"https:\/\/iam.gov.mz\/index.php\/wp-json\/wp\/v2\/tags?post=3143"}],"curies":[{"name":"wp","href":"https:\/\/api.w.org\/{rel}","templated":true}]}}