{"id":3170,"date":"2025-05-05T09:41:52","date_gmt":"2025-05-05T09:41:52","guid":{"rendered":"https:\/\/iam.gov.mz\/?p=3170"},"modified":"2025-05-06T16:45:27","modified_gmt":"2025-05-06T16:45:27","slug":"iamip-promove-massificacao-do-plantio-de-cajueiros-em-gaza","status":"publish","type":"post","link":"https:\/\/iam.gov.mz\/index.php\/2025\/05\/05\/iamip-promove-massificacao-do-plantio-de-cajueiros-em-gaza\/","title":{"rendered":"IAM,IP PROMOVE MASSIFICA\u00c7\u00c3O DO PLANTIO DE CAJUEIROS EM GAZA"},"content":{"rendered":"\n<div class=\"wp-block-columns is-layout-flex wp-container-core-columns-is-layout-9d6595d7 wp-block-columns-is-layout-flex\">\n<div class=\"wp-block-column is-layout-flow wp-block-column-is-layout-flow\">\n<figure class=\"wp-block-image size-large\"><img fetchpriority=\"high\" decoding=\"async\" width=\"1024\" height=\"449\" src=\"https:\/\/iam.gov.mz\/wp-content\/uploads\/2025\/05\/IMG-20250506-WA0008-1024x449.jpg\" alt=\"\" class=\"wp-image-3171\" srcset=\"https:\/\/iam.gov.mz\/wp-content\/uploads\/2025\/05\/IMG-20250506-WA0008-1024x449.jpg 1024w, https:\/\/iam.gov.mz\/wp-content\/uploads\/2025\/05\/IMG-20250506-WA0008-300x132.jpg 300w, https:\/\/iam.gov.mz\/wp-content\/uploads\/2025\/05\/IMG-20250506-WA0008-768x337.jpg 768w, https:\/\/iam.gov.mz\/wp-content\/uploads\/2025\/05\/IMG-20250506-WA0008-1536x674.jpg 1536w, https:\/\/iam.gov.mz\/wp-content\/uploads\/2025\/05\/IMG-20250506-WA0008.jpg 1600w\" sizes=\"(max-width: 1024px) 100vw, 1024px\" \/><\/figure>\n<\/div>\n\n\n\n<div class=\"wp-block-column is-layout-flow wp-block-column-is-layout-flow\">\n<figure class=\"wp-block-image size-large\"><img decoding=\"async\" width=\"1024\" height=\"449\" src=\"https:\/\/iam.gov.mz\/wp-content\/uploads\/2025\/05\/IMG-20250506-WA0007-1024x449.jpg\" alt=\"\" class=\"wp-image-3172\" srcset=\"https:\/\/iam.gov.mz\/wp-content\/uploads\/2025\/05\/IMG-20250506-WA0007-1024x449.jpg 1024w, https:\/\/iam.gov.mz\/wp-content\/uploads\/2025\/05\/IMG-20250506-WA0007-300x132.jpg 300w, https:\/\/iam.gov.mz\/wp-content\/uploads\/2025\/05\/IMG-20250506-WA0007-768x337.jpg 768w, https:\/\/iam.gov.mz\/wp-content\/uploads\/2025\/05\/IMG-20250506-WA0007-1536x674.jpg 1536w, https:\/\/iam.gov.mz\/wp-content\/uploads\/2025\/05\/IMG-20250506-WA0007.jpg 1600w\" sizes=\"(max-width: 1024px) 100vw, 1024px\" \/><\/figure>\n<\/div>\n\n\n\n<div class=\"wp-block-column is-layout-flow wp-block-column-is-layout-flow\">\n<figure class=\"wp-block-image size-large\"><img decoding=\"async\" width=\"1024\" height=\"449\" src=\"https:\/\/iam.gov.mz\/wp-content\/uploads\/2025\/05\/IMG-20250506-WA0006-1024x449.jpg\" alt=\"\" class=\"wp-image-3173\" srcset=\"https:\/\/iam.gov.mz\/wp-content\/uploads\/2025\/05\/IMG-20250506-WA0006-1024x449.jpg 1024w, https:\/\/iam.gov.mz\/wp-content\/uploads\/2025\/05\/IMG-20250506-WA0006-300x132.jpg 300w, https:\/\/iam.gov.mz\/wp-content\/uploads\/2025\/05\/IMG-20250506-WA0006-768x337.jpg 768w, https:\/\/iam.gov.mz\/wp-content\/uploads\/2025\/05\/IMG-20250506-WA0006-1536x674.jpg 1536w, https:\/\/iam.gov.mz\/wp-content\/uploads\/2025\/05\/IMG-20250506-WA0006.jpg 1600w\" sizes=\"(max-width: 1024px) 100vw, 1024px\" \/><\/figure>\n<\/div>\n<\/div>\n\n\n\n<p><strong>O Instituto de Am\u00eandoas de Mo\u00e7ambique (IAM, IP), em coordena\u00e7\u00e3o com o Governo do Distrito de Limpopo, realizou esta segunda-feira, dia 05 de Maio de 2025 um dia de campo dedicado \u00e0 massifica\u00e7\u00e3o do plantio de cajueiros. A iniciativa, liderada pelo Administrador Distrital, Virg\u00edlio Mulhanga, teve lugar nos campos do Instituto M\u00e9dio Polit\u00e9cnico Santa Maria do Cen\u00e1culo (IMPOSMAC), na localidade de Novunguene, em Chicumbane.<\/strong><\/p>\n\n\n\n<p>Durante o evento, que contou com a presen\u00e7a de 142 participantes, foi oficialmente lan\u00e7ada a iniciativa <em>&#8220;Um L\u00edder, Um Pomar&#8221; e &#8220;Uma Escola, Um Pomar&#8221;<\/em>, que v\u00eam refor\u00e7ar o programa &#8220;<strong>Uma Fam\u00edlia, 100 Cajueiros&#8221;, <\/strong>actualmente em curso na prov\u00edncia.<\/p>\n\n\n\n<p>O dia foi marcado por diversas atividades, incluindo uma palestra sobre a import\u00e2ncia da cultura do caju, demonstra\u00e7\u00f5es pr\u00e1ticas de demarca\u00e7\u00e3o e plantio de 65 mudas, bem como t\u00e9cnicas de poda sanit\u00e1ria. O evento foi marcado pela entrega de mil mudas de cajueiros a dois produtores individuais, uma associa\u00e7\u00e3o, um l\u00edder comunit\u00e1rio e dois estudantes rec\u00e9m-graduados do IMPOSMAC, que j\u00e1 disp\u00f5em de \u00e1reas preparadas para o plantio nas suas zonas de origem.<\/p>\n\n\n\n<p>Entre os presentes encontravam-se membros do Governo Distrital, t\u00e9cnicos da Delega\u00e7\u00e3o do IAM, IP, extensionistas do Servi\u00e7o Distrital de Atividades Econ\u00f3micas (SDAE), produtores individuais e associados, l\u00edderes comunit\u00e1rios, bem como membros da direc\u00e7\u00e3o, funcion\u00e1rios e estudantes do IMPOSMAC.<\/p>\n\n\n\n<p>No seu discurso, o Administrador Distrital apelou ao comprometimento de todos os intervenientes e instou os presentes a participarem activamente na massifica\u00e7\u00e3o do plantio de cajueiros, contribuindo para a valoriza\u00e7\u00e3o do caju em toda a sua cadeia produtiva.<\/p>\n\n\n\n<p>Esta iniciativa insere-se nos esfor\u00e7os do governo mo\u00e7ambicano para revitalizar a cultura do caju, produto tradicional de elevada import\u00e2ncia econ\u00f3mica para as comunidades rurais da prov\u00edncia de Gaza.<\/p>\n","protected":false},"excerpt":{"rendered":"<p>O Instituto de Am\u00eandoas de Mo\u00e7ambique (IAM, IP), em coordena\u00e7\u00e3o com o Governo do Distrito de Limpopo, realizou esta segunda-feira, dia 05 de Maio de 2025 um dia de campo dedicado \u00e0 massifica\u00e7\u00e3o do plantio de cajueiros. A iniciativa, liderada pelo Administrador Distrital, Virg\u00edlio Mulhanga, teve lugar nos campos do Instituto M\u00e9dio Polit\u00e9cnico Santa Maria do Cen\u00e1culo (IMPOSMAC), na localidade de Novunguene, em Chicumbane. Durante o evento, que contou com a presen\u00e7a de 142 participantes, foi oficialmente lan\u00e7ada a iniciativa &#8220;Um L\u00edder, Um Pomar&#8221; e &#8220;Uma Escola, Um Pomar&#8221;, que v\u00eam refor\u00e7ar o programa &#8220;Uma Fam\u00edlia, 100 Cajueiros&#8221;, actualmente em [&hellip;]<\/p>\n","protected":false},"author":4,"featured_media":3171,"comment_status":"closed","ping_status":"closed","sticky":false,"template":"","format":"standard","meta":{"_price":"","_stock":"","_tribe_ticket_header":"","_tribe_default_ticket_provider":"","_tribe_ticket_capacity":"0","_ticket_start_date":"","_ticket_end_date":"","_tribe_ticket_show_description":"","_tribe_ticket_show_not_going":false,"_tribe_ticket_use_global_stock":"","_tribe_ticket_global_stock_level":"","_global_stock_mode":"","_global_stock_cap":"","_tribe_rsvp_for_event":"","_tribe_ticket_going_count":"","_tribe_ticket_not_going_count":"","_tribe_tickets_list":"[]","_tribe_ticket_has_attendee_info_fields":false,"footnotes":""},"categories":[1],"tags":[],"class_list":["post-3170","post","type-post","status-publish","format-standard","has-post-thumbnail","hentry","category-noticias"],"_links":{"self":[{"href":"https:\/\/iam.gov.mz\/index.php\/wp-json\/wp\/v2\/posts\/3170","targetHints":{"allow":["GET"]}}],"collection":[{"href":"https:\/\/iam.gov.mz\/index.php\/wp-json\/wp\/v2\/posts"}],"about":[{"href":"https:\/\/iam.gov.mz\/index.php\/wp-json\/wp\/v2\/types\/post"}],"author":[{"embeddable":true,"href":"https:\/\/iam.gov.mz\/index.php\/wp-json\/wp\/v2\/users\/4"}],"replies":[{"embeddable":true,"href":"https:\/\/iam.gov.mz\/index.php\/wp-json\/wp\/v2\/comments?post=3170"}],"version-history":[{"count":1,"href":"https:\/\/iam.gov.mz\/index.php\/wp-json\/wp\/v2\/posts\/3170\/revisions"}],"predecessor-version":[{"id":3174,"href":"https:\/\/iam.gov.mz\/index.php\/wp-json\/wp\/v2\/posts\/3170\/revisions\/3174"}],"wp:featuredmedia":[{"embeddable":true,"href":"https:\/\/iam.gov.mz\/index.php\/wp-json\/wp\/v2\/media\/3171"}],"wp:attachment":[{"href":"https:\/\/iam.gov.mz\/index.php\/wp-json\/wp\/v2\/media?parent=3170"}],"wp:term":[{"taxonomy":"category","embeddable":true,"href":"https:\/\/iam.gov.mz\/index.php\/wp-json\/wp\/v2\/categories?post=3170"},{"taxonomy":"post_tag","embeddable":true,"href":"https:\/\/iam.gov.mz\/index.php\/wp-json\/wp\/v2\/tags?post=3170"}],"curies":[{"name":"wp","href":"https:\/\/api.w.org\/{rel}","templated":true}]}}