{"id":3205,"date":"2025-06-12T09:00:12","date_gmt":"2025-06-12T09:00:12","guid":{"rendered":"https:\/\/iam.gov.mz\/?p=3205"},"modified":"2025-06-22T11:53:25","modified_gmt":"2025-06-22T11:53:25","slug":"iam-promove-palestra-sobre-amendoas-no-desenvolvimento-do-pais","status":"publish","type":"post","link":"https:\/\/iam.gov.mz\/index.php\/2025\/06\/12\/iam-promove-palestra-sobre-amendoas-no-desenvolvimento-do-pais\/","title":{"rendered":"IAM promove palestra sobre am\u00eandoas no desenvolvimento do pa\u00eds"},"content":{"rendered":"\n<p><strong>No \u00e2mbito das celebra\u00e7\u00f5es da independ\u00eancia nacional, o Instituto de Am\u00eandoas de Mo\u00e7ambique (IAM, IP) promoveu uma palestra sobre a import\u00e2ncia do subsector de am\u00eandoas no desenvolvimento do pa\u00eds na universidade Pedag\u00f3gica de Maputo no campus de Lhanguene. O evento teve lugar na passada quinta-feira, 12 de Junho, contou com a participa\u00e7\u00e3o de 82 estudantes dos cursos de Agronomia e outras \u00e1reas, al\u00e9m de 6 docentes da institui\u00e7\u00e3o<\/strong>.<\/p>\n\n\n\n<div class=\"wp-block-columns is-layout-flex wp-container-core-columns-is-layout-9d6595d7 wp-block-columns-is-layout-flex\">\n<div class=\"wp-block-column is-layout-flow wp-block-column-is-layout-flow\">\n<figure class=\"wp-block-image size-large\"><img fetchpriority=\"high\" decoding=\"async\" width=\"1024\" height=\"576\" src=\"https:\/\/iam.gov.mz\/wp-content\/uploads\/2025\/06\/IMG-20250613-WA0098-1024x576.jpg\" alt=\"\" class=\"wp-image-3209\" srcset=\"https:\/\/iam.gov.mz\/wp-content\/uploads\/2025\/06\/IMG-20250613-WA0098-1024x576.jpg 1024w, https:\/\/iam.gov.mz\/wp-content\/uploads\/2025\/06\/IMG-20250613-WA0098-300x169.jpg 300w, https:\/\/iam.gov.mz\/wp-content\/uploads\/2025\/06\/IMG-20250613-WA0098-768x432.jpg 768w, https:\/\/iam.gov.mz\/wp-content\/uploads\/2025\/06\/IMG-20250613-WA0098-1536x864.jpg 1536w, https:\/\/iam.gov.mz\/wp-content\/uploads\/2025\/06\/IMG-20250613-WA0098.jpg 1600w\" sizes=\"(max-width: 1024px) 100vw, 1024px\" \/><\/figure>\n<\/div>\n\n\n\n<div class=\"wp-block-column is-layout-flow wp-block-column-is-layout-flow\">\n<figure class=\"wp-block-image size-large\"><img decoding=\"async\" width=\"1024\" height=\"576\" src=\"https:\/\/iam.gov.mz\/wp-content\/uploads\/2025\/06\/IMG-20250613-WA0101-1024x576.jpg\" alt=\"\" class=\"wp-image-3213\" srcset=\"https:\/\/iam.gov.mz\/wp-content\/uploads\/2025\/06\/IMG-20250613-WA0101-1024x576.jpg 1024w, https:\/\/iam.gov.mz\/wp-content\/uploads\/2025\/06\/IMG-20250613-WA0101-300x169.jpg 300w, https:\/\/iam.gov.mz\/wp-content\/uploads\/2025\/06\/IMG-20250613-WA0101-768x432.jpg 768w, https:\/\/iam.gov.mz\/wp-content\/uploads\/2025\/06\/IMG-20250613-WA0101-1536x864.jpg 1536w, https:\/\/iam.gov.mz\/wp-content\/uploads\/2025\/06\/IMG-20250613-WA0101.jpg 1600w\" sizes=\"(max-width: 1024px) 100vw, 1024px\" \/><\/figure>\n<\/div>\n\n\n\n<div class=\"wp-block-column is-layout-flow wp-block-column-is-layout-flow\">\n<figure class=\"wp-block-image size-large\"><img decoding=\"async\" width=\"1024\" height=\"576\" src=\"https:\/\/iam.gov.mz\/wp-content\/uploads\/2025\/06\/IMG-20250613-WA0100-1024x576.jpg\" alt=\"\" class=\"wp-image-3211\" srcset=\"https:\/\/iam.gov.mz\/wp-content\/uploads\/2025\/06\/IMG-20250613-WA0100-1024x576.jpg 1024w, https:\/\/iam.gov.mz\/wp-content\/uploads\/2025\/06\/IMG-20250613-WA0100-300x169.jpg 300w, https:\/\/iam.gov.mz\/wp-content\/uploads\/2025\/06\/IMG-20250613-WA0100-768x432.jpg 768w, https:\/\/iam.gov.mz\/wp-content\/uploads\/2025\/06\/IMG-20250613-WA0100-1536x864.jpg 1536w, https:\/\/iam.gov.mz\/wp-content\/uploads\/2025\/06\/IMG-20250613-WA0100.jpg 1600w\" sizes=\"(max-width: 1024px) 100vw, 1024px\" \/><\/figure>\n<\/div>\n<\/div>\n\n\n\n<p>A iniciativa, realizada no contexto das celebra\u00e7\u00f5es da independ\u00eancia nacional, demonstra o compromisso do IAM, IP em promover a aproxima\u00e7\u00e3o entre o meio acad\u00e9mico e o sector produtivo, proporcionando aos estudantes uma vis\u00e3o pr\u00e1tica das oportunidades profissionais dispon\u00edveis e do papel estrat\u00e9gico das am\u00eandoas no desenvolvimento econ\u00f3mico nacional.<\/p>\n\n\n\n<p>A palestra foi iniciada com uma breve apresenta\u00e7\u00e3o conduzida pelo Eng. Chadreque, seguida por um momento de partilha de experi\u00eancias profissionais pela Eng. Clementina Machungo, que partilhou as suas viv\u00eancias no subsector de am\u00eandoas. Posteriormente, foi aberto um debate com ampla participa\u00e7\u00e3o dos presentes.<\/p>\n\n\n\n<p>Durante o debate, os participantes demonstraram grande interesse pelo tema, solicitando mais programas de palestras sobre o subsector de am\u00eandoas. A discuss\u00e3o evidenciou as numerosas oportunidades que o sector oferece para o desenvolvimento nacional e a necessidade de explorar mais conhecimento para o desenvolvimento acad\u00e9mico e profissional dos estudantes, contribuindo assim para o crescimento econ\u00f3mico do pa\u00eds.<\/p>\n\n\n\n<p>O corpo docente presente na sess\u00e3o, sugeriu a assinatura de um memorando formal para trabalhos que respondam aos desafios do sector das am\u00eandoas. A proposta foi apoiada pelo Director da Faculdade para permitir o desenvolvimento de programas de pesquisas conjuntas.<\/p>\n\n\n\n<p>O evento foi encerrado com a entrega de certificados aos palestrantes como reconhecimento pelo trabalho desenvolvido e pela contribui\u00e7\u00e3o para o enriquecimento acad\u00eamico dos participantes.<\/p>\n\n\n\n<p>Participaram desta palestra importantes figuras acad\u00eamicas: Dr. Manuel de Oliveira, Director universidade Pedag\u00f3gica de Maputo,&nbsp;&nbsp;&nbsp;&nbsp;&nbsp;&nbsp;&nbsp;&nbsp;&nbsp;&nbsp;&nbsp; Dr. Dion\u00edsio Roque, Chefe do Departamento de Agricultura, Eng. Rodrigues Cumbe, Director do Curso, e o Eng. Clementina Machungo, palestrante convidada do subsector de am\u00eandoas.<\/p>\n","protected":false},"excerpt":{"rendered":"<p>No \u00e2mbito das celebra\u00e7\u00f5es da independ\u00eancia nacional, o Instituto de Am\u00eandoas de Mo\u00e7ambique (IAM, IP) promoveu uma palestra sobre a import\u00e2ncia do subsector de am\u00eandoas no desenvolvimento do pa\u00eds na universidade Pedag\u00f3gica de Maputo no campus de Lhanguene. O evento teve lugar na passada quinta-feira, 12 de Junho, contou com a participa\u00e7\u00e3o de 82 estudantes dos cursos de Agronomia e outras \u00e1reas, al\u00e9m de 6 docentes da institui\u00e7\u00e3o. A iniciativa, realizada no contexto das celebra\u00e7\u00f5es da independ\u00eancia nacional, demonstra o compromisso do IAM, IP em promover a aproxima\u00e7\u00e3o entre o meio acad\u00e9mico e o sector produtivo, proporcionando aos estudantes uma [&hellip;]<\/p>\n","protected":false},"author":4,"featured_media":3209,"comment_status":"closed","ping_status":"closed","sticky":false,"template":"","format":"standard","meta":{"_price":"","_stock":"","_tribe_ticket_header":"","_tribe_default_ticket_provider":"","_tribe_ticket_capacity":"0","_ticket_start_date":"","_ticket_end_date":"","_tribe_ticket_show_description":"","_tribe_ticket_show_not_going":false,"_tribe_ticket_use_global_stock":"","_tribe_ticket_global_stock_level":"","_global_stock_mode":"","_global_stock_cap":"","_tribe_rsvp_for_event":"","_tribe_ticket_going_count":"","_tribe_ticket_not_going_count":"","_tribe_tickets_list":"[]","_tribe_ticket_has_attendee_info_fields":false,"footnotes":""},"categories":[1],"tags":[],"class_list":["post-3205","post","type-post","status-publish","format-standard","has-post-thumbnail","hentry","category-noticias"],"_links":{"self":[{"href":"https:\/\/iam.gov.mz\/index.php\/wp-json\/wp\/v2\/posts\/3205","targetHints":{"allow":["GET"]}}],"collection":[{"href":"https:\/\/iam.gov.mz\/index.php\/wp-json\/wp\/v2\/posts"}],"about":[{"href":"https:\/\/iam.gov.mz\/index.php\/wp-json\/wp\/v2\/types\/post"}],"author":[{"embeddable":true,"href":"https:\/\/iam.gov.mz\/index.php\/wp-json\/wp\/v2\/users\/4"}],"replies":[{"embeddable":true,"href":"https:\/\/iam.gov.mz\/index.php\/wp-json\/wp\/v2\/comments?post=3205"}],"version-history":[{"count":1,"href":"https:\/\/iam.gov.mz\/index.php\/wp-json\/wp\/v2\/posts\/3205\/revisions"}],"predecessor-version":[{"id":3214,"href":"https:\/\/iam.gov.mz\/index.php\/wp-json\/wp\/v2\/posts\/3205\/revisions\/3214"}],"wp:featuredmedia":[{"embeddable":true,"href":"https:\/\/iam.gov.mz\/index.php\/wp-json\/wp\/v2\/media\/3209"}],"wp:attachment":[{"href":"https:\/\/iam.gov.mz\/index.php\/wp-json\/wp\/v2\/media?parent=3205"}],"wp:term":[{"taxonomy":"category","embeddable":true,"href":"https:\/\/iam.gov.mz\/index.php\/wp-json\/wp\/v2\/categories?post=3205"},{"taxonomy":"post_tag","embeddable":true,"href":"https:\/\/iam.gov.mz\/index.php\/wp-json\/wp\/v2\/tags?post=3205"}],"curies":[{"name":"wp","href":"https:\/\/api.w.org\/{rel}","templated":true}]}}