{"id":3248,"date":"2025-06-13T09:00:54","date_gmt":"2025-06-13T09:00:54","guid":{"rendered":"https:\/\/iam.gov.mz\/?p=3248"},"modified":"2025-06-22T11:53:01","modified_gmt":"2025-06-22T11:53:01","slug":"iam-ip-em-manica-promove-palestra-sobre-desafios-e-oportunidades-do-subsector","status":"publish","type":"post","link":"https:\/\/iam.gov.mz\/index.php\/2025\/06\/13\/iam-ip-em-manica-promove-palestra-sobre-desafios-e-oportunidades-do-subsector\/","title":{"rendered":"IAM.IP em Manica promove palestra sobre desafios e oportunidades do subsector"},"content":{"rendered":"\n<div class=\"wp-block-columns is-layout-flex wp-container-core-columns-is-layout-9d6595d7 wp-block-columns-is-layout-flex\">\n<div class=\"wp-block-column is-layout-flow wp-block-column-is-layout-flow\">\n<figure class=\"wp-block-image size-large\"><img fetchpriority=\"high\" decoding=\"async\" width=\"1024\" height=\"461\" src=\"https:\/\/iam.gov.mz\/wp-content\/uploads\/2025\/06\/IMG-20250619-WA0041-1024x461.jpg\" alt=\"\" class=\"wp-image-3249\" srcset=\"https:\/\/iam.gov.mz\/wp-content\/uploads\/2025\/06\/IMG-20250619-WA0041-1024x461.jpg 1024w, https:\/\/iam.gov.mz\/wp-content\/uploads\/2025\/06\/IMG-20250619-WA0041-300x135.jpg 300w, https:\/\/iam.gov.mz\/wp-content\/uploads\/2025\/06\/IMG-20250619-WA0041-768x346.jpg 768w, https:\/\/iam.gov.mz\/wp-content\/uploads\/2025\/06\/IMG-20250619-WA0041-1536x691.jpg 1536w, https:\/\/iam.gov.mz\/wp-content\/uploads\/2025\/06\/IMG-20250619-WA0041-2048x922.jpg 2048w\" sizes=\"(max-width: 1024px) 100vw, 1024px\" \/><\/figure>\n<\/div>\n\n\n\n<div class=\"wp-block-column is-layout-flow wp-block-column-is-layout-flow\">\n<figure class=\"wp-block-image size-large\"><img decoding=\"async\" width=\"1024\" height=\"461\" src=\"https:\/\/iam.gov.mz\/wp-content\/uploads\/2025\/06\/IMG-20250619-WA0042-1024x461.jpg\" alt=\"\" class=\"wp-image-3250\" srcset=\"https:\/\/iam.gov.mz\/wp-content\/uploads\/2025\/06\/IMG-20250619-WA0042-1024x461.jpg 1024w, https:\/\/iam.gov.mz\/wp-content\/uploads\/2025\/06\/IMG-20250619-WA0042-300x135.jpg 300w, https:\/\/iam.gov.mz\/wp-content\/uploads\/2025\/06\/IMG-20250619-WA0042-768x346.jpg 768w, https:\/\/iam.gov.mz\/wp-content\/uploads\/2025\/06\/IMG-20250619-WA0042.jpg 1280w\" sizes=\"(max-width: 1024px) 100vw, 1024px\" \/><\/figure>\n<\/div>\n\n\n\n<div class=\"wp-block-column is-layout-flow wp-block-column-is-layout-flow\">\n<figure class=\"wp-block-image size-large\"><img decoding=\"async\" width=\"1024\" height=\"461\" src=\"https:\/\/iam.gov.mz\/wp-content\/uploads\/2025\/06\/IMG-20250619-WA0044-1024x461.jpg\" alt=\"\" class=\"wp-image-3251\" srcset=\"https:\/\/iam.gov.mz\/wp-content\/uploads\/2025\/06\/IMG-20250619-WA0044-1024x461.jpg 1024w, https:\/\/iam.gov.mz\/wp-content\/uploads\/2025\/06\/IMG-20250619-WA0044-300x135.jpg 300w, https:\/\/iam.gov.mz\/wp-content\/uploads\/2025\/06\/IMG-20250619-WA0044-768x346.jpg 768w, https:\/\/iam.gov.mz\/wp-content\/uploads\/2025\/06\/IMG-20250619-WA0044-1536x691.jpg 1536w, https:\/\/iam.gov.mz\/wp-content\/uploads\/2025\/06\/IMG-20250619-WA0044-2048x922.jpg 2048w\" sizes=\"(max-width: 1024px) 100vw, 1024px\" \/><\/figure>\n<\/div>\n<\/div>\n\n\n\n<p><strong>A Delega\u00e7\u00e3o Provincial do Instituto de Am\u00eandoas de Mo\u00e7ambique-IP de Manica realizou, na passada quinta-feira, 13 de junho, uma palestra no Instituto Superior Polit\u00e9cnico de Manica (ISPM), subordinada ao tema <em>&#8220;Import\u00e2ncia do Subsector de Am\u00eandoas de Mo\u00e7ambique: Desafios e Oportunidades&#8221;.<\/em><\/strong><\/p>\n\n\n\n<p>A iniciativa enquadra-se no \u00e2mbito das celebra\u00e7\u00f5es dos 50 anos da Independ\u00eancia Nacional e teve como principal orador o Engenheiro Osvaldo Jos\u00e9 Joaquim de Castro, que apresentou a palestra. O evento contou ainda com a partilha de testemunho do Engenheiro Alberto Penicela, produtor de destaque no sector.<\/p>\n\n\n\n<p>A cerim\u00f3nia decorreu nas instala\u00e7\u00f5es do ISPM, com a presen\u00e7a da Professora Doutora Elisa Miguel Nhamuave Matola, Directora-Geral do Instituto Polit\u00e9cnico de Manica, bem como do corpo docente dos cursos de Engenharia Agr\u00edcola, Florestal, Tecnologia Alimentar e Engenharia Zoot\u00e9cnica. Estiveram tamb\u00e9m presentes estudantes e t\u00e9cnicos do Instituto de Am\u00eandoas de Mo\u00e7ambique.<\/p>\n\n\n\n<p>Durante o evento, foram abordados os principais desafios que o subsector enfrenta, assim como as oportunidades de desenvolvimento e crescimento que se apresentam para o futuro da produ\u00e7\u00e3o de am\u00eandoas em Mo\u00e7ambique.<\/p>\n\n\n\n<p>Esta iniciativa refor\u00e7a a import\u00e2ncia da colabora\u00e7\u00e3o entre institui\u00e7\u00f5es de ensino superior e sectores produtivos, contribuindo para a forma\u00e7\u00e3o acad\u00e9mica e profissional dos estudantes nas \u00e1reas relacionadas com a agricultura e produ\u00e7\u00e3o alimentar.<\/p>\n","protected":false},"excerpt":{"rendered":"<p>A Delega\u00e7\u00e3o Provincial do Instituto de Am\u00eandoas de Mo\u00e7ambique-IP de Manica realizou, na passada quinta-feira, 13 de junho, uma palestra no Instituto Superior Polit\u00e9cnico de Manica (ISPM), subordinada ao tema &#8220;Import\u00e2ncia do Subsector de Am\u00eandoas de Mo\u00e7ambique: Desafios e Oportunidades&#8221;. A iniciativa enquadra-se no \u00e2mbito das celebra\u00e7\u00f5es dos 50 anos da Independ\u00eancia Nacional e teve como principal orador o Engenheiro Osvaldo Jos\u00e9 Joaquim de Castro, que apresentou a palestra. O evento contou ainda com a partilha de testemunho do Engenheiro Alberto Penicela, produtor de destaque no sector. A cerim\u00f3nia decorreu nas instala\u00e7\u00f5es do ISPM, com a presen\u00e7a da Professora Doutora [&hellip;]<\/p>\n","protected":false},"author":4,"featured_media":3251,"comment_status":"closed","ping_status":"closed","sticky":false,"template":"","format":"standard","meta":{"_price":"","_stock":"","_tribe_ticket_header":"","_tribe_default_ticket_provider":"","_tribe_ticket_capacity":"0","_ticket_start_date":"","_ticket_end_date":"","_tribe_ticket_show_description":"","_tribe_ticket_show_not_going":false,"_tribe_ticket_use_global_stock":"","_tribe_ticket_global_stock_level":"","_global_stock_mode":"","_global_stock_cap":"","_tribe_rsvp_for_event":"","_tribe_ticket_going_count":"","_tribe_ticket_not_going_count":"","_tribe_tickets_list":"[]","_tribe_ticket_has_attendee_info_fields":false,"footnotes":""},"categories":[1],"tags":[],"class_list":["post-3248","post","type-post","status-publish","format-standard","has-post-thumbnail","hentry","category-noticias"],"_links":{"self":[{"href":"https:\/\/iam.gov.mz\/index.php\/wp-json\/wp\/v2\/posts\/3248","targetHints":{"allow":["GET"]}}],"collection":[{"href":"https:\/\/iam.gov.mz\/index.php\/wp-json\/wp\/v2\/posts"}],"about":[{"href":"https:\/\/iam.gov.mz\/index.php\/wp-json\/wp\/v2\/types\/post"}],"author":[{"embeddable":true,"href":"https:\/\/iam.gov.mz\/index.php\/wp-json\/wp\/v2\/users\/4"}],"replies":[{"embeddable":true,"href":"https:\/\/iam.gov.mz\/index.php\/wp-json\/wp\/v2\/comments?post=3248"}],"version-history":[{"count":1,"href":"https:\/\/iam.gov.mz\/index.php\/wp-json\/wp\/v2\/posts\/3248\/revisions"}],"predecessor-version":[{"id":3252,"href":"https:\/\/iam.gov.mz\/index.php\/wp-json\/wp\/v2\/posts\/3248\/revisions\/3252"}],"wp:featuredmedia":[{"embeddable":true,"href":"https:\/\/iam.gov.mz\/index.php\/wp-json\/wp\/v2\/media\/3251"}],"wp:attachment":[{"href":"https:\/\/iam.gov.mz\/index.php\/wp-json\/wp\/v2\/media?parent=3248"}],"wp:term":[{"taxonomy":"category","embeddable":true,"href":"https:\/\/iam.gov.mz\/index.php\/wp-json\/wp\/v2\/categories?post=3248"},{"taxonomy":"post_tag","embeddable":true,"href":"https:\/\/iam.gov.mz\/index.php\/wp-json\/wp\/v2\/tags?post=3248"}],"curies":[{"name":"wp","href":"https:\/\/api.w.org\/{rel}","templated":true}]}}