{"id":3277,"date":"2025-06-17T09:00:55","date_gmt":"2025-06-17T09:00:55","guid":{"rendered":"https:\/\/iam.gov.mz\/?p=3277"},"modified":"2025-07-03T19:38:40","modified_gmt":"2025-07-03T19:38:40","slug":"delegacao-do-iam-de-cabo-delgado-realiza-palestra-na-universidade-alberto-chipande","status":"publish","type":"post","link":"https:\/\/iam.gov.mz\/index.php\/2025\/06\/17\/delegacao-do-iam-de-cabo-delgado-realiza-palestra-na-universidade-alberto-chipande\/","title":{"rendered":"Delega\u00e7\u00e3o do IAM de Cabo Delgado realiza palestra na Universidade Alberto Chipande"},"content":{"rendered":"\n<div class=\"wp-block-columns is-layout-flex wp-container-core-columns-is-layout-9d6595d7 wp-block-columns-is-layout-flex\">\n<div class=\"wp-block-column is-layout-flow wp-block-column-is-layout-flow\">\n<figure class=\"wp-block-image size-large\"><img fetchpriority=\"high\" decoding=\"async\" width=\"1024\" height=\"768\" src=\"https:\/\/iam.gov.mz\/wp-content\/uploads\/2025\/07\/IMG-20250618-WA0052-1024x768.jpg\" alt=\"\" class=\"wp-image-3278\" srcset=\"https:\/\/iam.gov.mz\/wp-content\/uploads\/2025\/07\/IMG-20250618-WA0052-1024x768.jpg 1024w, https:\/\/iam.gov.mz\/wp-content\/uploads\/2025\/07\/IMG-20250618-WA0052-300x225.jpg 300w, https:\/\/iam.gov.mz\/wp-content\/uploads\/2025\/07\/IMG-20250618-WA0052-768x576.jpg 768w, https:\/\/iam.gov.mz\/wp-content\/uploads\/2025\/07\/IMG-20250618-WA0052.jpg 1280w\" sizes=\"(max-width: 1024px) 100vw, 1024px\" \/><\/figure>\n<\/div>\n\n\n\n<div class=\"wp-block-column is-layout-flow wp-block-column-is-layout-flow\">\n<figure class=\"wp-block-image size-large\"><img decoding=\"async\" width=\"1024\" height=\"768\" src=\"https:\/\/iam.gov.mz\/wp-content\/uploads\/2025\/07\/IMG-20250618-WA0049-1024x768.jpg\" alt=\"\" class=\"wp-image-3279\" srcset=\"https:\/\/iam.gov.mz\/wp-content\/uploads\/2025\/07\/IMG-20250618-WA0049-1024x768.jpg 1024w, https:\/\/iam.gov.mz\/wp-content\/uploads\/2025\/07\/IMG-20250618-WA0049-300x225.jpg 300w, https:\/\/iam.gov.mz\/wp-content\/uploads\/2025\/07\/IMG-20250618-WA0049-768x576.jpg 768w, https:\/\/iam.gov.mz\/wp-content\/uploads\/2025\/07\/IMG-20250618-WA0049.jpg 1280w\" sizes=\"(max-width: 1024px) 100vw, 1024px\" \/><\/figure>\n<\/div>\n\n\n\n<div class=\"wp-block-column is-layout-flow wp-block-column-is-layout-flow\">\n<figure class=\"wp-block-image size-large\"><img decoding=\"async\" width=\"1024\" height=\"768\" src=\"https:\/\/iam.gov.mz\/wp-content\/uploads\/2025\/07\/WhatsApp-Image-2025-06-17-at-22.35.17_3c147621-1024x768.jpg\" alt=\"\" class=\"wp-image-3280\" srcset=\"https:\/\/iam.gov.mz\/wp-content\/uploads\/2025\/07\/WhatsApp-Image-2025-06-17-at-22.35.17_3c147621-1024x768.jpg 1024w, https:\/\/iam.gov.mz\/wp-content\/uploads\/2025\/07\/WhatsApp-Image-2025-06-17-at-22.35.17_3c147621-300x225.jpg 300w, https:\/\/iam.gov.mz\/wp-content\/uploads\/2025\/07\/WhatsApp-Image-2025-06-17-at-22.35.17_3c147621-768x576.jpg 768w, https:\/\/iam.gov.mz\/wp-content\/uploads\/2025\/07\/WhatsApp-Image-2025-06-17-at-22.35.17_3c147621.jpg 1280w\" sizes=\"(max-width: 1024px) 100vw, 1024px\" \/><\/figure>\n<\/div>\n<\/div>\n\n\n\n<p><strong>No dia 17 de junho do corrente ano, a Delega\u00e7\u00e3o do Instituto de Am\u00eandoas de Mo\u00e7ambique (IAM, IP) de Cabo Delgado realizou a segunda palestra na Universidade Alberto Chipande (UniAc), no \u00e2mbito das comemora\u00e7\u00f5es dos 50 anos da Independ\u00eancia de Mo\u00e7ambique<\/strong>.<\/p>\n\n\n\n<p>A sess\u00e3o contou com a participa\u00e7\u00e3o de estudantes dos cursos de Agropecu\u00e1ria, Psicologia e Sa\u00fade P\u00fablica, bem como do corpo docente da universidade e funcion\u00e1rios da Delega\u00e7\u00e3o do IAM, IP.<\/p>\n\n\n\n<p>Durante a palestra, foi destacada a import\u00e2ncia das am\u00eandoas, apresentando os principais desafios e oportunidades do sector que se traduzem em potenciais oportunidades de neg\u00f3cio para todos os intervenientes.<\/p>\n\n\n\n<p>A sess\u00e3o contou com o testemunho especial do Engenheiro Paulo Sim\u00e3o Saria, extensionista, produtor comercial e provedor, que \u00e9 antigo estudante da universidade. O especialista partilhou o seu percurso como actor na cadeia de valor das am\u00eandoas, oferecendo uma perspectiva pr\u00e1tica e inspiradora aos presentes.<\/p>\n\n\n\n<p>O p\u00fablico estudantil, manifestou o interesse pela cultura da macad\u00e2mia, desafiando a Delega\u00e7\u00e3o do IAM a desenvolver investiga\u00e7\u00e3o focada na montagem de Campos de Demonstra\u00e7\u00e3o nos distritos que apresentem condi\u00e7\u00f5es agroclim\u00e1ticas adequadas para esta cultura.<\/p>\n\n\n\n<p>Os participantes solicitaram ainda experi\u00eancias de produ\u00e7\u00e3o ao n\u00edvel do sector familiar, demonstrando o potencial de expans\u00e3o desta cultura entre os pequenos produtores da regi\u00e3o.<\/p>\n\n\n\n<p><\/p>\n","protected":false},"excerpt":{"rendered":"<p>No dia 17 de junho do corrente ano, a Delega\u00e7\u00e3o do Instituto de Am\u00eandoas de Mo\u00e7ambique (IAM, IP) de Cabo Delgado realizou a segunda palestra na Universidade Alberto Chipande (UniAc), no \u00e2mbito das comemora\u00e7\u00f5es dos 50 anos da Independ\u00eancia de Mo\u00e7ambique. A sess\u00e3o contou com a participa\u00e7\u00e3o de estudantes dos cursos de Agropecu\u00e1ria, Psicologia e Sa\u00fade P\u00fablica, bem como do corpo docente da universidade e funcion\u00e1rios da Delega\u00e7\u00e3o do IAM, IP. Durante a palestra, foi destacada a import\u00e2ncia das am\u00eandoas, apresentando os principais desafios e oportunidades do sector que se traduzem em potenciais oportunidades de neg\u00f3cio para todos os intervenientes. [&hellip;]<\/p>\n","protected":false},"author":4,"featured_media":3280,"comment_status":"closed","ping_status":"closed","sticky":false,"template":"","format":"standard","meta":{"_price":"","_stock":"","_tribe_ticket_header":"","_tribe_default_ticket_provider":"","_tribe_ticket_capacity":"0","_ticket_start_date":"","_ticket_end_date":"","_tribe_ticket_show_description":"","_tribe_ticket_show_not_going":false,"_tribe_ticket_use_global_stock":"","_tribe_ticket_global_stock_level":"","_global_stock_mode":"","_global_stock_cap":"","_tribe_rsvp_for_event":"","_tribe_ticket_going_count":"","_tribe_ticket_not_going_count":"","_tribe_tickets_list":"[]","_tribe_ticket_has_attendee_info_fields":false,"footnotes":""},"categories":[1],"tags":[],"class_list":["post-3277","post","type-post","status-publish","format-standard","has-post-thumbnail","hentry","category-noticias"],"_links":{"self":[{"href":"https:\/\/iam.gov.mz\/index.php\/wp-json\/wp\/v2\/posts\/3277","targetHints":{"allow":["GET"]}}],"collection":[{"href":"https:\/\/iam.gov.mz\/index.php\/wp-json\/wp\/v2\/posts"}],"about":[{"href":"https:\/\/iam.gov.mz\/index.php\/wp-json\/wp\/v2\/types\/post"}],"author":[{"embeddable":true,"href":"https:\/\/iam.gov.mz\/index.php\/wp-json\/wp\/v2\/users\/4"}],"replies":[{"embeddable":true,"href":"https:\/\/iam.gov.mz\/index.php\/wp-json\/wp\/v2\/comments?post=3277"}],"version-history":[{"count":1,"href":"https:\/\/iam.gov.mz\/index.php\/wp-json\/wp\/v2\/posts\/3277\/revisions"}],"predecessor-version":[{"id":3281,"href":"https:\/\/iam.gov.mz\/index.php\/wp-json\/wp\/v2\/posts\/3277\/revisions\/3281"}],"wp:featuredmedia":[{"embeddable":true,"href":"https:\/\/iam.gov.mz\/index.php\/wp-json\/wp\/v2\/media\/3280"}],"wp:attachment":[{"href":"https:\/\/iam.gov.mz\/index.php\/wp-json\/wp\/v2\/media?parent=3277"}],"wp:term":[{"taxonomy":"category","embeddable":true,"href":"https:\/\/iam.gov.mz\/index.php\/wp-json\/wp\/v2\/categories?post=3277"},{"taxonomy":"post_tag","embeddable":true,"href":"https:\/\/iam.gov.mz\/index.php\/wp-json\/wp\/v2\/tags?post=3277"}],"curies":[{"name":"wp","href":"https:\/\/api.w.org\/{rel}","templated":true}]}}