{"id":3509,"date":"2025-06-09T09:00:00","date_gmt":"2025-06-09T09:00:00","guid":{"rendered":"https:\/\/iam.gov.mz\/?p=3509"},"modified":"2025-07-16T11:48:16","modified_gmt":"2025-07-16T11:48:16","slug":"iamip-zambezia-realiza-palestras-sobre-desafio-e-oportunidades-de-amendoas","status":"publish","type":"post","link":"https:\/\/iam.gov.mz\/index.php\/2025\/06\/09\/iamip-zambezia-realiza-palestras-sobre-desafio-e-oportunidades-de-amendoas\/","title":{"rendered":"IAM,IP- Zamb\u00e9zia realiza palestras sobre desafio e oportunidades de am\u00eandoas"},"content":{"rendered":"\n<div class=\"wp-block-columns is-layout-flex wp-container-core-columns-is-layout-9d6595d7 wp-block-columns-is-layout-flex\">\n<div class=\"wp-block-column is-layout-flow wp-block-column-is-layout-flow\">\n<figure class=\"wp-block-image size-large\"><img fetchpriority=\"high\" decoding=\"async\" width=\"1024\" height=\"682\" src=\"https:\/\/iam.gov.mz\/wp-content\/uploads\/2025\/07\/IMG-20250712-WA0078-1-1024x682.jpg\" alt=\"\" class=\"wp-image-3510\" srcset=\"https:\/\/iam.gov.mz\/wp-content\/uploads\/2025\/07\/IMG-20250712-WA0078-1-1024x682.jpg 1024w, https:\/\/iam.gov.mz\/wp-content\/uploads\/2025\/07\/IMG-20250712-WA0078-1-300x200.jpg 300w, https:\/\/iam.gov.mz\/wp-content\/uploads\/2025\/07\/IMG-20250712-WA0078-1-768x512.jpg 768w, https:\/\/iam.gov.mz\/wp-content\/uploads\/2025\/07\/IMG-20250712-WA0078-1.jpg 1280w\" sizes=\"(max-width: 1024px) 100vw, 1024px\" \/><\/figure>\n<\/div>\n\n\n\n<div class=\"wp-block-column is-layout-flow wp-block-column-is-layout-flow\">\n<figure class=\"wp-block-image size-large\"><img decoding=\"async\" width=\"1024\" height=\"682\" src=\"https:\/\/iam.gov.mz\/wp-content\/uploads\/2025\/07\/IMG-20250712-WA0089-1-1024x682.jpg\" alt=\"\" class=\"wp-image-3511\" srcset=\"https:\/\/iam.gov.mz\/wp-content\/uploads\/2025\/07\/IMG-20250712-WA0089-1-1024x682.jpg 1024w, https:\/\/iam.gov.mz\/wp-content\/uploads\/2025\/07\/IMG-20250712-WA0089-1-300x200.jpg 300w, https:\/\/iam.gov.mz\/wp-content\/uploads\/2025\/07\/IMG-20250712-WA0089-1-768x512.jpg 768w, https:\/\/iam.gov.mz\/wp-content\/uploads\/2025\/07\/IMG-20250712-WA0089-1.jpg 1280w\" sizes=\"(max-width: 1024px) 100vw, 1024px\" \/><\/figure>\n<\/div>\n\n\n\n<div class=\"wp-block-column is-layout-flow wp-block-column-is-layout-flow\">\n<figure class=\"wp-block-image size-large\"><img decoding=\"async\" width=\"1024\" height=\"683\" src=\"https:\/\/iam.gov.mz\/wp-content\/uploads\/2025\/07\/IMG-20250712-WA0079-1-1024x683.jpg\" alt=\"\" class=\"wp-image-3512\" srcset=\"https:\/\/iam.gov.mz\/wp-content\/uploads\/2025\/07\/IMG-20250712-WA0079-1-1024x683.jpg 1024w, https:\/\/iam.gov.mz\/wp-content\/uploads\/2025\/07\/IMG-20250712-WA0079-1-300x200.jpg 300w, https:\/\/iam.gov.mz\/wp-content\/uploads\/2025\/07\/IMG-20250712-WA0079-1-768x512.jpg 768w, https:\/\/iam.gov.mz\/wp-content\/uploads\/2025\/07\/IMG-20250712-WA0079-1.jpg 1500w\" sizes=\"(max-width: 1024px) 100vw, 1024px\" \/><\/figure>\n<\/div>\n<\/div>\n\n\n\n<p><strong>Arrancaram na segunda-feira, dia 9 de junho, na prov\u00edncia da Zamb\u00e9zia, uma s\u00e9rie de tr\u00eas palestras organizadas pelo Instituto de Am\u00eandoas de Mo\u00e7ambique (IAM, IP). Essas sess\u00f5es fazem parte de uma iniciativa para divulgar as actividades do subsector de am\u00eandoas, destacando sua import\u00e2ncia em Mo\u00e7ambique ao longo dos \u00faltimos 50 anos, em comemora\u00e7\u00e3o da independ\u00eancia nacional.<\/strong><\/p>\n\n\n\n<p>Na cidade de Mocuba, sob a lideran\u00e7a do Delegado Provincial do IAM na Zamb\u00e9zia, Sifa B. Ant\u00f3nio, em colabora\u00e7\u00e3o de outros profissionais como Joj\u00f3 A. La\u00edna, Nilton M. de Almeida e Samuel da Silva, foram realizadas duas palestras. Uma na Universidade Zamb\u00e9zia e outra no Instituto Agr\u00e1rio de Mocuba. Al\u00e9m disso, o Sr. Sin\u00e9sio David, produtor e propriet\u00e1rio da Quinta Cajual, tamb\u00e9m participou, compartilhando seu testemunho sobre a produ\u00e7\u00e3o de castanha de caju.<\/p>\n\n\n\n<p>A primeira sess\u00e3o teve lugar na UniZambeze, no anfiteatro da Faculdade de Engenharia Agron\u00f3mica e Florestal (FEAF), com a presen\u00e7a do Sr. Rafael Muchanga, Director da faculdade, sua equipe, docentes e estudantes.<\/p>\n\n\n\n<p>A segunda sess\u00e3o foi no Anfiteatro do Instituto Agr\u00e1rio de Mocuba, com a participa\u00e7\u00e3o do Sr. Eug\u00e9nio J\u00falio Paulino, Director de Produ\u00e7\u00e3o, da Sra. Gracinda Gaspar, formadora, al\u00e9m de estudantes do curso agr\u00edcola.<\/p>\n\n\n\n<p>Durante as palestras, foi destacada a import\u00e2ncia do caju e sua cultura ao longo dos 50 anos de independ\u00eancia de Mo\u00e7ambique, al\u00e9m da hist\u00f3ria da produ\u00e7\u00e3o de am\u00eandoas, as actividades do IAM, os desafios enfrentados pelo sector e as oportunidades de crescimento. O produtor convidado tamb\u00e9m compartilhou sua experi\u00eancia de sucesso na produ\u00e7\u00e3o de castanha de caju, incentivando a comunidade acad\u00eamica a abra\u00e7ar essa cultura.<\/p>\n\n\n\n<p>Os participantes demonstraram grande interesse pelos temas abordados e apresentaram v\u00e1rias propostas para melhorar o setor, como a terceiriza\u00e7\u00e3o da produ\u00e7\u00e3o de mudas, reflex\u00e3o sobre o subs\u00eddio aos qu\u00edmicos, maior divulga\u00e7\u00e3o das atividades do IAM na sociedade, fortalecimento da colabora\u00e7\u00e3o com a academia, formas criativas de distribui\u00e7\u00e3o de mudas e facilidades para a instala\u00e7\u00e3o de campos de produ\u00e7\u00e3o de sementes policlonais para os produtores.<\/p>\n","protected":false},"excerpt":{"rendered":"<p>Arrancaram na segunda-feira, dia 9 de junho, na prov\u00edncia da Zamb\u00e9zia, uma s\u00e9rie de tr\u00eas palestras organizadas pelo Instituto de Am\u00eandoas de Mo\u00e7ambique (IAM, IP). Essas sess\u00f5es fazem parte de uma iniciativa para divulgar as actividades do subsector de am\u00eandoas, destacando sua import\u00e2ncia em Mo\u00e7ambique ao longo dos \u00faltimos 50 anos, em comemora\u00e7\u00e3o da independ\u00eancia nacional. Na cidade de Mocuba, sob a lideran\u00e7a do Delegado Provincial do IAM na Zamb\u00e9zia, Sifa B. Ant\u00f3nio, em colabora\u00e7\u00e3o de outros profissionais como Joj\u00f3 A. La\u00edna, Nilton M. de Almeida e Samuel da Silva, foram realizadas duas palestras. Uma na Universidade Zamb\u00e9zia e outra [&hellip;]<\/p>\n","protected":false},"author":4,"featured_media":3476,"comment_status":"closed","ping_status":"closed","sticky":false,"template":"","format":"standard","meta":{"_price":"","_stock":"","_tribe_ticket_header":"","_tribe_default_ticket_provider":"","_tribe_ticket_capacity":"0","_ticket_start_date":"","_ticket_end_date":"","_tribe_ticket_show_description":"","_tribe_ticket_show_not_going":false,"_tribe_ticket_use_global_stock":"","_tribe_ticket_global_stock_level":"","_global_stock_mode":"","_global_stock_cap":"","_tribe_rsvp_for_event":"","_tribe_ticket_going_count":"","_tribe_ticket_not_going_count":"","_tribe_tickets_list":"[]","_tribe_ticket_has_attendee_info_fields":false,"footnotes":""},"categories":[1],"tags":[],"class_list":["post-3509","post","type-post","status-publish","format-standard","has-post-thumbnail","hentry","category-noticias"],"_links":{"self":[{"href":"https:\/\/iam.gov.mz\/index.php\/wp-json\/wp\/v2\/posts\/3509","targetHints":{"allow":["GET"]}}],"collection":[{"href":"https:\/\/iam.gov.mz\/index.php\/wp-json\/wp\/v2\/posts"}],"about":[{"href":"https:\/\/iam.gov.mz\/index.php\/wp-json\/wp\/v2\/types\/post"}],"author":[{"embeddable":true,"href":"https:\/\/iam.gov.mz\/index.php\/wp-json\/wp\/v2\/users\/4"}],"replies":[{"embeddable":true,"href":"https:\/\/iam.gov.mz\/index.php\/wp-json\/wp\/v2\/comments?post=3509"}],"version-history":[{"count":1,"href":"https:\/\/iam.gov.mz\/index.php\/wp-json\/wp\/v2\/posts\/3509\/revisions"}],"predecessor-version":[{"id":3513,"href":"https:\/\/iam.gov.mz\/index.php\/wp-json\/wp\/v2\/posts\/3509\/revisions\/3513"}],"wp:featuredmedia":[{"embeddable":true,"href":"https:\/\/iam.gov.mz\/index.php\/wp-json\/wp\/v2\/media\/3476"}],"wp:attachment":[{"href":"https:\/\/iam.gov.mz\/index.php\/wp-json\/wp\/v2\/media?parent=3509"}],"wp:term":[{"taxonomy":"category","embeddable":true,"href":"https:\/\/iam.gov.mz\/index.php\/wp-json\/wp\/v2\/categories?post=3509"},{"taxonomy":"post_tag","embeddable":true,"href":"https:\/\/iam.gov.mz\/index.php\/wp-json\/wp\/v2\/tags?post=3509"}],"curies":[{"name":"wp","href":"https:\/\/api.w.org\/{rel}","templated":true}]}}