{"id":3674,"date":"2025-10-14T10:00:00","date_gmt":"2025-10-14T10:00:00","guid":{"rendered":"https:\/\/iam.gov.mz\/?p=3674"},"modified":"2025-10-14T13:25:25","modified_gmt":"2025-10-14T13:25:25","slug":"iam-ip-e-sernap-assinam-acordo-para-impulsionar-producao-de-castanha-de-caju-nas-unidades-penitenciarias-do-pais","status":"publish","type":"post","link":"https:\/\/iam.gov.mz\/index.php\/2025\/10\/14\/iam-ip-e-sernap-assinam-acordo-para-impulsionar-producao-de-castanha-de-caju-nas-unidades-penitenciarias-do-pais\/","title":{"rendered":"IAM, IP e SERNAP assinam acordo para impulsionar produ\u00e7\u00e3o de castanha de caju nas unidades penitenci\u00e1rias do Pa\u00eds\u00a0"},"content":{"rendered":"\n<div class=\"wp-block-columns is-layout-flex wp-container-core-columns-is-layout-9d6595d7 wp-block-columns-is-layout-flex\">\n<div class=\"wp-block-column is-layout-flow wp-block-column-is-layout-flow\">\n<figure class=\"wp-block-image size-large\"><img fetchpriority=\"high\" decoding=\"async\" width=\"1024\" height=\"683\" src=\"http:\/\/iam.gov.mz\/wp-content\/uploads\/2025\/10\/IMG_4358-1024x683.jpg\" alt=\"\" class=\"wp-image-3671\" srcset=\"https:\/\/iam.gov.mz\/wp-content\/uploads\/2025\/10\/IMG_4358-1024x683.jpg 1024w, https:\/\/iam.gov.mz\/wp-content\/uploads\/2025\/10\/IMG_4358-300x200.jpg 300w, https:\/\/iam.gov.mz\/wp-content\/uploads\/2025\/10\/IMG_4358-768x512.jpg 768w, https:\/\/iam.gov.mz\/wp-content\/uploads\/2025\/10\/IMG_4358-1536x1024.jpg 1536w, https:\/\/iam.gov.mz\/wp-content\/uploads\/2025\/10\/IMG_4358-2048x1365.jpg 2048w\" sizes=\"(max-width: 1024px) 100vw, 1024px\" \/><\/figure>\n<\/div>\n\n\n\n<div class=\"wp-block-column is-layout-flow wp-block-column-is-layout-flow\">\n<figure class=\"wp-block-image size-large\"><img decoding=\"async\" width=\"1024\" height=\"683\" src=\"http:\/\/iam.gov.mz\/wp-content\/uploads\/2025\/10\/IMG_4383-1024x683.jpg\" alt=\"\" class=\"wp-image-3672\" srcset=\"https:\/\/iam.gov.mz\/wp-content\/uploads\/2025\/10\/IMG_4383-1024x683.jpg 1024w, https:\/\/iam.gov.mz\/wp-content\/uploads\/2025\/10\/IMG_4383-300x200.jpg 300w, https:\/\/iam.gov.mz\/wp-content\/uploads\/2025\/10\/IMG_4383-768x512.jpg 768w, https:\/\/iam.gov.mz\/wp-content\/uploads\/2025\/10\/IMG_4383-1536x1024.jpg 1536w, https:\/\/iam.gov.mz\/wp-content\/uploads\/2025\/10\/IMG_4383-2048x1365.jpg 2048w\" sizes=\"(max-width: 1024px) 100vw, 1024px\" \/><\/figure>\n<\/div>\n\n\n\n<div class=\"wp-block-column is-layout-flow wp-block-column-is-layout-flow\">\n<figure class=\"wp-block-image size-large\"><img decoding=\"async\" width=\"1024\" height=\"683\" src=\"http:\/\/iam.gov.mz\/wp-content\/uploads\/2025\/10\/IMG_4387-1024x683.jpg\" alt=\"\" class=\"wp-image-3673\" srcset=\"https:\/\/iam.gov.mz\/wp-content\/uploads\/2025\/10\/IMG_4387-1024x683.jpg 1024w, https:\/\/iam.gov.mz\/wp-content\/uploads\/2025\/10\/IMG_4387-300x200.jpg 300w, https:\/\/iam.gov.mz\/wp-content\/uploads\/2025\/10\/IMG_4387-768x512.jpg 768w, https:\/\/iam.gov.mz\/wp-content\/uploads\/2025\/10\/IMG_4387-1536x1024.jpg 1536w, https:\/\/iam.gov.mz\/wp-content\/uploads\/2025\/10\/IMG_4387-2048x1365.jpg 2048w\" sizes=\"(max-width: 1024px) 100vw, 1024px\" \/><\/figure>\n<\/div>\n<\/div>\n\n\n\n<p><strong>O Instituto de Am\u00eandoas de Mo\u00e7ambique, IP e o Servi\u00e7o Nacional Penitenci\u00e1rio assinaram, na manh\u00e3 desta ter\u00e7a-feira, 14 de Outubro, um Memorando de Entendimento no dom\u00ednio da produ\u00e7\u00e3o, assist\u00eancia t\u00e9cnica e comercializa\u00e7\u00e3o da castanha de caju nas unidades penitenci\u00e1rias do Pa\u00eds.<\/strong><\/p>\n\n\n\n<p>O acordo visa o desenvolvimento de ac\u00e7\u00f5es de fomento do caju nas unidades penitenci\u00e1rias, com enfoque no plantio de cajueiros usando mudas enxertadas e\/ou semente policlonal para o estabelecimento de pomares de cajueiro. Contempla ainda o maneio integrado de pomares estabelecidos, que inclui ac\u00e7\u00f5es como podas, limpezas e controlo fitossanit\u00e1rio, para contribuir para o aumento da produtividade, produ\u00e7\u00e3o e melhoria da qualidade da castanha de caju.<\/p>\n\n\n\n<p>As duas entidades governamentais estabeleceram este acordo de coopera\u00e7\u00e3o para assegurar o desenvolvimento do agroneg\u00f3cio do caju nas unidades penitenci\u00e1rias, aproveitando as vastas \u00e1reas agr\u00edcolas dispon\u00edveis. Algumas destas \u00e1reas j\u00e1 possuem a cultura em fase produtiva e contam com m\u00e3o-de-obra reclus\u00f3ria e de agentes penitenci\u00e1rios que poder\u00e3o responder a este desafio de produ\u00e7\u00e3o \u00e0 escala nacional.<\/p>\n\n\n\n<p>O Director-Geral do Instituto de Am\u00eandoas de Mo\u00e7ambique, IP, Il\u00eddio Bande, afirmou que &#8220;constitui uma honra retomar esta iniciativa de produ\u00e7\u00e3o do caju&#8221;. Explicou que o IAM, IP tem mandato para prestar assist\u00eancia t\u00e9cnica aos produtores, mas tem tamb\u00e9m o dever de prestar assist\u00eancia \u00e0 institui\u00e7\u00f5es, incluindo escolas, igrejas e outras entidades que desejem implantar esta cultura de rendimento.<\/p>\n\n\n\n<p>&#8220;Temos capacidade t\u00e9cnica instalada para apoiar na produ\u00e7\u00e3o do caju e macad\u00e2mia e estamos representados em todo o territ\u00f3rio nacional&#8221;, referiu Bande, acrescentando que o plano de ac\u00e7\u00e3o que resultar\u00e1 da operacionaliza\u00e7\u00e3o deste Memorando de Entendimento definir\u00e1 o ponto de partida para a implementa\u00e7\u00e3o deste acordo, salientando a necessidade de colocar o plano em pr\u00e1tica com a maior brevidade poss\u00edvel, na campanha agr\u00e1ria que se avizinha.<\/p>\n\n\n\n<p>Por seu turno, o Director-Geral do Servi\u00e7o Nacional Penitenci\u00e1rio, Il\u00eddio Miguel, enalteceu o empenho do Instituto de Am\u00eandoas na materializa\u00e7\u00e3o desta iniciativa. Sublinhou que o SERNAP tem o mandato estatut\u00e1rio de produzir culturas agr\u00edcolas por duas raz\u00f5es fundamentais: (i) o trabalho faz parte integrante do processo de reaproveitamento da m\u00e3o-de-obra reclus\u00f3ria, uma vez que &#8220;o trabalho recupera e reeduca&#8221;; e (ii) permite evitar a ociosidade, garantindo autosufici\u00eancia alimentar e reduzindo o peso or\u00e7amental que o Estado canaliza para a sustentabilidade da popula\u00e7\u00e3o reclus\u00f3ria.<\/p>\n\n\n\n<p>Miguel revelou que existem actualmente cerca de 22 mil reclusos no Pa\u00eds, o que representa um desafio para o Estado garantir tr\u00eas refei\u00e7\u00f5es di\u00e1rias. &#8220;Temos centros de produ\u00e7\u00e3o nas Regi\u00f5es Norte, Centro e Sul, e queremos contar com o IAM,IP para dinamizar a produ\u00e7\u00e3o de caju&#8221;, afirmou, acrescentando que a Direc\u00e7\u00e3o do Minist\u00e9rio da Justi\u00e7a, Assuntos Constitucionais e Religiosos, organismo de tutela do SERNAP, deposita grande expectativa neste acordo, pois tem potencial para a dinamiza\u00e7\u00e3o da produ\u00e7\u00e3o do caju.<\/p>\n","protected":false},"excerpt":{"rendered":"<p>O Instituto de Am\u00eandoas de Mo\u00e7ambique, IP e o Servi\u00e7o Nacional Penitenci\u00e1rio assinaram, na manh\u00e3 desta ter\u00e7a-feira, 14 de Outubro, um Memorando de Entendimento no dom\u00ednio da produ\u00e7\u00e3o, assist\u00eancia t\u00e9cnica e comercializa\u00e7\u00e3o da castanha de caju nas unidades penitenci\u00e1rias do Pa\u00eds. O acordo visa o desenvolvimento de ac\u00e7\u00f5es de fomento do caju nas unidades penitenci\u00e1rias, com enfoque no plantio de cajueiros usando mudas enxertadas e\/ou semente policlonal para o estabelecimento de pomares de cajueiro. Contempla ainda o maneio integrado de pomares estabelecidos, que inclui ac\u00e7\u00f5es como podas, limpezas e controlo fitossanit\u00e1rio, para contribuir para o aumento da produtividade, produ\u00e7\u00e3o e [&hellip;]<\/p>\n","protected":false},"author":4,"featured_media":3673,"comment_status":"closed","ping_status":"closed","sticky":false,"template":"","format":"standard","meta":{"_price":"","_stock":"","_tribe_ticket_header":"","_tribe_default_ticket_provider":"","_tribe_ticket_capacity":"0","_ticket_start_date":"","_ticket_end_date":"","_tribe_ticket_show_description":"","_tribe_ticket_show_not_going":false,"_tribe_ticket_use_global_stock":"","_tribe_ticket_global_stock_level":"","_global_stock_mode":"","_global_stock_cap":"","_tribe_rsvp_for_event":"","_tribe_ticket_going_count":"","_tribe_ticket_not_going_count":"","_tribe_tickets_list":"[]","_tribe_ticket_has_attendee_info_fields":false,"footnotes":""},"categories":[1],"tags":[],"class_list":["post-3674","post","type-post","status-publish","format-standard","has-post-thumbnail","hentry","category-noticias"],"_links":{"self":[{"href":"https:\/\/iam.gov.mz\/index.php\/wp-json\/wp\/v2\/posts\/3674","targetHints":{"allow":["GET"]}}],"collection":[{"href":"https:\/\/iam.gov.mz\/index.php\/wp-json\/wp\/v2\/posts"}],"about":[{"href":"https:\/\/iam.gov.mz\/index.php\/wp-json\/wp\/v2\/types\/post"}],"author":[{"embeddable":true,"href":"https:\/\/iam.gov.mz\/index.php\/wp-json\/wp\/v2\/users\/4"}],"replies":[{"embeddable":true,"href":"https:\/\/iam.gov.mz\/index.php\/wp-json\/wp\/v2\/comments?post=3674"}],"version-history":[{"count":1,"href":"https:\/\/iam.gov.mz\/index.php\/wp-json\/wp\/v2\/posts\/3674\/revisions"}],"predecessor-version":[{"id":3675,"href":"https:\/\/iam.gov.mz\/index.php\/wp-json\/wp\/v2\/posts\/3674\/revisions\/3675"}],"wp:featuredmedia":[{"embeddable":true,"href":"https:\/\/iam.gov.mz\/index.php\/wp-json\/wp\/v2\/media\/3673"}],"wp:attachment":[{"href":"https:\/\/iam.gov.mz\/index.php\/wp-json\/wp\/v2\/media?parent=3674"}],"wp:term":[{"taxonomy":"category","embeddable":true,"href":"https:\/\/iam.gov.mz\/index.php\/wp-json\/wp\/v2\/categories?post=3674"},{"taxonomy":"post_tag","embeddable":true,"href":"https:\/\/iam.gov.mz\/index.php\/wp-json\/wp\/v2\/tags?post=3674"}],"curies":[{"name":"wp","href":"https:\/\/api.w.org\/{rel}","templated":true}]}}