{"id":3702,"date":"2025-10-15T09:00:00","date_gmt":"2025-10-15T09:00:00","guid":{"rendered":"https:\/\/iam.gov.mz\/?p=3702"},"modified":"2025-10-16T08:05:16","modified_gmt":"2025-10-16T08:05:16","slug":"ministro-desafia-iam-ip-a-promover-castanha-de-caju-para-atrair-investimento","status":"publish","type":"post","link":"https:\/\/iam.gov.mz\/index.php\/2025\/10\/15\/ministro-desafia-iam-ip-a-promover-castanha-de-caju-para-atrair-investimento\/","title":{"rendered":"Ministro desafia IAM, IP a promover castanha de caju para atrair investimento"},"content":{"rendered":"\n<div class=\"wp-block-columns is-layout-flex wp-container-core-columns-is-layout-9d6595d7 wp-block-columns-is-layout-flex\">\n<div class=\"wp-block-column is-layout-flow wp-block-column-is-layout-flow\">\n<figure class=\"wp-block-image size-large\"><img fetchpriority=\"high\" decoding=\"async\" width=\"1024\" height=\"683\" src=\"https:\/\/iam.gov.mz\/wp-content\/uploads\/2025\/10\/IMG_4432-1024x683.jpg\" alt=\"\" class=\"wp-image-3715\" srcset=\"https:\/\/iam.gov.mz\/wp-content\/uploads\/2025\/10\/IMG_4432-1024x683.jpg 1024w, https:\/\/iam.gov.mz\/wp-content\/uploads\/2025\/10\/IMG_4432-300x200.jpg 300w, https:\/\/iam.gov.mz\/wp-content\/uploads\/2025\/10\/IMG_4432-768x512.jpg 768w, https:\/\/iam.gov.mz\/wp-content\/uploads\/2025\/10\/IMG_4432-1536x1024.jpg 1536w, https:\/\/iam.gov.mz\/wp-content\/uploads\/2025\/10\/IMG_4432-2048x1365.jpg 2048w\" sizes=\"(max-width: 1024px) 100vw, 1024px\" \/><\/figure>\n<\/div>\n\n\n\n<div class=\"wp-block-column is-layout-flow wp-block-column-is-layout-flow\">\n<figure class=\"wp-block-image size-large\"><img decoding=\"async\" width=\"1024\" height=\"683\" src=\"https:\/\/iam.gov.mz\/wp-content\/uploads\/2025\/10\/IMG_4427-1-1024x683.jpg\" alt=\"\" class=\"wp-image-3716\" srcset=\"https:\/\/iam.gov.mz\/wp-content\/uploads\/2025\/10\/IMG_4427-1-1024x683.jpg 1024w, https:\/\/iam.gov.mz\/wp-content\/uploads\/2025\/10\/IMG_4427-1-300x200.jpg 300w, https:\/\/iam.gov.mz\/wp-content\/uploads\/2025\/10\/IMG_4427-1-768x512.jpg 768w, https:\/\/iam.gov.mz\/wp-content\/uploads\/2025\/10\/IMG_4427-1-1536x1024.jpg 1536w, https:\/\/iam.gov.mz\/wp-content\/uploads\/2025\/10\/IMG_4427-1-2048x1365.jpg 2048w\" sizes=\"(max-width: 1024px) 100vw, 1024px\" \/><\/figure>\n<\/div>\n\n\n\n<div class=\"wp-block-column is-layout-flow wp-block-column-is-layout-flow\">\n<figure class=\"wp-block-image size-large\"><img decoding=\"async\" width=\"1024\" height=\"683\" src=\"https:\/\/iam.gov.mz\/wp-content\/uploads\/2025\/10\/IMG_4438-1-1024x683.jpg\" alt=\"\" class=\"wp-image-3717\" srcset=\"https:\/\/iam.gov.mz\/wp-content\/uploads\/2025\/10\/IMG_4438-1-1024x683.jpg 1024w, https:\/\/iam.gov.mz\/wp-content\/uploads\/2025\/10\/IMG_4438-1-300x200.jpg 300w, https:\/\/iam.gov.mz\/wp-content\/uploads\/2025\/10\/IMG_4438-1-768x512.jpg 768w, https:\/\/iam.gov.mz\/wp-content\/uploads\/2025\/10\/IMG_4438-1-1536x1024.jpg 1536w, https:\/\/iam.gov.mz\/wp-content\/uploads\/2025\/10\/IMG_4438-1-2048x1365.jpg 2048w\" sizes=\"(max-width: 1024px) 100vw, 1024px\" \/><\/figure>\n<\/div>\n<\/div>\n\n\n\n<p><strong><strong>O Ministro da Agricultura, Ambiente e Pescas, Roberto Mito Albino, visitou esta quarta-feira, dia 15 de Outubro, a Sede do Instituto de Am\u00eandoas de Mo\u00e7ambique, IP, e desafiou a institui\u00e7\u00e3o a promover a castanha de caju como estrat\u00e9gia para atrair investimento na Cadeia de valor do Caju e garantir o desenvolvimento do Subsector de Am\u00eandoas.<\/strong><\/strong><\/p>\n\n\n\n<p>O governante visitou os departamentos e interagiu com t\u00e9cnicos de cada sector para se inteirar das actividades das cadeias de valor de am\u00eandoas e identificar interven\u00e7\u00f5es que podem ser realizadas para maximizar a contribui\u00e7\u00e3o da castanha de caju na economia mo\u00e7ambicana.<\/p>\n\n\n\n<p>O titular da pasta da Agricultura, Ambiente e Pescas real\u00e7ou que um dos pilares das cadeias de valor de am\u00eandoas \u00e9 a gera\u00e7\u00e3o de emprego, contribui\u00e7\u00e3o no PIB e incremento das exporta\u00e7\u00f5es. &#8220;As ac\u00e7\u00f5es do Subsector de Am\u00eandoas devem gerar impactos significativos na vida dos produtores&#8221;, afirmou, acrescentando que o minist\u00e9rio est\u00e1 implementando uma abordagem de transi\u00e7\u00e3o para uma agricultura comercial.<\/p>\n\n\n\n<p>O ministro reconheceu que os caminhos a serem trilhados para alcan\u00e7ar esses resultados s\u00e3o dif\u00edceis; por\u00e9m, frisou que o IAM, IP deve estar alinhado com os objectivos que o minist\u00e9rio pretende alcan\u00e7ar. &#8220;N\u00e3o devemos ter medo de fazer mudan\u00e7as. A pr\u00f3pria fus\u00e3o dos tr\u00eas minist\u00e9rios prova, de forma clara, que temos de proceder de forma diferente nas nossas ac\u00e7\u00f5es&#8221;, afirmou.<\/p>\n\n\n\n<p>Na ocasi\u00e3o, foi apresentado ao ministro o Balan\u00e7o da Campanha de Caju 2024\/2025, que mereceu aprecia\u00e7\u00e3o positiva. Na sequ\u00eancia, foi apresentado o Programa de Desenvolvimento da Cadeia de Valor de Caju 2025 &#8211; 2034, que visa contribuir para o aumento da produ\u00e7\u00e3o da castanha de caju, e melhoria da capacidade de assist\u00eancia t\u00e9cnica do sistema de monitoria da comercializa\u00e7\u00e3o e agroind\u00fastria.<\/p>\n\n\n\n<p>Em rea\u00e7\u00e3o ao documento, o ministro referiu que os ciclos de desenvolvimento da cadeia de valor de caju deve ser financiado, principalmente, atrav\u00e9s das receitas pr\u00f3prias. Defendeu ainda que o programa deve contemplar uma linha de financiamento para a revitaliza\u00e7\u00e3o e expans\u00e3o da ind\u00fastria de processamento da castanha de caju. &#8220;As agro-ind\u00fastrias devem estar localizadas em zonas produtoras da castanha de caju, de modo a gerarem empregos para as comunidades locais&#8221;, referiu.<\/p>\n","protected":false},"excerpt":{"rendered":"<p>O Ministro da Agricultura, Ambiente e Pescas, Roberto Mito Albino, visitou esta quarta-feira, dia 15 de Outubro, a Sede do Instituto de Am\u00eandoas de Mo\u00e7ambique, IP, e desafiou a institui\u00e7\u00e3o a promover a castanha de caju como estrat\u00e9gia para atrair investimento na Cadeia de valor do Caju e garantir o desenvolvimento do Subsector de Am\u00eandoas. O governante visitou os departamentos e interagiu com t\u00e9cnicos de cada sector para se inteirar das actividades das cadeias de valor de am\u00eandoas e identificar interven\u00e7\u00f5es que podem ser realizadas para maximizar a contribui\u00e7\u00e3o da castanha de caju na economia mo\u00e7ambicana. O titular da pasta [&hellip;]<\/p>\n","protected":false},"author":4,"featured_media":3717,"comment_status":"closed","ping_status":"closed","sticky":false,"template":"","format":"standard","meta":{"_price":"","_stock":"","_tribe_ticket_header":"","_tribe_default_ticket_provider":"","_tribe_ticket_capacity":"0","_ticket_start_date":"","_ticket_end_date":"","_tribe_ticket_show_description":"","_tribe_ticket_show_not_going":false,"_tribe_ticket_use_global_stock":"","_tribe_ticket_global_stock_level":"","_global_stock_mode":"","_global_stock_cap":"","_tribe_rsvp_for_event":"","_tribe_ticket_going_count":"","_tribe_ticket_not_going_count":"","_tribe_tickets_list":"[]","_tribe_ticket_has_attendee_info_fields":false,"footnotes":""},"categories":[1],"tags":[],"class_list":["post-3702","post","type-post","status-publish","format-standard","has-post-thumbnail","hentry","category-noticias"],"_links":{"self":[{"href":"https:\/\/iam.gov.mz\/index.php\/wp-json\/wp\/v2\/posts\/3702","targetHints":{"allow":["GET"]}}],"collection":[{"href":"https:\/\/iam.gov.mz\/index.php\/wp-json\/wp\/v2\/posts"}],"about":[{"href":"https:\/\/iam.gov.mz\/index.php\/wp-json\/wp\/v2\/types\/post"}],"author":[{"embeddable":true,"href":"https:\/\/iam.gov.mz\/index.php\/wp-json\/wp\/v2\/users\/4"}],"replies":[{"embeddable":true,"href":"https:\/\/iam.gov.mz\/index.php\/wp-json\/wp\/v2\/comments?post=3702"}],"version-history":[{"count":3,"href":"https:\/\/iam.gov.mz\/index.php\/wp-json\/wp\/v2\/posts\/3702\/revisions"}],"predecessor-version":[{"id":3719,"href":"https:\/\/iam.gov.mz\/index.php\/wp-json\/wp\/v2\/posts\/3702\/revisions\/3719"}],"wp:featuredmedia":[{"embeddable":true,"href":"https:\/\/iam.gov.mz\/index.php\/wp-json\/wp\/v2\/media\/3717"}],"wp:attachment":[{"href":"https:\/\/iam.gov.mz\/index.php\/wp-json\/wp\/v2\/media?parent=3702"}],"wp:term":[{"taxonomy":"category","embeddable":true,"href":"https:\/\/iam.gov.mz\/index.php\/wp-json\/wp\/v2\/categories?post=3702"},{"taxonomy":"post_tag","embeddable":true,"href":"https:\/\/iam.gov.mz\/index.php\/wp-json\/wp\/v2\/tags?post=3702"}],"curies":[{"name":"wp","href":"https:\/\/api.w.org\/{rel}","templated":true}]}}