{"id":3875,"date":"2025-11-27T13:30:16","date_gmt":"2025-11-27T13:30:16","guid":{"rendered":"https:\/\/iam.gov.mz\/?p=3875"},"modified":"2025-12-03T20:39:41","modified_gmt":"2025-12-03T20:39:41","slug":"iam-ip-lanca-carta-de-principios-e-guias-de-conduta-para-promover-igualdade-de-genero","status":"publish","type":"post","link":"https:\/\/iam.gov.mz\/index.php\/2025\/11\/27\/iam-ip-lanca-carta-de-principios-e-guias-de-conduta-para-promover-igualdade-de-genero\/","title":{"rendered":"IAM, IP lan\u00e7a carta de princ\u00edpios e guias de conduta para promover igualdade de g\u00e9nero"},"content":{"rendered":"\n<p>O Instituto de Am\u00eandoas de Mo\u00e7ambique (IAM, IP), procedeu na quinta-feira passada, 27 de novembro, o lan\u00e7amento da Carta de Princ\u00edpios para a Promo\u00e7\u00e3o da Igualdade de G\u00e9nero, o Guia de Conduta para Igualdade de G\u00e9nero, Preven\u00e7\u00e3o do Ass\u00e9dio e Combate ao Machismo, e o Guia de Conduta dos Extensionistas para Promo\u00e7\u00e3o da Igualdade de G\u00e9nero nas Atividades de CampoOs instrumentos, foram desenvolvidos no \u00e2mbito do Projecto ACAMOZ II, implementado pela Nitidae, financiado pela Ag\u00eancia Francesa de Desenvolvimento, pretendem refor\u00e7ar o respeito institucional e promover a autonomia dos produtores rurais na cadeia de valor do caju e da macad\u00e2mia.<\/p>\n\n\n\n<p>A cerim\u00f3nia, foi dirigida pela Directora dos Servi\u00e7os Centrais de Desenvolvimento de Produ\u00e7\u00e3o de Am\u00eandoas, Feliza Macome, em representa\u00e7\u00e3o do Director-Geral. Na sua interven\u00e7\u00e3o, destacou que estes instrumentos constituem um passo importante para fortalecer pr\u00e1ticas de trabalho seguras, inclusivas e alinhadas aos valores institucionais do IAM, IP e para os extensionistas, v\u00eam refor\u00e7ar a tarefa de um desenvolvimento inclusivo no meio rural.Com este lan\u00e7amento, o IAM, IP e MAAP reafirmam o seu compromisso em promover um ambiente institucional equitativo e contribuir para pr\u00e1ticas de extens\u00e3o rural mais inclusivas e sens\u00edveis \u00e0s realidades de mulheres e homens produtores.<\/p>\n\n\n\n<div class=\"wp-block-columns is-layout-flex wp-container-core-columns-is-layout-9d6595d7 wp-block-columns-is-layout-flex\">\n<div class=\"wp-block-column is-layout-flow wp-block-column-is-layout-flow\">\n<figure class=\"wp-block-gallery has-nested-images columns-default is-cropped wp-block-gallery-1 is-layout-flex wp-block-gallery-is-layout-flex\">\n<figure class=\"wp-block-image size-large\"><img fetchpriority=\"high\" decoding=\"async\" width=\"1024\" height=\"682\" data-id=\"3878\" src=\"https:\/\/iam.gov.mz\/wp-content\/uploads\/2025\/12\/PHOTO-2025-11-28-10-03-42-1024x682.jpg\" alt=\"\" class=\"wp-image-3878\" srcset=\"https:\/\/iam.gov.mz\/wp-content\/uploads\/2025\/12\/PHOTO-2025-11-28-10-03-42-1024x682.jpg 1024w, https:\/\/iam.gov.mz\/wp-content\/uploads\/2025\/12\/PHOTO-2025-11-28-10-03-42-300x200.jpg 300w, https:\/\/iam.gov.mz\/wp-content\/uploads\/2025\/12\/PHOTO-2025-11-28-10-03-42-768x512.jpg 768w, https:\/\/iam.gov.mz\/wp-content\/uploads\/2025\/12\/PHOTO-2025-11-28-10-03-42-1536x1023.jpg 1536w, https:\/\/iam.gov.mz\/wp-content\/uploads\/2025\/12\/PHOTO-2025-11-28-10-03-42.jpg 1600w\" sizes=\"(max-width: 1024px) 100vw, 1024px\" \/><\/figure>\n<\/figure>\n<\/div>\n\n\n\n<div class=\"wp-block-column is-layout-flow wp-block-column-is-layout-flow\">\n<figure class=\"wp-block-image size-large\"><img decoding=\"async\" width=\"1024\" height=\"682\" src=\"https:\/\/iam.gov.mz\/wp-content\/uploads\/2025\/12\/PHOTO-2025-11-28-10-03-42-1-1-1024x682.jpg\" alt=\"\" class=\"wp-image-3879\" srcset=\"https:\/\/iam.gov.mz\/wp-content\/uploads\/2025\/12\/PHOTO-2025-11-28-10-03-42-1-1-1024x682.jpg 1024w, https:\/\/iam.gov.mz\/wp-content\/uploads\/2025\/12\/PHOTO-2025-11-28-10-03-42-1-1-300x200.jpg 300w, https:\/\/iam.gov.mz\/wp-content\/uploads\/2025\/12\/PHOTO-2025-11-28-10-03-42-1-1-768x512.jpg 768w, https:\/\/iam.gov.mz\/wp-content\/uploads\/2025\/12\/PHOTO-2025-11-28-10-03-42-1-1-1536x1023.jpg 1536w, https:\/\/iam.gov.mz\/wp-content\/uploads\/2025\/12\/PHOTO-2025-11-28-10-03-42-1-1.jpg 1600w\" sizes=\"(max-width: 1024px) 100vw, 1024px\" \/><\/figure>\n<\/div>\n\n\n\n<div class=\"wp-block-column is-layout-flow wp-block-column-is-layout-flow\">\n<figure class=\"wp-block-gallery has-nested-images columns-default is-cropped wp-block-gallery-2 is-layout-flex wp-block-gallery-is-layout-flex\">\n<figure class=\"wp-block-image size-large\"><img decoding=\"async\" width=\"1024\" height=\"682\" data-id=\"3880\" src=\"https:\/\/iam.gov.mz\/wp-content\/uploads\/2025\/12\/PHOTO-2025-11-28-10-03-39-1-1024x682.jpg\" alt=\"\" class=\"wp-image-3880\" srcset=\"https:\/\/iam.gov.mz\/wp-content\/uploads\/2025\/12\/PHOTO-2025-11-28-10-03-39-1-1024x682.jpg 1024w, https:\/\/iam.gov.mz\/wp-content\/uploads\/2025\/12\/PHOTO-2025-11-28-10-03-39-1-300x200.jpg 300w, https:\/\/iam.gov.mz\/wp-content\/uploads\/2025\/12\/PHOTO-2025-11-28-10-03-39-1-768x512.jpg 768w, https:\/\/iam.gov.mz\/wp-content\/uploads\/2025\/12\/PHOTO-2025-11-28-10-03-39-1-1536x1023.jpg 1536w, https:\/\/iam.gov.mz\/wp-content\/uploads\/2025\/12\/PHOTO-2025-11-28-10-03-39-1.jpg 1600w\" sizes=\"(max-width: 1024px) 100vw, 1024px\" \/><\/figure>\n<\/figure>\n<\/div>\n<\/div>\n","protected":false},"excerpt":{"rendered":"<p>O Instituto de Am\u00eandoas de Mo\u00e7ambique (IAM, IP), procedeu na quinta-feira passada, 27 de novembro, o lan\u00e7amento da Carta de Princ\u00edpios para a Promo\u00e7\u00e3o da Igualdade de G\u00e9nero, o Guia de Conduta para Igualdade de G\u00e9nero, Preven\u00e7\u00e3o do Ass\u00e9dio e Combate ao Machismo, e o Guia de Conduta dos Extensionistas para Promo\u00e7\u00e3o da Igualdade de G\u00e9nero nas Atividades de CampoOs instrumentos, foram desenvolvidos no \u00e2mbito do Projecto ACAMOZ II, implementado pela Nitidae, financiado pela Ag\u00eancia Francesa de Desenvolvimento, pretendem refor\u00e7ar o respeito institucional e promover a autonomia dos produtores rurais na cadeia de valor do caju e da macad\u00e2mia. A [&hellip;]<\/p>\n","protected":false},"author":4,"featured_media":3878,"comment_status":"closed","ping_status":"closed","sticky":false,"template":"","format":"standard","meta":{"_price":"","_stock":"","_tribe_ticket_header":"","_tribe_default_ticket_provider":"","_tribe_ticket_capacity":"0","_ticket_start_date":"","_ticket_end_date":"","_tribe_ticket_show_description":"","_tribe_ticket_show_not_going":false,"_tribe_ticket_use_global_stock":"","_tribe_ticket_global_stock_level":"","_global_stock_mode":"","_global_stock_cap":"","_tribe_rsvp_for_event":"","_tribe_ticket_going_count":"","_tribe_ticket_not_going_count":"","_tribe_tickets_list":"[]","_tribe_ticket_has_attendee_info_fields":false,"footnotes":""},"categories":[1],"tags":[],"class_list":["post-3875","post","type-post","status-publish","format-standard","has-post-thumbnail","hentry","category-noticias"],"_links":{"self":[{"href":"https:\/\/iam.gov.mz\/index.php\/wp-json\/wp\/v2\/posts\/3875","targetHints":{"allow":["GET"]}}],"collection":[{"href":"https:\/\/iam.gov.mz\/index.php\/wp-json\/wp\/v2\/posts"}],"about":[{"href":"https:\/\/iam.gov.mz\/index.php\/wp-json\/wp\/v2\/types\/post"}],"author":[{"embeddable":true,"href":"https:\/\/iam.gov.mz\/index.php\/wp-json\/wp\/v2\/users\/4"}],"replies":[{"embeddable":true,"href":"https:\/\/iam.gov.mz\/index.php\/wp-json\/wp\/v2\/comments?post=3875"}],"version-history":[{"count":1,"href":"https:\/\/iam.gov.mz\/index.php\/wp-json\/wp\/v2\/posts\/3875\/revisions"}],"predecessor-version":[{"id":3881,"href":"https:\/\/iam.gov.mz\/index.php\/wp-json\/wp\/v2\/posts\/3875\/revisions\/3881"}],"wp:featuredmedia":[{"embeddable":true,"href":"https:\/\/iam.gov.mz\/index.php\/wp-json\/wp\/v2\/media\/3878"}],"wp:attachment":[{"href":"https:\/\/iam.gov.mz\/index.php\/wp-json\/wp\/v2\/media?parent=3875"}],"wp:term":[{"taxonomy":"category","embeddable":true,"href":"https:\/\/iam.gov.mz\/index.php\/wp-json\/wp\/v2\/categories?post=3875"},{"taxonomy":"post_tag","embeddable":true,"href":"https:\/\/iam.gov.mz\/index.php\/wp-json\/wp\/v2\/tags?post=3875"}],"curies":[{"name":"wp","href":"https:\/\/api.w.org\/{rel}","templated":true}]}}