{"id":3901,"date":"2025-12-09T14:00:16","date_gmt":"2025-12-09T14:00:16","guid":{"rendered":"https:\/\/iam.gov.mz\/?p=3901"},"modified":"2025-12-10T22:13:46","modified_gmt":"2025-12-10T22:13:46","slug":"mocambique-aprova-precos-de-referencia-para-exportacao-da-castanha-de-caju-na-campanha-2025-2026","status":"publish","type":"post","link":"https:\/\/iam.gov.mz\/index.php\/2025\/12\/09\/mocambique-aprova-precos-de-referencia-para-exportacao-da-castanha-de-caju-na-campanha-2025-2026\/","title":{"rendered":"Mo\u00e7ambique Aprova Pre\u00e7os de Refer\u00eancia para Exporta\u00e7\u00e3o da Castanha de Caju na Campanha 2025\/2026"},"content":{"rendered":"\n<p>O pa\u00eds acaba de aprovar os pre\u00e7os de refer\u00eancia para a exporta\u00e7\u00e3o da castanha de caju na campanha 2025\/2026. A decis\u00e3o foi tomada durante a II\u00aa Sess\u00e3o do Comit\u00e9 de Am\u00eandoas, realizada esta ter\u00e7a-feira, 09 de Dezembro de 2025, em Maputo.<br>A reuni\u00e3o, dirigida pelo Director-Geral do Instituto de Am\u00eandoas de Mo\u00e7ambique (IAM, IP), Il\u00eddio Bande, definiu que o pre\u00e7o para castanha de qualidade de 46 libras ser\u00e1 de 1.250 d\u00f3lares por tonelada, enquanto a de 53 libras passa a 1.440 d\u00f3lares por tonelada, de acordo com a din\u00e2mica de pre\u00e7os no mercado internacional.<br>Na campanha anterior (2024\/25), os pre\u00e7os de refer\u00eancia variaram entre 1.052 e 1.268 d\u00f3lares por tonelada, respectivamente, para as mesmas categorias de castanha.<br>O encontro decorreu em formato h\u00edbrido, presencial e virtual, e contou com 40 participantes, incluindo membros do Conselho de Direc\u00e7\u00e3o, T\u00e9cnicos e Delegados provinciais do IAM, representantes da Associa\u00e7\u00e3o dos Industriais do Caju (AICAJU), da Associa\u00e7\u00e3o Comercial e Industrial de Nampula (ACIANA), do Sindicato Nacional dos Trabalhadores Agropecu\u00e1rios, Ind\u00fastria de Caju e Florestas (SINTAICAF), da NITIDAE\/ACAMOZ entre outros actores relevantes na cadeia de valor do caju.<br>Durante a sess\u00e3o, os participantes analisaram o ponto de situa\u00e7\u00e3o do aprovisionamento da mat\u00e9ria-prima \u00e0 ind\u00fastria, o fornecimento da castanha bruta pelos exportadores e o andamento da campanha de comercializa\u00e7\u00e3o da castanha de caju. O Comit\u00e9 tamb\u00e9m definiu que a exporta\u00e7\u00e3o da castanha ser\u00e1 oficialmente aberta a partir de 19 de Dezembro, visando garantir o fornecimento pleno \u00e0 ind\u00fastria.<br>Para a presente campanha, estima-se que o volume de exporta\u00e7\u00f5es atinja cerca de 60.000 toneladas, das quais 45.000 toneladas j\u00e1 se encontram aprovisionadas.<br>Realizado sob o lema \u201cPor uma remunera\u00e7\u00e3o equilibrada de todos os actores da cadeia de valor de am\u00eandoas, para o aumento da quantidade e qualidade da produ\u00e7\u00e3o\u201d, o encontro refor\u00e7a a determina\u00e7\u00e3o do Governo e do sector das am\u00eandoas em valorizar a castanha e promover a sustentabilidade da cadeia de produ\u00e7\u00e3o.<\/p>\n\n\n\n<div class=\"wp-block-columns is-layout-flex wp-container-core-columns-is-layout-9d6595d7 wp-block-columns-is-layout-flex\">\n<div class=\"wp-block-column is-layout-flow wp-block-column-is-layout-flow\">\n<figure class=\"wp-block-image size-large\"><img fetchpriority=\"high\" decoding=\"async\" width=\"1024\" height=\"749\" src=\"https:\/\/iam.gov.mz\/wp-content\/uploads\/2025\/12\/PHOTO-2025-12-10-10-21-29-1-1-1024x749.jpg\" alt=\"\" class=\"wp-image-3905\" srcset=\"https:\/\/iam.gov.mz\/wp-content\/uploads\/2025\/12\/PHOTO-2025-12-10-10-21-29-1-1-1024x749.jpg 1024w, https:\/\/iam.gov.mz\/wp-content\/uploads\/2025\/12\/PHOTO-2025-12-10-10-21-29-1-1-300x219.jpg 300w, https:\/\/iam.gov.mz\/wp-content\/uploads\/2025\/12\/PHOTO-2025-12-10-10-21-29-1-1-768x562.jpg 768w, https:\/\/iam.gov.mz\/wp-content\/uploads\/2025\/12\/PHOTO-2025-12-10-10-21-29-1-1.jpg 1280w\" sizes=\"(max-width: 1024px) 100vw, 1024px\" \/><\/figure>\n<\/div>\n\n\n\n<div class=\"wp-block-column is-layout-flow wp-block-column-is-layout-flow\">\n<figure class=\"wp-block-image size-large\"><img decoding=\"async\" width=\"1024\" height=\"768\" src=\"http:\/\/iam.gov.mz\/wp-content\/uploads\/2025\/12\/PHOTO-2025-12-10-10-21-28-1024x768.jpg\" alt=\"\" class=\"wp-image-3903\" srcset=\"https:\/\/iam.gov.mz\/wp-content\/uploads\/2025\/12\/PHOTO-2025-12-10-10-21-28-1024x768.jpg 1024w, https:\/\/iam.gov.mz\/wp-content\/uploads\/2025\/12\/PHOTO-2025-12-10-10-21-28-300x225.jpg 300w, https:\/\/iam.gov.mz\/wp-content\/uploads\/2025\/12\/PHOTO-2025-12-10-10-21-28-768x576.jpg 768w, https:\/\/iam.gov.mz\/wp-content\/uploads\/2025\/12\/PHOTO-2025-12-10-10-21-28.jpg 1280w\" sizes=\"(max-width: 1024px) 100vw, 1024px\" \/><\/figure>\n<\/div>\n\n\n\n<div class=\"wp-block-column is-layout-flow wp-block-column-is-layout-flow\">\n<figure class=\"wp-block-image size-large\"><img decoding=\"async\" width=\"1024\" height=\"768\" src=\"http:\/\/iam.gov.mz\/wp-content\/uploads\/2025\/12\/IMG_2986-1024x768.jpg\" alt=\"\" class=\"wp-image-3910\" srcset=\"https:\/\/iam.gov.mz\/wp-content\/uploads\/2025\/12\/IMG_2986-1024x768.jpg 1024w, https:\/\/iam.gov.mz\/wp-content\/uploads\/2025\/12\/IMG_2986-300x225.jpg 300w, https:\/\/iam.gov.mz\/wp-content\/uploads\/2025\/12\/IMG_2986-768x576.jpg 768w, https:\/\/iam.gov.mz\/wp-content\/uploads\/2025\/12\/IMG_2986-1536x1152.jpg 1536w, https:\/\/iam.gov.mz\/wp-content\/uploads\/2025\/12\/IMG_2986-2048x1536.jpg 2048w\" sizes=\"(max-width: 1024px) 100vw, 1024px\" \/><\/figure>\n<\/div>\n<\/div>\n\n\n\n<p><\/p>\n","protected":false},"excerpt":{"rendered":"<p>O pa\u00eds acaba de aprovar os pre\u00e7os de refer\u00eancia para a exporta\u00e7\u00e3o da castanha de caju na campanha 2025\/2026. A decis\u00e3o foi tomada durante a II\u00aa Sess\u00e3o do Comit\u00e9 de Am\u00eandoas, realizada esta ter\u00e7a-feira, 09 de Dezembro de 2025, em Maputo.A reuni\u00e3o, dirigida pelo Director-Geral do Instituto de Am\u00eandoas de Mo\u00e7ambique (IAM, IP), Il\u00eddio Bande, definiu que o pre\u00e7o para castanha de qualidade de 46 libras ser\u00e1 de 1.250 d\u00f3lares por tonelada, enquanto a de 53 libras passa a 1.440 d\u00f3lares por tonelada, de acordo com a din\u00e2mica de pre\u00e7os no mercado internacional.Na campanha anterior (2024\/25), os pre\u00e7os de refer\u00eancia [&hellip;]<\/p>\n","protected":false},"author":4,"featured_media":3902,"comment_status":"closed","ping_status":"closed","sticky":false,"template":"","format":"standard","meta":{"_price":"","_stock":"","_tribe_ticket_header":"","_tribe_default_ticket_provider":"","_tribe_ticket_capacity":"0","_ticket_start_date":"","_ticket_end_date":"","_tribe_ticket_show_description":"","_tribe_ticket_show_not_going":false,"_tribe_ticket_use_global_stock":"","_tribe_ticket_global_stock_level":"","_global_stock_mode":"","_global_stock_cap":"","_tribe_rsvp_for_event":"","_tribe_ticket_going_count":"","_tribe_ticket_not_going_count":"","_tribe_tickets_list":"[]","_tribe_ticket_has_attendee_info_fields":false,"footnotes":""},"categories":[1],"tags":[],"class_list":["post-3901","post","type-post","status-publish","format-standard","has-post-thumbnail","hentry","category-noticias"],"_links":{"self":[{"href":"https:\/\/iam.gov.mz\/index.php\/wp-json\/wp\/v2\/posts\/3901","targetHints":{"allow":["GET"]}}],"collection":[{"href":"https:\/\/iam.gov.mz\/index.php\/wp-json\/wp\/v2\/posts"}],"about":[{"href":"https:\/\/iam.gov.mz\/index.php\/wp-json\/wp\/v2\/types\/post"}],"author":[{"embeddable":true,"href":"https:\/\/iam.gov.mz\/index.php\/wp-json\/wp\/v2\/users\/4"}],"replies":[{"embeddable":true,"href":"https:\/\/iam.gov.mz\/index.php\/wp-json\/wp\/v2\/comments?post=3901"}],"version-history":[{"count":2,"href":"https:\/\/iam.gov.mz\/index.php\/wp-json\/wp\/v2\/posts\/3901\/revisions"}],"predecessor-version":[{"id":3911,"href":"https:\/\/iam.gov.mz\/index.php\/wp-json\/wp\/v2\/posts\/3901\/revisions\/3911"}],"wp:featuredmedia":[{"embeddable":true,"href":"https:\/\/iam.gov.mz\/index.php\/wp-json\/wp\/v2\/media\/3902"}],"wp:attachment":[{"href":"https:\/\/iam.gov.mz\/index.php\/wp-json\/wp\/v2\/media?parent=3901"}],"wp:term":[{"taxonomy":"category","embeddable":true,"href":"https:\/\/iam.gov.mz\/index.php\/wp-json\/wp\/v2\/categories?post=3901"},{"taxonomy":"post_tag","embeddable":true,"href":"https:\/\/iam.gov.mz\/index.php\/wp-json\/wp\/v2\/tags?post=3901"}],"curies":[{"name":"wp","href":"https:\/\/api.w.org\/{rel}","templated":true}]}}