{"id":3925,"date":"2026-01-27T10:35:26","date_gmt":"2026-01-27T10:35:26","guid":{"rendered":"https:\/\/iam.gov.mz\/?p=3925"},"modified":"2026-02-05T13:37:10","modified_gmt":"2026-02-05T13:37:10","slug":"iam-ip-sofala-capacita-tecnicos-sobre-maneio-integrado-de-caju","status":"publish","type":"post","link":"https:\/\/iam.gov.mz\/index.php\/2026\/01\/27\/iam-ip-sofala-capacita-tecnicos-sobre-maneio-integrado-de-caju\/","title":{"rendered":"IAM, IP &#8211; Sofala capacita t\u00e9cnicos sobre Maneio Integrado de Caju"},"content":{"rendered":"\n<div class=\"wp-block-columns is-layout-flex wp-container-core-columns-is-layout-9d6595d7 wp-block-columns-is-layout-flex\">\n<div class=\"wp-block-column is-layout-flow wp-block-column-is-layout-flow\">\n<figure class=\"wp-block-image size-large\"><img fetchpriority=\"high\" decoding=\"async\" width=\"472\" height=\"1024\" src=\"https:\/\/iam.gov.mz\/wp-content\/uploads\/2026\/01\/WhatsApp-Image-2026-01-29-at-15.40.24-472x1024.jpeg\" alt=\"\" class=\"wp-image-3926\" srcset=\"https:\/\/iam.gov.mz\/wp-content\/uploads\/2026\/01\/WhatsApp-Image-2026-01-29-at-15.40.24-472x1024.jpeg 472w, https:\/\/iam.gov.mz\/wp-content\/uploads\/2026\/01\/WhatsApp-Image-2026-01-29-at-15.40.24-138x300.jpeg 138w, https:\/\/iam.gov.mz\/wp-content\/uploads\/2026\/01\/WhatsApp-Image-2026-01-29-at-15.40.24-708x1536.jpeg 708w, https:\/\/iam.gov.mz\/wp-content\/uploads\/2026\/01\/WhatsApp-Image-2026-01-29-at-15.40.24.jpeg 738w\" sizes=\"(max-width: 472px) 100vw, 472px\" \/><\/figure>\n<\/div>\n\n\n\n<div class=\"wp-block-column is-layout-flow wp-block-column-is-layout-flow\">\n<figure class=\"wp-block-image size-large\"><img decoding=\"async\" width=\"472\" height=\"1024\" src=\"https:\/\/iam.gov.mz\/wp-content\/uploads\/2026\/01\/WhatsApp-Image-2026-01-29-at-15.40.25-472x1024.jpeg\" alt=\"\" class=\"wp-image-3927\" srcset=\"https:\/\/iam.gov.mz\/wp-content\/uploads\/2026\/01\/WhatsApp-Image-2026-01-29-at-15.40.25-472x1024.jpeg 472w, https:\/\/iam.gov.mz\/wp-content\/uploads\/2026\/01\/WhatsApp-Image-2026-01-29-at-15.40.25-138x300.jpeg 138w, https:\/\/iam.gov.mz\/wp-content\/uploads\/2026\/01\/WhatsApp-Image-2026-01-29-at-15.40.25-708x1536.jpeg 708w, https:\/\/iam.gov.mz\/wp-content\/uploads\/2026\/01\/WhatsApp-Image-2026-01-29-at-15.40.25.jpeg 738w\" sizes=\"(max-width: 472px) 100vw, 472px\" \/><\/figure>\n<\/div>\n\n\n\n<div class=\"wp-block-column is-layout-flow wp-block-column-is-layout-flow\">\n<figure class=\"wp-block-image size-large\"><img decoding=\"async\" width=\"472\" height=\"1024\" src=\"https:\/\/iam.gov.mz\/wp-content\/uploads\/2026\/01\/WhatsApp-Image-2026-01-29-at-15.40.23-1-472x1024.jpeg\" alt=\"\" class=\"wp-image-3928\" srcset=\"https:\/\/iam.gov.mz\/wp-content\/uploads\/2026\/01\/WhatsApp-Image-2026-01-29-at-15.40.23-1-472x1024.jpeg 472w, https:\/\/iam.gov.mz\/wp-content\/uploads\/2026\/01\/WhatsApp-Image-2026-01-29-at-15.40.23-1-138x300.jpeg 138w, https:\/\/iam.gov.mz\/wp-content\/uploads\/2026\/01\/WhatsApp-Image-2026-01-29-at-15.40.23-1-708x1536.jpeg 708w, https:\/\/iam.gov.mz\/wp-content\/uploads\/2026\/01\/WhatsApp-Image-2026-01-29-at-15.40.23-1.jpeg 738w\" sizes=\"(max-width: 472px) 100vw, 472px\" \/><\/figure>\n<\/div>\n<\/div>\n\n\n\n<p>Um total de 22 produtores beneficiaram, na ter\u00e7a-feira, 27 de Janeiro, no Posto Administrativo de Savane, distrito de Dondo, de um treinamento sobre Maneio Integrado de Caju (MIC), com enfoque na poda do cajueiro.<\/p>\n\n\n\n<p>A capacita\u00e7\u00e3o teve lugar no campo do produtor Chauma Carvalho e incluiu uma demonstra\u00e7\u00e3o pr\u00e1tica de poda fitossanit\u00e1ria e de forma\u00e7\u00e3o, limpeza do cajual e tratamento qu\u00edmico.<\/p>\n\n\n\n<p>Com esta iniciativa, espera-se que os produtores reforcem os seus conhecimentos sobre as pr\u00e1ticas de Maneio Integrado de Caju.<strong><\/strong><\/p>\n\n\n\n<p><\/p>\n","protected":false},"excerpt":{"rendered":"<p>Um total de 22 produtores beneficiaram, na ter\u00e7a-feira, 27 de Janeiro, no Posto Administrativo de Savane, distrito de Dondo, de um treinamento sobre Maneio Integrado de Caju (MIC), com enfoque na poda do cajueiro. A capacita\u00e7\u00e3o teve lugar no campo do produtor Chauma Carvalho e incluiu uma demonstra\u00e7\u00e3o pr\u00e1tica de poda fitossanit\u00e1ria e de forma\u00e7\u00e3o, limpeza do cajual e tratamento qu\u00edmico. Com esta iniciativa, espera-se que os produtores reforcem os seus conhecimentos sobre as pr\u00e1ticas de Maneio Integrado de Caju.<\/p>\n","protected":false},"author":4,"featured_media":3929,"comment_status":"closed","ping_status":"closed","sticky":false,"template":"","format":"standard","meta":{"_price":"","_stock":"","_tribe_ticket_header":"","_tribe_default_ticket_provider":"","_tribe_ticket_capacity":"","_ticket_start_date":"","_ticket_end_date":"","_tribe_ticket_show_description":"","_tribe_ticket_show_not_going":false,"_tribe_ticket_use_global_stock":"","_tribe_ticket_global_stock_level":"","_global_stock_mode":"","_global_stock_cap":"","_tribe_rsvp_for_event":"","_tribe_ticket_going_count":"","_tribe_ticket_not_going_count":"","_tribe_tickets_list":"[]","_tribe_ticket_has_attendee_info_fields":false,"footnotes":""},"categories":[1],"tags":[],"class_list":["post-3925","post","type-post","status-publish","format-standard","has-post-thumbnail","hentry","category-noticias"],"_links":{"self":[{"href":"https:\/\/iam.gov.mz\/index.php\/wp-json\/wp\/v2\/posts\/3925","targetHints":{"allow":["GET"]}}],"collection":[{"href":"https:\/\/iam.gov.mz\/index.php\/wp-json\/wp\/v2\/posts"}],"about":[{"href":"https:\/\/iam.gov.mz\/index.php\/wp-json\/wp\/v2\/types\/post"}],"author":[{"embeddable":true,"href":"https:\/\/iam.gov.mz\/index.php\/wp-json\/wp\/v2\/users\/4"}],"replies":[{"embeddable":true,"href":"https:\/\/iam.gov.mz\/index.php\/wp-json\/wp\/v2\/comments?post=3925"}],"version-history":[{"count":1,"href":"https:\/\/iam.gov.mz\/index.php\/wp-json\/wp\/v2\/posts\/3925\/revisions"}],"predecessor-version":[{"id":3930,"href":"https:\/\/iam.gov.mz\/index.php\/wp-json\/wp\/v2\/posts\/3925\/revisions\/3930"}],"wp:featuredmedia":[{"embeddable":true,"href":"https:\/\/iam.gov.mz\/index.php\/wp-json\/wp\/v2\/media\/3929"}],"wp:attachment":[{"href":"https:\/\/iam.gov.mz\/index.php\/wp-json\/wp\/v2\/media?parent=3925"}],"wp:term":[{"taxonomy":"category","embeddable":true,"href":"https:\/\/iam.gov.mz\/index.php\/wp-json\/wp\/v2\/categories?post=3925"},{"taxonomy":"post_tag","embeddable":true,"href":"https:\/\/iam.gov.mz\/index.php\/wp-json\/wp\/v2\/tags?post=3925"}],"curies":[{"name":"wp","href":"https:\/\/api.w.org\/{rel}","templated":true}]}}