{"id":395,"date":"2021-09-25T11:06:02","date_gmt":"2021-09-25T11:06:02","guid":{"rendered":"http:\/\/iam.gov.mz\/?p=395"},"modified":"2021-12-02T06:55:15","modified_gmt":"2021-12-02T06:55:15","slug":"preco-de-referencia-para-produtores-da-castanha-de-caju-aumenta-162-para-campanha-agraria-2021-2022","status":"publish","type":"post","link":"https:\/\/iam.gov.mz\/index.php\/2021\/09\/25\/preco-de-referencia-para-produtores-da-castanha-de-caju-aumenta-162-para-campanha-agraria-2021-2022\/","title":{"rendered":"Pre\u00e7o de Refer\u00eancia para Produtores da castanha de caju aumenta 16,2% para campanha agr\u00e1ria 2021\/2022"},"content":{"rendered":"\n<figure class=\"wp-block-image size-large\"><img fetchpriority=\"high\" decoding=\"async\" width=\"1024\" height=\"665\" src=\"http:\/\/iam.gov.mz\/wp-content\/uploads\/2021\/12\/IMG-20210924-WA0012-1024x665.jpg\" alt=\"\" class=\"wp-image-506\" srcset=\"https:\/\/iam.gov.mz\/wp-content\/uploads\/2021\/12\/IMG-20210924-WA0012-1024x665.jpg 1024w, https:\/\/iam.gov.mz\/wp-content\/uploads\/2021\/12\/IMG-20210924-WA0012-300x195.jpg 300w, https:\/\/iam.gov.mz\/wp-content\/uploads\/2021\/12\/IMG-20210924-WA0012-768x499.jpg 768w, https:\/\/iam.gov.mz\/wp-content\/uploads\/2021\/12\/IMG-20210924-WA0012.jpg 1280w\" sizes=\"(max-width: 1024px) 100vw, 1024px\" \/><\/figure>\n\n\n\n<p>A 1\u00aa sess\u00e3o do Comit\u00e9 de Am\u00eandoas consensualizou que o Pre\u00e7o de Refer\u00eancia para os Produtores da castanha de caju aumenta para 43 Meticais durante a campanha agr\u00e1ria 2021\/2022. \u201cO Pre\u00e7o de Refer\u00eancia ao Produtor traduz a vontade expressa do Governo de assegurar que todos os actores da cadeia de valor do caju sejam devidamente remunerados\u201d, afirmou o vice-ministro da Agricultura e Desenvolvimento Rural, Oleg\u00e1rio Banze.<\/p>\n\n\n\n<p>O consenso foi alcan\u00e7ado nesta sexta-feira (24) pelo Minist\u00e9rio da Agricultura e Desenvolvimento Rural, os produtores, comerciantes e processadores de castanha de caju durante a 1\u00aa sess\u00e3o do Comit\u00e9 de Am\u00eandoas que teve lugar na Cidade de Maputo. &nbsp;<\/p>\n\n\n\n<p>\u201cO Pre\u00e7o de Refer\u00eancia ao Produtor ficou consensualizado em 43 Meticais o quilo, o que representa um crescimento de 16,2% nos rendimentos dos produtores comparativamente aos 37 Meticais pagos na campanha passada\u201d anunciou o Director-Geral do Instituto de Am\u00eandoas, Il\u00eddio Bande clarificando que o pre\u00e7o \u00e9 do mercado \u201ce pode oscilar 10 por cento para cima ou 10 por cento para baixo\u201d.<\/p>\n\n\n\n<p>Este Pre\u00e7o de Refer\u00eancia para os Produtores de castanha de caju dever\u00e1 em seguida ser aprovado pelos ministros da Agricultura e da Ind\u00fastria.<\/p>\n\n\n\n<p>O Vice-ministro da Agricultura e Desenvolvimento Rural, Oleg\u00e1rio Banze, que dirigiu 1\u00aa sess\u00e3o do Comit\u00e9 de Am\u00eandoas, declarou que \u201co Pre\u00e7o de Refer\u00eancia ao Produtor traduz a vontade expressa do Governo de assegurar que todos os actores da cadeia de valor do caju sejam devidamente remunerados, que \u00e9 uma condi\u00e7\u00e3o b\u00e1sica para um maior envolvimento e comprometimento dos actores nos momentos de comercializa\u00e7\u00e3o e industrializa\u00e7\u00e3o do caju e consequentemente do crescimento sustent\u00e1vel que todos almejamos\u201d.<\/p>\n\n\n\n<p>\u201cPor outro lado a interven\u00e7\u00e3o do Governo na busca de alternativas para o resgate financeira a ind\u00fastria do caju evidencia o qu\u00e3o interessados estamos em ver esta ind\u00fastria a crescer, contribuindo para a gera\u00e7\u00e3o de empregos e a gera\u00e7\u00e3o de valor do caju\u201d disse ainda Oleg\u00e1rio Banze que perspectivou \u201cna campanha de 2021\/2022 foi projectada uma produ\u00e7\u00e3o de 160 mil toneladas o que poder\u00e1 representar um crescimento de cerca de 12 por cento em rela\u00e7\u00e3o a campanha finda onde n\u00f3s comercializamos um total de145 mil toneladas\u201d.<\/p>\n\n\n\n<p>Banze lembrou que \u201ctodos n\u00f3s que trabalhamos nestas cadeias de valor temos que ser devidamente remunerados e com equidade. A liberaliza\u00e7\u00e3o do pre\u00e7o da castanha (de caju) que n\u00f3s fizemos nos finais da d\u00e9cada de 90 pressupunha o aumento da concorr\u00eancia e a melhoria do Pre\u00e7o ao Produtor, mas na pr\u00e1tica n\u00e3o \u00e9 o que aconteceu. N\u00e3o tendo sido precisamos de abordar a cadeia de valor do caju novamente da\u00ed que enveredamos pelo caminho de procurar um pre\u00e7o de refer\u00eancia que vai facilitar os comerciantes e processadores, mas sobretudo para que os produtores se sintam devidamente remunerados e tenham for\u00e7a para de ano em ano melhorarem a qualidade da am\u00eandoa, aumentarem a produ\u00e7\u00e3o e a produtividade e conseguirem que a castanha de caju seja cada vez mais competitiva\u201d.<\/p>\n\n\n\n<div class=\"wp-block-columns is-layout-flex wp-container-core-columns-is-layout-9d6595d7 wp-block-columns-is-layout-flex\">\n<div class=\"wp-block-column is-layout-flow wp-block-column-is-layout-flow\">\n<figure class=\"wp-block-image size-large is-style-rounded\"><img decoding=\"async\" width=\"1024\" height=\"665\" src=\"http:\/\/iam.gov.mz\/wp-content\/uploads\/2021\/09\/IMG-20210924-WA0012-1-1024x665.jpg\" alt=\"\" class=\"wp-image-396\" srcset=\"https:\/\/iam.gov.mz\/wp-content\/uploads\/2021\/09\/IMG-20210924-WA0012-1-1024x665.jpg 1024w, https:\/\/iam.gov.mz\/wp-content\/uploads\/2021\/09\/IMG-20210924-WA0012-1-300x195.jpg 300w, https:\/\/iam.gov.mz\/wp-content\/uploads\/2021\/09\/IMG-20210924-WA0012-1-768x499.jpg 768w, https:\/\/iam.gov.mz\/wp-content\/uploads\/2021\/09\/IMG-20210924-WA0012-1.jpg 1280w\" sizes=\"(max-width: 1024px) 100vw, 1024px\" \/><\/figure>\n<\/div>\n\n\n\n<div class=\"wp-block-column is-layout-flow wp-block-column-is-layout-flow\">\n<figure class=\"wp-block-image size-large is-style-rounded\"><img decoding=\"async\" width=\"1024\" height=\"695\" src=\"http:\/\/iam.gov.mz\/wp-content\/uploads\/2021\/09\/IMG-20210924-WA0013-1024x695.jpg\" alt=\"\" class=\"wp-image-397\" srcset=\"https:\/\/iam.gov.mz\/wp-content\/uploads\/2021\/09\/IMG-20210924-WA0013-1024x695.jpg 1024w, https:\/\/iam.gov.mz\/wp-content\/uploads\/2021\/09\/IMG-20210924-WA0013-300x204.jpg 300w, https:\/\/iam.gov.mz\/wp-content\/uploads\/2021\/09\/IMG-20210924-WA0013-768x521.jpg 768w, https:\/\/iam.gov.mz\/wp-content\/uploads\/2021\/09\/IMG-20210924-WA0013.jpg 1280w\" sizes=\"(max-width: 1024px) 100vw, 1024px\" \/><\/figure>\n<\/div>\n\n\n\n<div class=\"wp-block-column is-layout-flow wp-block-column-is-layout-flow\">\n<figure class=\"wp-block-image size-large is-style-rounded\"><img loading=\"lazy\" decoding=\"async\" width=\"1024\" height=\"682\" src=\"http:\/\/iam.gov.mz\/wp-content\/uploads\/2021\/09\/IMG-20210924-WA0015-1024x682.jpg\" alt=\"\" class=\"wp-image-398\" srcset=\"https:\/\/iam.gov.mz\/wp-content\/uploads\/2021\/09\/IMG-20210924-WA0015-1024x682.jpg 1024w, https:\/\/iam.gov.mz\/wp-content\/uploads\/2021\/09\/IMG-20210924-WA0015-300x200.jpg 300w, https:\/\/iam.gov.mz\/wp-content\/uploads\/2021\/09\/IMG-20210924-WA0015-768x511.jpg 768w, https:\/\/iam.gov.mz\/wp-content\/uploads\/2021\/09\/IMG-20210924-WA0015.jpg 1280w\" sizes=\"(max-width: 1024px) 100vw, 1024px\" \/><\/figure>\n<\/div>\n\n\n\n<div class=\"wp-block-column is-layout-flow wp-block-column-is-layout-flow\">\n<figure class=\"wp-block-image size-large is-style-rounded\"><img loading=\"lazy\" decoding=\"async\" width=\"1024\" height=\"682\" src=\"http:\/\/iam.gov.mz\/wp-content\/uploads\/2021\/09\/IMG-20210924-WA0016-1024x682.jpg\" alt=\"\" class=\"wp-image-399\" srcset=\"https:\/\/iam.gov.mz\/wp-content\/uploads\/2021\/09\/IMG-20210924-WA0016-1024x682.jpg 1024w, https:\/\/iam.gov.mz\/wp-content\/uploads\/2021\/09\/IMG-20210924-WA0016-300x200.jpg 300w, https:\/\/iam.gov.mz\/wp-content\/uploads\/2021\/09\/IMG-20210924-WA0016-768x512.jpg 768w, https:\/\/iam.gov.mz\/wp-content\/uploads\/2021\/09\/IMG-20210924-WA0016.jpg 1280w\" sizes=\"(max-width: 1024px) 100vw, 1024px\" \/><\/figure>\n<\/div>\n<\/div>\n\n\n\n<p><\/p>\n","protected":false},"excerpt":{"rendered":"<p>A 1\u00aa sess\u00e3o do Comit\u00e9 de Am\u00eandoas consensualizou que o Pre\u00e7o de Refer\u00eancia para os Produtores da castanha de caju aumenta para 43 Meticais durante a campanha agr\u00e1ria 2021\/2022. \u201cO Pre\u00e7o de Refer\u00eancia ao Produtor traduz a vontade expressa do Governo de assegurar que todos os actores da cadeia de valor do caju sejam devidamente remunerados\u201d, afirmou o vice-ministro da Agricultura e Desenvolvimento Rural, Oleg\u00e1rio Banze. O consenso foi alcan\u00e7ado nesta sexta-feira (24) pelo Minist\u00e9rio da Agricultura e Desenvolvimento Rural, os produtores, comerciantes e processadores de castanha de caju durante a 1\u00aa sess\u00e3o do Comit\u00e9 de Am\u00eandoas que teve lugar [&hellip;]<\/p>\n","protected":false},"author":1,"featured_media":399,"comment_status":"closed","ping_status":"closed","sticky":false,"template":"","format":"standard","meta":{"_price":"","_stock":"","_tribe_ticket_header":"","_tribe_default_ticket_provider":"","_tribe_ticket_capacity":"0","_ticket_start_date":"","_ticket_end_date":"","_tribe_ticket_show_description":"","_tribe_ticket_show_not_going":false,"_tribe_ticket_use_global_stock":"","_tribe_ticket_global_stock_level":"","_global_stock_mode":"","_global_stock_cap":"","_tribe_rsvp_for_event":"","_tribe_ticket_going_count":"","_tribe_ticket_not_going_count":"","_tribe_tickets_list":"[]","_tribe_ticket_has_attendee_info_fields":false,"footnotes":""},"categories":[1],"tags":[],"class_list":["post-395","post","type-post","status-publish","format-standard","has-post-thumbnail","hentry","category-noticias"],"_links":{"self":[{"href":"https:\/\/iam.gov.mz\/index.php\/wp-json\/wp\/v2\/posts\/395","targetHints":{"allow":["GET"]}}],"collection":[{"href":"https:\/\/iam.gov.mz\/index.php\/wp-json\/wp\/v2\/posts"}],"about":[{"href":"https:\/\/iam.gov.mz\/index.php\/wp-json\/wp\/v2\/types\/post"}],"author":[{"embeddable":true,"href":"https:\/\/iam.gov.mz\/index.php\/wp-json\/wp\/v2\/users\/1"}],"replies":[{"embeddable":true,"href":"https:\/\/iam.gov.mz\/index.php\/wp-json\/wp\/v2\/comments?post=395"}],"version-history":[{"count":0,"href":"https:\/\/iam.gov.mz\/index.php\/wp-json\/wp\/v2\/posts\/395\/revisions"}],"wp:featuredmedia":[{"embeddable":true,"href":"https:\/\/iam.gov.mz\/index.php\/wp-json\/wp\/v2\/media\/399"}],"wp:attachment":[{"href":"https:\/\/iam.gov.mz\/index.php\/wp-json\/wp\/v2\/media?parent=395"}],"wp:term":[{"taxonomy":"category","embeddable":true,"href":"https:\/\/iam.gov.mz\/index.php\/wp-json\/wp\/v2\/categories?post=395"},{"taxonomy":"post_tag","embeddable":true,"href":"https:\/\/iam.gov.mz\/index.php\/wp-json\/wp\/v2\/tags?post=395"}],"curies":[{"name":"wp","href":"https:\/\/api.w.org\/{rel}","templated":true}]}}