{"id":4322,"date":"2026-08-31T01:37:46","date_gmt":"2026-08-31T01:37:46","guid":{"rendered":"https:\/\/iam.gov.mz\/?p=4322"},"modified":"2026-09-02T01:54:53","modified_gmt":"2026-09-02T01:54:53","slug":"facim-2026-iam-ip-apresenta-potencialidades-da-cadeia-de-valor-de-amendoas","status":"publish","type":"post","link":"https:\/\/iam.gov.mz\/index.php\/2026\/08\/31\/facim-2026-iam-ip-apresenta-potencialidades-da-cadeia-de-valor-de-amendoas\/","title":{"rendered":"FACIM 2026: IAM, IP apresenta potencialidades da cadeia de valor de Am\u00eandoas"},"content":{"rendered":"\n<div class=\"wp-block-columns is-layout-flex wp-container-core-columns-is-layout-8f761849 wp-block-columns-is-layout-flex\">\n<div class=\"wp-block-column is-layout-flow wp-block-column-is-layout-flow\">\n<figure class=\"wp-block-image size-large\"><img fetchpriority=\"high\" decoding=\"async\" width=\"1024\" height=\"683\" src=\"http:\/\/iam.gov.mz\/wp-content\/uploads\/2026\/09\/IMG_0300-1024x683.jpg\" alt=\"\" class=\"wp-image-4323\" srcset=\"https:\/\/iam.gov.mz\/wp-content\/uploads\/2026\/09\/IMG_0300-1024x683.jpg 1024w, https:\/\/iam.gov.mz\/wp-content\/uploads\/2026\/09\/IMG_0300-300x200.jpg 300w, https:\/\/iam.gov.mz\/wp-content\/uploads\/2026\/09\/IMG_0300-768x512.jpg 768w, https:\/\/iam.gov.mz\/wp-content\/uploads\/2026\/09\/IMG_0300-1536x1024.jpg 1536w, https:\/\/iam.gov.mz\/wp-content\/uploads\/2026\/09\/IMG_0300-2048x1365.jpg 2048w\" sizes=\"(max-width: 1024px) 100vw, 1024px\" \/><\/figure>\n<\/div>\n<\/div>\n\n\n\n<p class=\"wp-block-paragraph\"><strong>O Instituto de Am\u00eandoas de Mo\u00e7ambique (IAM, IP) participa, desde a manh\u00e3 desta segunda-feira, 31 de agosto, na 61\u00aa edi\u00e7\u00e3o da Feira Internacional de Maputo (FACIM), subordinada ao lema <em>&#8220;Transforma\u00e7\u00e3o Digital e Energ\u00e9tica Rumo a uma Economia Sustent\u00e1vel&#8221;.<\/em><\/strong><\/p>\n\n\n\n<p class=\"wp-block-paragraph\">A participa\u00e7\u00e3o do IAM, IP constitui uma oportunidade para apresentar os resultados j\u00e1 alcan\u00e7ados e partilhar as prioridades da institui\u00e7\u00e3o para os pr\u00f3ximos anos, no \u00e2mbito do Programa de Desenvolvimento da Cadeia de Valor do Caju 2025-2034.<\/p>\n\n\n\n<p class=\"wp-block-paragraph\">Durante a visita ao stand do IAM, IP, o Presidente da Rep\u00fablica de Mo\u00e7ambique, Daniel Chapo, interagiu com a equipa da institui\u00e7\u00e3o liderada pelo Director Geral, tendo desejado a continuidade de um bom trabalho face aos desafios existentes e incentivado a obten\u00e7\u00e3o de novos resultados rumo ao desenvolvimento do sector.<\/p>\n\n\n\n<p class=\"wp-block-paragraph\">A presen\u00e7a do IAM, IP na FACIM 2026 refor\u00e7a o compromisso da institui\u00e7\u00e3o em dar maior visibilidade \u00e0s potencialidades do sector, aproximar os diferentes intervenientes da cadeia de valor das am\u00eandoas e identificar novas oportunidades para um desenvolvimento sustent\u00e1vel. O stand do IAM, IP est\u00e1 instalado no Pavilh\u00e3o da Agricultura e apresenta amostras de v\u00e1rios produtos derivados da castanha de caju, da p\u00eara de caju e da macad\u00e2mia<\/p>\n","protected":false},"excerpt":{"rendered":"<p>O Instituto de Am\u00eandoas de Mo\u00e7ambique (IAM, IP) participa, desde a manh\u00e3 desta segunda-feira, 31 de agosto, na 61\u00aa edi\u00e7\u00e3o da Feira Internacional de Maputo (FACIM), subordinada ao lema &#8220;Transforma\u00e7\u00e3o Digital e Energ\u00e9tica Rumo a uma Economia Sustent\u00e1vel&#8221;. A participa\u00e7\u00e3o do IAM, IP constitui uma oportunidade para apresentar os resultados j\u00e1 alcan\u00e7ados e partilhar as prioridades da institui\u00e7\u00e3o para os pr\u00f3ximos anos, no \u00e2mbito do Programa de Desenvolvimento da Cadeia de Valor do Caju 2025-2034. Durante a visita ao stand do IAM, IP, o Presidente da Rep\u00fablica de Mo\u00e7ambique, Daniel Chapo, interagiu com a equipa da institui\u00e7\u00e3o liderada pelo Director [&hellip;]<\/p>\n","protected":false},"author":4,"featured_media":4323,"comment_status":"closed","ping_status":"closed","sticky":false,"template":"","format":"standard","meta":{"_price":"","_stock":"","_tribe_ticket_header":"","_tribe_default_ticket_provider":"","_tribe_ticket_capacity":"0","_ticket_start_date":"","_ticket_end_date":"","_tribe_ticket_show_description":"","_tribe_ticket_show_not_going":false,"_tribe_ticket_use_global_stock":"","_tribe_ticket_global_stock_level":"","_global_stock_mode":"","_global_stock_cap":"","_tribe_rsvp_for_event":"","_tribe_ticket_going_count":"","_tribe_ticket_not_going_count":"","_tribe_tickets_list":"[]","_tribe_ticket_has_attendee_info_fields":false,"footnotes":""},"categories":[1],"tags":[],"class_list":["post-4322","post","type-post","status-publish","format-standard","has-post-thumbnail","hentry","category-noticias"],"_links":{"self":[{"href":"https:\/\/iam.gov.mz\/index.php\/wp-json\/wp\/v2\/posts\/4322","targetHints":{"allow":["GET"]}}],"collection":[{"href":"https:\/\/iam.gov.mz\/index.php\/wp-json\/wp\/v2\/posts"}],"about":[{"href":"https:\/\/iam.gov.mz\/index.php\/wp-json\/wp\/v2\/types\/post"}],"author":[{"embeddable":true,"href":"https:\/\/iam.gov.mz\/index.php\/wp-json\/wp\/v2\/users\/4"}],"replies":[{"embeddable":true,"href":"https:\/\/iam.gov.mz\/index.php\/wp-json\/wp\/v2\/comments?post=4322"}],"version-history":[{"count":1,"href":"https:\/\/iam.gov.mz\/index.php\/wp-json\/wp\/v2\/posts\/4322\/revisions"}],"predecessor-version":[{"id":4324,"href":"https:\/\/iam.gov.mz\/index.php\/wp-json\/wp\/v2\/posts\/4322\/revisions\/4324"}],"wp:featuredmedia":[{"embeddable":true,"href":"https:\/\/iam.gov.mz\/index.php\/wp-json\/wp\/v2\/media\/4323"}],"wp:attachment":[{"href":"https:\/\/iam.gov.mz\/index.php\/wp-json\/wp\/v2\/media?parent=4322"}],"wp:term":[{"taxonomy":"category","embeddable":true,"href":"https:\/\/iam.gov.mz\/index.php\/wp-json\/wp\/v2\/categories?post=4322"},{"taxonomy":"post_tag","embeddable":true,"href":"https:\/\/iam.gov.mz\/index.php\/wp-json\/wp\/v2\/tags?post=4322"}],"curies":[{"name":"wp","href":"https:\/\/api.w.org\/{rel}","templated":true}]}}