{"id":490,"date":"2021-12-01T13:38:39","date_gmt":"2021-12-01T13:38:39","guid":{"rendered":"http:\/\/iam.gov.mz\/?p=490"},"modified":"2021-12-02T06:34:23","modified_gmt":"2021-12-02T06:34:23","slug":"empossados-novos-delegados-provinciais-do-instituto-de-amendoas-de-mocambique","status":"publish","type":"post","link":"https:\/\/iam.gov.mz\/index.php\/2021\/12\/01\/empossados-novos-delegados-provinciais-do-instituto-de-amendoas-de-mocambique\/","title":{"rendered":"Empossados Novos Delegados provinciais do Instituto de Am\u00eandoas de Mo\u00e7ambique"},"content":{"rendered":"\n<figure class=\"wp-block-image size-large\"><img fetchpriority=\"high\" decoding=\"async\" width=\"1024\" height=\"682\" src=\"http:\/\/iam.gov.mz\/wp-content\/uploads\/2021\/12\/IMG-20211201-WA0030-1024x682.jpg\" alt=\"\" class=\"wp-image-491\" srcset=\"https:\/\/iam.gov.mz\/wp-content\/uploads\/2021\/12\/IMG-20211201-WA0030-1024x682.jpg 1024w, https:\/\/iam.gov.mz\/wp-content\/uploads\/2021\/12\/IMG-20211201-WA0030-300x200.jpg 300w, https:\/\/iam.gov.mz\/wp-content\/uploads\/2021\/12\/IMG-20211201-WA0030-768x512.jpg 768w, https:\/\/iam.gov.mz\/wp-content\/uploads\/2021\/12\/IMG-20211201-WA0030.jpg 1280w\" sizes=\"(max-width: 1024px) 100vw, 1024px\" \/><\/figure>\n\n\n\n<p>Teve lugar na manh\u00e3 desta quarta-feira, dia 1 de Dezembro o acto de empossamentos de 9<br>novos delegados provinciais do Instituto de Am\u00eandoas de Mo\u00e7ambique, numa cerim\u00f3nia<br>dirigida pelo Excelent\u00edssimo Senhor Il\u00eddio Afonso Jos\u00e9 Bande, Director Geral do IAM, IP.<br>Trata-se de Arlete Jos\u00e9 Macu\u00e1cua Filimone, indicada para o cargo de Delegada Provincial do<br>Instituto de Am\u00eandoas de Mo\u00e7ambique, IP na prov\u00edncia de Maputo; S\u00e9rgio Domingos Uique,<br>delegado provincial de Gaza; Elidio Liliano Carlos Bacar, delegado provincial de Inhambane; Faque<br>Anli Delegado Provincial de Manica, Marta Regina Mafambane Chicava; delegada provincial de<br>Sofala; Sifa Bernardo Antonio, delegado provincial da Zamb\u00e9zia; Julio Ventura Langa, delagado<br>provincial de Nampula e Domingos Armando Guissemo, delegado provincial de Cabo Delgado.<br>No seu discurso de ocasi\u00e3o, o Il\u00eddio Bande, Director Geral sublinhou que, o sector agr\u00e1rio vem<br>testemunhando reformas legais e institucionais as quais incidem sobre o MADER e suas institui\u00e7\u00f5es<br>subordinadas ou tuteladas, a todos os n\u00edveis. A recente cria\u00e7\u00e3o do Instituto de Am\u00eandoas de<br>Mo\u00e7ambique, IP, preconiza a promo\u00e7\u00e3o do desenvolvimento sustent\u00e1vel de am\u00eandoas no pa\u00eds.<br>O director explicou ainda que, a estrutura organizacional do IAM, consubstanciada no Quadro do<br>Pessoal, recentemente aprovado, institui para al\u00e9m das unidades org\u00e2nicas designadas, Delega\u00e7\u00f5es<br>Provinciais, os cargos de Delegados Provinciais com atribui\u00e7\u00f5es e compet\u00eancias devidamente<br>emanadas no respectivo estatuto.<br>Na mesma senda o titular da pasta das am\u00eandoas, desafiou aos empossados a servir de meio para o<br>alcance das metas e objectivos estrat\u00e9gicos do IAM na nova realidade que o contexto imp\u00f5e. &#8220;Os<br>nossos objectivos estrat\u00e9gicos e metas s\u00e3o ambiciosos e desafiadores. Requerem por conseguintes<br>recursos humanos capazes, comprometidos e colocados em s\u00edtios que permitam explorar o m\u00e1ximo<br>das suas habilidades e lideran\u00e7a. Acreditamos que nos dias que correm, ao contr\u00e1rio do passado, os<br>factores de sucesso organizacional s\u00e3o o conhecimento e a informa\u00e7\u00e3o, activos intang\u00edveis detidos<br>apenas pelo homem&#8221;.<br>Igualmente instou aos delegados ora empossados a dirigir, organizar e planificar as actividades da<br>delega\u00e7\u00e3o provincial, de acordo com as estrat\u00e9gias e em conformidade com a legisla\u00e7\u00e3o em vigor;<br>assegurar a gest\u00e3o eficiente dos recursos financeiros e patrimoniais a si distritos e espera destes uma<br>maior colabora\u00e7\u00e3o e comprometimento nas suas tarefas.<br>Por seu turno, Victor Canhemba, Secretario Permanente do Minist\u00e9rio da Agricultura e<br>Desenvolvimento Rural, na sua interven\u00e7\u00e3o chamou a aten\u00e7\u00e3o aos empossados sobre a<br>responsabilidade de gest\u00e3o de recursos humanos; sobre o valor do trabalho em equipe e desafiou aos<br>investidos a saberem imprimir estrat\u00e9gias assertivas para responder as metas de produ\u00e7\u00e3o nas suas<br>delega\u00e7\u00f5es.<br>Tomaram parte deste evento, os quadros do Instituto de Am\u00eandoas de Mo\u00e7ambique e do Minist\u00e9rio<br>da Agricultura e Desenvolvimento Rural.<\/p>\n\n\n\n<div class=\"wp-block-columns is-layout-flex wp-container-core-columns-is-layout-9d6595d7 wp-block-columns-is-layout-flex\">\n<div class=\"wp-block-column is-layout-flow wp-block-column-is-layout-flow\">\n<figure class=\"wp-block-image size-large\"><img decoding=\"async\" width=\"1024\" height=\"735\" src=\"http:\/\/iam.gov.mz\/wp-content\/uploads\/2021\/12\/IMG-20211201-WA0020-1-1024x735.jpg\" alt=\"\" class=\"wp-image-496\" srcset=\"https:\/\/iam.gov.mz\/wp-content\/uploads\/2021\/12\/IMG-20211201-WA0020-1-1024x735.jpg 1024w, https:\/\/iam.gov.mz\/wp-content\/uploads\/2021\/12\/IMG-20211201-WA0020-1-300x215.jpg 300w, https:\/\/iam.gov.mz\/wp-content\/uploads\/2021\/12\/IMG-20211201-WA0020-1-768x551.jpg 768w, https:\/\/iam.gov.mz\/wp-content\/uploads\/2021\/12\/IMG-20211201-WA0020-1.jpg 1280w\" sizes=\"(max-width: 1024px) 100vw, 1024px\" \/><\/figure>\n<\/div>\n\n\n\n<div class=\"wp-block-column is-layout-flow wp-block-column-is-layout-flow\">\n<figure class=\"wp-block-image size-large\"><img decoding=\"async\" width=\"1024\" height=\"736\" src=\"http:\/\/iam.gov.mz\/wp-content\/uploads\/2021\/12\/IMG-20211201-WA0029-1-1024x736.jpg\" alt=\"\" class=\"wp-image-497\" srcset=\"https:\/\/iam.gov.mz\/wp-content\/uploads\/2021\/12\/IMG-20211201-WA0029-1-1024x736.jpg 1024w, https:\/\/iam.gov.mz\/wp-content\/uploads\/2021\/12\/IMG-20211201-WA0029-1-300x216.jpg 300w, https:\/\/iam.gov.mz\/wp-content\/uploads\/2021\/12\/IMG-20211201-WA0029-1-768x552.jpg 768w, https:\/\/iam.gov.mz\/wp-content\/uploads\/2021\/12\/IMG-20211201-WA0029-1.jpg 1280w\" sizes=\"(max-width: 1024px) 100vw, 1024px\" \/><\/figure>\n<\/div>\n<\/div>\n","protected":false},"excerpt":{"rendered":"<p>Teve lugar na manh\u00e3 desta quarta-feira, dia 1 de Dezembro o acto de empossamentos de 9novos delegados provinciais do Instituto de Am\u00eandoas de Mo\u00e7ambique, numa cerim\u00f3niadirigida pelo Excelent\u00edssimo Senhor Il\u00eddio Afonso Jos\u00e9 Bande, Director Geral do IAM, IP.Trata-se de Arlete Jos\u00e9 Macu\u00e1cua Filimone, indicada para o cargo de Delegada Provincial doInstituto de Am\u00eandoas de Mo\u00e7ambique, IP na prov\u00edncia de Maputo; S\u00e9rgio Domingos Uique,delegado provincial de Gaza; Elidio Liliano Carlos Bacar, delegado provincial de Inhambane; FaqueAnli Delegado Provincial de Manica, Marta Regina Mafambane Chicava; delegada provincial deSofala; Sifa Bernardo Antonio, delegado provincial da Zamb\u00e9zia; Julio Ventura Langa, delagadoprovincial de Nampula e [&hellip;]<\/p>\n","protected":false},"author":1,"featured_media":491,"comment_status":"closed","ping_status":"closed","sticky":false,"template":"","format":"standard","meta":{"_price":"","_stock":"","_tribe_ticket_header":"","_tribe_default_ticket_provider":"","_tribe_ticket_capacity":"0","_ticket_start_date":"","_ticket_end_date":"","_tribe_ticket_show_description":"","_tribe_ticket_show_not_going":false,"_tribe_ticket_use_global_stock":"","_tribe_ticket_global_stock_level":"","_global_stock_mode":"","_global_stock_cap":"","_tribe_rsvp_for_event":"","_tribe_ticket_going_count":"","_tribe_ticket_not_going_count":"","_tribe_tickets_list":"[]","_tribe_ticket_has_attendee_info_fields":false,"footnotes":""},"categories":[1],"tags":[],"class_list":["post-490","post","type-post","status-publish","format-standard","has-post-thumbnail","hentry","category-noticias"],"_links":{"self":[{"href":"https:\/\/iam.gov.mz\/index.php\/wp-json\/wp\/v2\/posts\/490","targetHints":{"allow":["GET"]}}],"collection":[{"href":"https:\/\/iam.gov.mz\/index.php\/wp-json\/wp\/v2\/posts"}],"about":[{"href":"https:\/\/iam.gov.mz\/index.php\/wp-json\/wp\/v2\/types\/post"}],"author":[{"embeddable":true,"href":"https:\/\/iam.gov.mz\/index.php\/wp-json\/wp\/v2\/users\/1"}],"replies":[{"embeddable":true,"href":"https:\/\/iam.gov.mz\/index.php\/wp-json\/wp\/v2\/comments?post=490"}],"version-history":[{"count":0,"href":"https:\/\/iam.gov.mz\/index.php\/wp-json\/wp\/v2\/posts\/490\/revisions"}],"wp:featuredmedia":[{"embeddable":true,"href":"https:\/\/iam.gov.mz\/index.php\/wp-json\/wp\/v2\/media\/491"}],"wp:attachment":[{"href":"https:\/\/iam.gov.mz\/index.php\/wp-json\/wp\/v2\/media?parent=490"}],"wp:term":[{"taxonomy":"category","embeddable":true,"href":"https:\/\/iam.gov.mz\/index.php\/wp-json\/wp\/v2\/categories?post=490"},{"taxonomy":"post_tag","embeddable":true,"href":"https:\/\/iam.gov.mz\/index.php\/wp-json\/wp\/v2\/tags?post=490"}],"curies":[{"name":"wp","href":"https:\/\/api.w.org\/{rel}","templated":true}]}}