{"id":589,"date":"2022-05-18T12:45:11","date_gmt":"2022-05-18T12:45:11","guid":{"rendered":"http:\/\/iam.gov.mz\/?p=589"},"modified":"2025-10-24T10:48:39","modified_gmt":"2025-10-24T10:48:39","slug":"para-imprimir-uma-dinamica-institucional","status":"publish","type":"post","link":"https:\/\/iam.gov.mz\/index.php\/2022\/05\/18\/para-imprimir-uma-dinamica-institucional\/","title":{"rendered":"Para imprimir uma din\u00e2mica institucional"},"content":{"rendered":"\n<div class=\"wp-block-columns is-layout-flex wp-container-core-columns-is-layout-9d6595d7 wp-block-columns-is-layout-flex\">\n<div class=\"wp-block-column is-layout-flow wp-block-column-is-layout-flow\">\n<figure class=\"wp-block-image size-large\"><img fetchpriority=\"high\" decoding=\"async\" width=\"1024\" height=\"683\" src=\"http:\/\/iam.gov.mz\/wp-content\/uploads\/2022\/05\/MG_3321-1024x683.jpg\" alt=\"\" class=\"wp-image-591\" srcset=\"https:\/\/iam.gov.mz\/wp-content\/uploads\/2022\/05\/MG_3321-1024x683.jpg 1024w, https:\/\/iam.gov.mz\/wp-content\/uploads\/2022\/05\/MG_3321-300x200.jpg 300w, https:\/\/iam.gov.mz\/wp-content\/uploads\/2022\/05\/MG_3321-768x512.jpg 768w, https:\/\/iam.gov.mz\/wp-content\/uploads\/2022\/05\/MG_3321-1536x1024.jpg 1536w, https:\/\/iam.gov.mz\/wp-content\/uploads\/2022\/05\/MG_3321-2048x1365.jpg 2048w\" sizes=\"(max-width: 1024px) 100vw, 1024px\" \/><\/figure>\n<\/div>\n<\/div>\n\n\n\n<p><strong>Il\u00eddio Bande confere posse nova delegada provincial de Tete e chefes de departamentos&nbsp;<\/strong><\/p>\n\n\n\n<p><strong>O director Geral do Instituto de Am\u00eandoas de Mo\u00e7ambique, Il\u00eddio Bande, Conferiu posse esta ter\u00e7a-feira, 17 de Maio de 2022, a nova Delegada Provincial de Tetee os chefes de departamentos e Reparti\u00e7\u00f5es do IAM,IP sede.<\/strong><\/p>\n\n\n\n<p>Trata-se daJudite Camuia David Pacali confiada para o cargo de Delegada Provincial de Tete,Jo\u00e3o Jo\u00e3oMacuacua nomeado para o cargo de chefe do Departamento de Administra\u00e7\u00e3o e Finan\u00e7as; Telma Mtaia, chefe do Departamento de Recursos Humanos; Jaime Saveca, Chefe do Departamento de Aquisi\u00e7\u00f5es, Paulino Sitoe Chefe do Departamento Central de Fomento; Tomas Marrengula, para o cargo de chefe do departamento Central de Organiza\u00e7\u00e3o e Assist\u00eancia T\u00e9cnica de Produtores; Mateus Com\u00e9, chefe do Departamento Central de Protec\u00e7\u00e3o de Plantas e Biotecnologia; ChadrequeNhanengue, Chefe do Departamento Central de Melhoramento Genetico de Plantas Biometria; L\u00facia Ant\u00f3nio, indicada para a fun\u00e7\u00e3o de Chefe do Departamento Central de Comercializa\u00e7\u00e3o e Agro-Industria; Vicente Mondlane chefe de Departamento Central de Estudo, Planifica\u00e7\u00e3o, Coopera\u00e7\u00e3o, Monitoria e Avalia\u00e7\u00e3o, Andr\u00e9 Mondlane Chefe de reparti\u00e7\u00e3o Central de Finan\u00e7as, Rafaela Mutemba chefe de Reparti\u00e7\u00e3o de Administra\u00e7\u00e3o e Esmeralda Chifehe, chefe de Reparti\u00e7\u00e3o Central de Gest\u00e3o de Pessoal e Previd\u00eancia Social e Ornelas Muiambo Chefe de Secretaria Geral do IAM, IP Sede<\/p>\n\n\n\n<p>Intervindo na ocasi\u00e3o,o Director GeralIl\u00eddio Bande do IAM, referiu que a nova delegada tem o desafio de implantar uma nova delega\u00e7\u00e3o, um novo subsector que existe pela primeira vez naquela parcela do pa\u00eds, dai que as responsabilidades s\u00e3o acrescidas, tendo em conta igualmente aos desafios impostos pela descentraliza\u00e7\u00e3o em curso no pa\u00eds.&nbsp;<\/p>\n\n\n\n<p>No acto, Il\u00eddio Bande disse ainda que, este exerc\u00edcio deve ser percebido como um processo permanente de estrutura\u00e7\u00e3o e reorienta\u00e7\u00e3o dos recursos humanos, visando desafios tais como a operacionaliza\u00e7\u00e3o da estrat\u00e9gia de redu\u00e7\u00e3o de subs\u00eddios no programa de tratamento qu\u00edmico e terciariza\u00e7\u00e3o do programa de produ\u00e7\u00e3o e distribui\u00e7\u00e3o de mudas; a organiza\u00e7\u00e3o de produtores em grupos, associa\u00e7\u00f5es ou cooperativas e integra\u00e7\u00e3o do sector familiar na produ\u00e7\u00e3o de macad\u00e2mia e com recurso ao sector empresarial.<\/p>\n\n\n\n<p>Neste sentido, de acordo com o Director Geral do IAM, a expectativa \u00e9 que os quadros ora investidos saibam liderar, motivar e comunicar, o que pressup\u00f5e ter humildade suficiente de saber ouvir, aprender e trabalhar em equipa optando, sempre por uma gest\u00e3o consultiva e participativa.<\/p>\n\n\n\n<p>Este processo de empossamento foi testemunhado, pelo Inspector Geral do Minist\u00e9rio da Agricultura e Desenvolvimento Rural, Rui <a><\/a>Mapatse, onde na sua interven\u00e7\u00e3o disse que as am\u00eandoas como subsector da agricultura s\u00e3o de extrema import\u00e2ncia estrat\u00e9gica no sistema de produ\u00e7\u00e3o agricola e na economia do pais, tendo o potencial comprovado de gerar emprego renda para as fam\u00edlias e estando focado no mercado internacional gera divisas para o pais.<\/p>\n\n\n\n<p>&#8220;Foi nessa perspectiva que em 2020 foi criado o IAM, IP cuja miss\u00e3o \u00e9 o desenvolvimento sustent\u00e1vel das am\u00eandoas atrav\u00e9s da optimiza\u00e7\u00e3o do potencial e das vantagens comparativas e produtivas do pais. Desta feita foi lancada a base para que o potencial econ\u00f3mico dosubsector de am\u00eandoas seja devidamente optimizadoe cres\u00e7a de forma equilibrada.Os quadros ora empossados tem como miss\u00e3o consolidar a din\u00e2mica e estrat\u00e9gica concertada na materializa\u00e7\u00e3o de resultados&#8221;referiu.<\/p>\n\n\n\n<p>Tomaram posse perante o Inspector do MADER, Judite Camuia David Pacali, Delegada provincial de Tete,.<\/p>\n","protected":false},"excerpt":{"rendered":"<p>Il\u00eddio Bande confere posse nova delegada provincial de Tete e chefes de departamentos&nbsp; O director Geral do Instituto de Am\u00eandoas de Mo\u00e7ambique, Il\u00eddio Bande, Conferiu posse esta ter\u00e7a-feira, 17 de Maio de 2022, a nova Delegada Provincial de Tetee os chefes de departamentos e Reparti\u00e7\u00f5es do IAM,IP sede. Trata-se daJudite Camuia David Pacali confiada para o cargo de Delegada Provincial de Tete,Jo\u00e3o Jo\u00e3oMacuacua nomeado para o cargo de chefe do Departamento de Administra\u00e7\u00e3o e Finan\u00e7as; Telma Mtaia, chefe do Departamento de Recursos Humanos; Jaime Saveca, Chefe do Departamento de Aquisi\u00e7\u00f5es, Paulino Sitoe Chefe do Departamento Central de Fomento; Tomas Marrengula, [&hellip;]<\/p>\n","protected":false},"author":4,"featured_media":590,"comment_status":"closed","ping_status":"closed","sticky":false,"template":"","format":"standard","meta":{"_price":"","_stock":"","_tribe_ticket_header":"","_tribe_default_ticket_provider":"","_tribe_ticket_capacity":"0","_ticket_start_date":"","_ticket_end_date":"","_tribe_ticket_show_description":"","_tribe_ticket_show_not_going":false,"_tribe_ticket_use_global_stock":"","_tribe_ticket_global_stock_level":"","_global_stock_mode":"","_global_stock_cap":"","_tribe_rsvp_for_event":"","_tribe_ticket_going_count":"","_tribe_ticket_not_going_count":"","_tribe_tickets_list":"[]","_tribe_ticket_has_attendee_info_fields":false,"footnotes":""},"categories":[1],"tags":[],"class_list":["post-589","post","type-post","status-publish","format-standard","has-post-thumbnail","hentry","category-noticias"],"_links":{"self":[{"href":"https:\/\/iam.gov.mz\/index.php\/wp-json\/wp\/v2\/posts\/589","targetHints":{"allow":["GET"]}}],"collection":[{"href":"https:\/\/iam.gov.mz\/index.php\/wp-json\/wp\/v2\/posts"}],"about":[{"href":"https:\/\/iam.gov.mz\/index.php\/wp-json\/wp\/v2\/types\/post"}],"author":[{"embeddable":true,"href":"https:\/\/iam.gov.mz\/index.php\/wp-json\/wp\/v2\/users\/4"}],"replies":[{"embeddable":true,"href":"https:\/\/iam.gov.mz\/index.php\/wp-json\/wp\/v2\/comments?post=589"}],"version-history":[{"count":1,"href":"https:\/\/iam.gov.mz\/index.php\/wp-json\/wp\/v2\/posts\/589\/revisions"}],"predecessor-version":[{"id":3749,"href":"https:\/\/iam.gov.mz\/index.php\/wp-json\/wp\/v2\/posts\/589\/revisions\/3749"}],"wp:featuredmedia":[{"embeddable":true,"href":"https:\/\/iam.gov.mz\/index.php\/wp-json\/wp\/v2\/media\/590"}],"wp:attachment":[{"href":"https:\/\/iam.gov.mz\/index.php\/wp-json\/wp\/v2\/media?parent=589"}],"wp:term":[{"taxonomy":"category","embeddable":true,"href":"https:\/\/iam.gov.mz\/index.php\/wp-json\/wp\/v2\/categories?post=589"},{"taxonomy":"post_tag","embeddable":true,"href":"https:\/\/iam.gov.mz\/index.php\/wp-json\/wp\/v2\/tags?post=589"}],"curies":[{"name":"wp","href":"https:\/\/api.w.org\/{rel}","templated":true}]}}