{"id":895,"date":"2022-07-29T12:41:58","date_gmt":"2022-07-29T12:41:58","guid":{"rendered":"http:\/\/iam.gov.mz\/?p=895"},"modified":"2025-10-24T10:48:06","modified_gmt":"2025-10-24T10:48:06","slug":"nampula-acolhe-reuniao-sobre-genero-mulher-e-lideranca-no-sector-do-caju","status":"publish","type":"post","link":"https:\/\/iam.gov.mz\/index.php\/2022\/07\/29\/nampula-acolhe-reuniao-sobre-genero-mulher-e-lideranca-no-sector-do-caju\/","title":{"rendered":"NAMPULA ACOLHE REUNI\u00c3O SOBRE G\u00caNERO, MULHER E LIDERAN\u00c7A NO SECTOR DO CAJU"},"content":{"rendered":"\n<figure class=\"wp-block-image size-large\"><img fetchpriority=\"high\" decoding=\"async\" width=\"1024\" height=\"768\" src=\"http:\/\/iam.gov.mz\/wp-content\/uploads\/2022\/07\/WhatsApp-Image-2022-07-29-at-14.22.45-1024x768.jpeg\" alt=\"\" class=\"wp-image-896\" srcset=\"https:\/\/iam.gov.mz\/wp-content\/uploads\/2022\/07\/WhatsApp-Image-2022-07-29-at-14.22.45-1024x768.jpeg 1024w, https:\/\/iam.gov.mz\/wp-content\/uploads\/2022\/07\/WhatsApp-Image-2022-07-29-at-14.22.45-300x225.jpeg 300w, https:\/\/iam.gov.mz\/wp-content\/uploads\/2022\/07\/WhatsApp-Image-2022-07-29-at-14.22.45-768x576.jpeg 768w, https:\/\/iam.gov.mz\/wp-content\/uploads\/2022\/07\/WhatsApp-Image-2022-07-29-at-14.22.45.jpeg 1040w\" sizes=\"(max-width: 1024px) 100vw, 1024px\" \/><\/figure>\n\n\n\n<p>Decorre desde esta quinta-feira (28) na Cidade de Nampula, a forma\u00e7\u00e3o sobre g\u00eanero, mulher e lideran\u00e7a no sector do caju. O evento est\u00e1 a ser promovido pela Nitidae (ACAMOZ) em coordena\u00e7\u00e3o com o Instituto de Am\u00eandoas de Mo\u00e7ambique (IAM,IP), a qual conta com a participa\u00e7\u00e3o de representantes dos Sindicatos dos trabalhadores (SINTICAF) AICAJU, ACIANA, GIZ, entre outras organiza\u00e7\u00f5es.<\/p>\n\n\n\n<p>Pretende-se com o encontro reflectir em torno da rela\u00e7\u00e3o profissional existente entre homens e mulheres no posto de emprego. E ainda discutir como melhorar a participa\u00e7\u00e3o das mulheres nas Institui\u00e7\u00f5es.<\/p>\n\n\n\n<p>O Delegado Provincial do Instituto de Mo\u00e7ambique de Nampula, J\u00falio Langa que procedeu a abertura do encontro, disse que os h\u00e1bitos e costumes (cultura) existentes na sociedade mo\u00e7ambicana propecia de certa forma a descrimina\u00e7\u00e3o g\u00eanero. Da\u00ed que, entende ser importante que se comece a abordar de forma aberta o tema sobre g\u00eanero nas Institui\u00e7\u00f5es, para que se elimine as diferen\u00e7as sociais que ainda existem.<\/p>\n\n\n\n<p>J\u00falio Langa, destacou ainda ser importante que se elabore um plano de ac\u00e7\u00e3o e, que o mesmo possa ser implementado nas diferentes Institui\u00e7\u00f5es.<\/p>\n\n\n\n<p>J\u00e1 a representante da Nitidae Palmira Gravata defendeu a necessidade da discuss\u00e3o sobre o tema de g\u00eanero sem tabus.<\/p>\n\n\n\n<p>O encontro tem a dura\u00e7\u00e3o de dois (28 e 29) dias<\/p>\n","protected":false},"excerpt":{"rendered":"<p>Decorre desde esta quinta-feira (28) na Cidade de Nampula, a forma\u00e7\u00e3o sobre g\u00eanero, mulher e lideran\u00e7a no sector do caju. O evento est\u00e1 a ser promovido pela Nitidae (ACAMOZ) em coordena\u00e7\u00e3o com o Instituto de Am\u00eandoas de Mo\u00e7ambique (IAM,IP), a qual conta com a participa\u00e7\u00e3o de representantes dos Sindicatos dos trabalhadores (SINTICAF) AICAJU, ACIANA, GIZ, entre outras organiza\u00e7\u00f5es. Pretende-se com o encontro reflectir em torno da rela\u00e7\u00e3o profissional existente entre homens e mulheres no posto de emprego. E ainda discutir como melhorar a participa\u00e7\u00e3o das mulheres nas Institui\u00e7\u00f5es. O Delegado Provincial do Instituto de Mo\u00e7ambique de Nampula, J\u00falio Langa que [&hellip;]<\/p>\n","protected":false},"author":4,"featured_media":896,"comment_status":"closed","ping_status":"closed","sticky":false,"template":"","format":"standard","meta":{"_price":"","_stock":"","_tribe_ticket_header":"","_tribe_default_ticket_provider":"","_tribe_ticket_capacity":"0","_ticket_start_date":"","_ticket_end_date":"","_tribe_ticket_show_description":"","_tribe_ticket_show_not_going":false,"_tribe_ticket_use_global_stock":"","_tribe_ticket_global_stock_level":"","_global_stock_mode":"","_global_stock_cap":"","_tribe_rsvp_for_event":"","_tribe_ticket_going_count":"","_tribe_ticket_not_going_count":"","_tribe_tickets_list":"[]","_tribe_ticket_has_attendee_info_fields":false,"footnotes":""},"categories":[1],"tags":[],"class_list":["post-895","post","type-post","status-publish","format-standard","has-post-thumbnail","hentry","category-noticias"],"_links":{"self":[{"href":"https:\/\/iam.gov.mz\/index.php\/wp-json\/wp\/v2\/posts\/895","targetHints":{"allow":["GET"]}}],"collection":[{"href":"https:\/\/iam.gov.mz\/index.php\/wp-json\/wp\/v2\/posts"}],"about":[{"href":"https:\/\/iam.gov.mz\/index.php\/wp-json\/wp\/v2\/types\/post"}],"author":[{"embeddable":true,"href":"https:\/\/iam.gov.mz\/index.php\/wp-json\/wp\/v2\/users\/4"}],"replies":[{"embeddable":true,"href":"https:\/\/iam.gov.mz\/index.php\/wp-json\/wp\/v2\/comments?post=895"}],"version-history":[{"count":1,"href":"https:\/\/iam.gov.mz\/index.php\/wp-json\/wp\/v2\/posts\/895\/revisions"}],"predecessor-version":[{"id":3743,"href":"https:\/\/iam.gov.mz\/index.php\/wp-json\/wp\/v2\/posts\/895\/revisions\/3743"}],"wp:featuredmedia":[{"embeddable":true,"href":"https:\/\/iam.gov.mz\/index.php\/wp-json\/wp\/v2\/media\/896"}],"wp:attachment":[{"href":"https:\/\/iam.gov.mz\/index.php\/wp-json\/wp\/v2\/media?parent=895"}],"wp:term":[{"taxonomy":"category","embeddable":true,"href":"https:\/\/iam.gov.mz\/index.php\/wp-json\/wp\/v2\/categories?post=895"},{"taxonomy":"post_tag","embeddable":true,"href":"https:\/\/iam.gov.mz\/index.php\/wp-json\/wp\/v2\/tags?post=895"}],"curies":[{"name":"wp","href":"https:\/\/api.w.org\/{rel}","templated":true}]}}